{"id":1071,"date":"2021-09-16T09:44:02","date_gmt":"2021-09-16T07:44:02","guid":{"rendered":"https:\/\/www.florianschwinn.de\/wordpress\/?p=1071"},"modified":"2021-09-16T15:08:05","modified_gmt":"2021-09-16T13:08:05","slug":"antibiotika-im-stall","status":"publish","type":"post","link":"https:\/\/www.florianschwinn.de\/wordpress\/antibiotika-im-stall\/","title":{"rendered":"Antibiotika im Stall"},"content":{"rendered":"\n<p><em>Anfang n\u00e4chsten Jahres soll der Einsatz von Antibiotika in der Tierhaltung eingeschr\u00e4nkt werden. Die EU-Kommission hat dazu ein Gesetz vorgelegt, das so viele Ausnahmen vorsieht, dass die zur Regel werden d\u00fcrften. Dann ginge alles weiter wie bisher und auch Antibiotika, die eigentlich f\u00fcr die Behandlung von Menschen reserviert werden sollen, w\u00fcrden weiter in den St\u00e4llen verwendet. Die schon jetzt j\u00e4hrlich allein in Europa 33.000 Tote fordernden multiresistenten Keime w\u00fcrden sich weiter vermehren.<\/em><\/p>\n\n\n\n<p>Der Umwelt- und Gesundheitsausschuss des EU-Parlaments hatte dagegen Einspruch eingelegt und \u00c4nderungen vorgeschlagen. Demnach sollten vier Wirkstoffgruppen tats\u00e4chlich nur den Menschen vorbehalten werden und nur in Ausnahmef\u00e4llen noch Tieren verabreicht werden d\u00fcrfen. Das dann aber nur in Einzelbehandlung und nicht \u2013 wie in der industriellen Stallhaltung \u00fcblich \u2013 ganzen Gruppen und damit auch tausenden gesunden Tieren. Dagegen lief wiederum der deutsche Bundesverband der praktizierenden Tier\u00e4rzte Sturm \u2013 mit einer Petition, die Falsches behauptete und dennoch erfolgreich war.<\/p>\n\n\n\n<figure class=\"wp-block-image size-large\"><img loading=\"lazy\" decoding=\"async\" width=\"1024\" height=\"681\" src=\"https:\/\/www.florianschwinn.de\/wordpress\/wp-content\/uploads\/2021\/09\/Putenmast-Capri23auto-1024x681.jpg\" alt=\"\" class=\"wp-image-1072\" srcset=\"https:\/\/www.florianschwinn.de\/wordpress\/wp-content\/uploads\/2021\/09\/Putenmast-Capri23auto-1024x681.jpg 1024w, https:\/\/www.florianschwinn.de\/wordpress\/wp-content\/uploads\/2021\/09\/Putenmast-Capri23auto-300x199.jpg 300w, https:\/\/www.florianschwinn.de\/wordpress\/wp-content\/uploads\/2021\/09\/Putenmast-Capri23auto-768x510.jpg 768w, https:\/\/www.florianschwinn.de\/wordpress\/wp-content\/uploads\/2021\/09\/Putenmast-Capri23auto-1536x1021.jpg 1536w, https:\/\/www.florianschwinn.de\/wordpress\/wp-content\/uploads\/2021\/09\/Putenmast-Capri23auto.jpg 1920w\" sizes=\"auto, (max-width: 1024px) 100vw, 1024px\" \/><figcaption>Bei aktuellen Testk\u00e4ufen wurden auf jeder dritten Probe von Putrenfleisch von Lidl und jeder vierten von Aldi antibiotikaresistente Keime gefunden. Jede vierte Lidl-Probe beherbergte zudem die gef\u00fcrchteten multiresistenten Keime, an denen j\u00e4hrlich 33.000 Europ\u00e4er sterben. | Foto: Pixabay<\/figcaption><\/figure>\n\n\n\n<p><strong>Tier\u00e4rzte gegen Humanmedizin<\/strong><\/p>\n\n\n\n<p>Die Bundes\u00e4rztekammer hat vergeblich an die Europaabgeordneten appelliert, die Reserveantibiotika tats\u00e4chlich der Behandlung von Menschen vorzubehalten und der Ausbreitung multiresistenter Keime Einhalt zu gebieten. Die Tier\u00e4rzte haben sich gegen die Humanmediziner durchgesetzt. Am Ende lag das an der konservativen Fraktion der EVP, in der die deutsche CDU\/CSU die Meinungsf\u00fchrerschaft hat. Es ist Wahlkampf in Deutschland und da wollte man sich wohl nicht gegen eine Petition stellen, die den Tod der Schmusetiere prophezeit. Egal wie falsch diese Behauptung auch ist.<\/p>\n\n\n\n<p>Eigentlich h\u00e4tte der Bundesverband praktizierender Tier\u00e4rzte bpt \u201eWeiter so!\u201c \u00fcber seine Petition schreiben sollen, denn genau darum geht es: dass alles so bleibt, wie es ist, trotz des Inkrafttretens der neuen Tierarzneimittelverordnung Ende Januar 2022. \u00dcber der Petition der Tier\u00e4rzte steht aber \u201eGefahr f\u00fcr unsere Tiere\u201c. Auf dem zugeh\u00f6rigen Plakat oder Meme schaut uns treuherzig ein Hund an und sagt: \u201eMein Leben ist in Gefahr!\u201c. Damit haben sich fast 400.000 Menschen zum Unterschreiben verleiten lassen, obwohl der Erfolg der Petition genau dazu f\u00fchren wird, dass ihre Hunde, Katzen, Kaninchen oder Meerschweinchen mit den sogenannten Reserveantibiotika nicht mehr behandelt werden k\u00f6nnen. Individuelle Einzelbehandlungen von Tieren sind n\u00e4mlich in dem von der EU-Kommission vorgelegten \u201edelegierten Rechtsakt\u201c gar nicht vorgesehen. W\u00e4re das Veto des Umwelt- und Gesundheitsausschusses durchgegangen, w\u00fcrde jetzt genau diese Einzelbehandlung im Gesetz erm\u00f6glicht, sowohl bei Nutztieren, als auch bei Heimtieren.<\/p>\n\n\n\n<figure class=\"wp-block-image size-full\"><img loading=\"lazy\" decoding=\"async\" width=\"884\" height=\"880\" src=\"https:\/\/www.florianschwinn.de\/wordpress\/wp-content\/uploads\/2021\/09\/Antibiotika-bptKampagne2.jpg\" alt=\"\" class=\"wp-image-1074\" srcset=\"https:\/\/www.florianschwinn.de\/wordpress\/wp-content\/uploads\/2021\/09\/Antibiotika-bptKampagne2.jpg 884w, https:\/\/www.florianschwinn.de\/wordpress\/wp-content\/uploads\/2021\/09\/Antibiotika-bptKampagne2-300x300.jpg 300w, https:\/\/www.florianschwinn.de\/wordpress\/wp-content\/uploads\/2021\/09\/Antibiotika-bptKampagne2-150x150.jpg 150w, https:\/\/www.florianschwinn.de\/wordpress\/wp-content\/uploads\/2021\/09\/Antibiotika-bptKampagne2-768x765.jpg 768w\" sizes=\"auto, (max-width: 884px) 100vw, 884px\" \/><figcaption>Mit falschen Behauptungen zum Erfolg: Werbung f\u00fcr die Petition des Bundesverbandes praktizierender Tier\u00e4rzte. Tats\u00e4chlich werden die Antibiotika in der Tiermast gebraucht. | Bild: bpt<\/figcaption><\/figure>\n\n\n\n<p>Ich habe den Bundesverband praktizierender Tier\u00e4rzte gefragt, weshalb er die Petition gestartet hat und was ihr Ziel ist. bpt-Pr\u00e4sident Dr. Siegfried Moder sagte: \u201eWir bitten lediglich darum, das umzusetzen, was die Kommission vorgelegt hat, damit wir weiterhin in eingeschr\u00e4nktem Ma\u00dfe auch mit Reserveantibiotika behandeln k\u00f6nnen, wo es notwendig ist. Um bestimmte Tiere zu behandeln, brauchen wir Tier\u00e4rzte Pr\u00e4parate aus vier Wirkstoffklassen, die nach dem Willen des Abgeordneten H\u00e4usling ausschlie\u00dflich der Humanmedizin vorbehalten sein sollen.\u201c Er spricht von Kaninchen und Reptilien, aber auch von Katzen und Pferden. Dass genau die Einzelbehandlung solcher Heimtiere und auch einzelner Nutztiere mit dem \u00c4nderungsvorschlag des Umweltausschusses \u00fcberhaupt erst ins Gesetz geschrieben werden sollte, das bezeichnet Siegfried Moder als Wunschdenken: \u201eWenn das so kommen w\u00fcrde, w\u00e4re alles gut. Ich halte es aber f\u00fcr \u00e4u\u00dferst unwahrscheinlich, dass diese Verordnung in der verbleibenden Zeit entsprechend ge\u00e4ndert wird. Wenn das nicht geschieht, verlieren diese Pr\u00e4parate Ende Januar ihre Zulassung.\u201c Interessantes Verst\u00e4ndnis von Demokratie. Wenn das Parlament dem Einspruch des Umweltausschusses gefolgt w\u00e4re, h\u00e4tte die Kommission das Gesetz \u00e4ndern m\u00fcssen. Auf die erneute Nachfrage, warum die Petition den Heimtierbesitzern und Kleintierpraxen Falsches vorspiegelt, erkl\u00e4rt mir der Tier\u00e4rztepr\u00e4sident, dass wir beide wohl gerade aneinander vorbeireden.<\/p>\n\n\n\n<p>Nun gut, dann rede ich mit Martin H\u00e4usling weiter. Der Biobauer aus Nordhessen ist gr\u00fcner Abgeordneter und Berichterstatter des Umweltausschusses im Europaparlament. Er hat den Einspruch f\u00fcr den Ausschuss formuliert. Und er fragt sich gerade, wie die Tierarztlobby darauf kommt, dass eine rasche Gesetzes\u00e4nderung Wunschdenken sei: \u201eWir haben in der Pandemie bewiesen, dass wir Gesetze innerhalb von Tagen \u00e4ndern k\u00f6nnen, warum sollte das jetzt auf einmal Monate dauern?\u201c<\/p>\n\n\n\n<p><strong>Genauer hinschauen<\/strong><\/p>\n\n\n\n<p>Der Sachverhalt ist kompliziert, lohnt aber den genaueren Blick, denn nur durch ihn kl\u00e4rt sich, worum es wirklich geht.<\/p>\n\n\n\n<p>Bereits 2019 hatte das EU-Parlament beschlossen, dass die f\u00fcr Menschen \u00fcberlebenswichtigen Reserveantibiotika aus der Tierhaltung verschwinden sollen. Am 28. Januar n\u00e4chsten Jahres soll die Tierarzneimittelverordnung <a href=\"https:\/\/eur-lex.europa.eu\/legal-content\/DE\/TXT\/PDF\/?uri=CELEX:32019R0006&amp;from=DE\" target=\"_blank\" rel=\"noreferrer noopener\">(EU Verordnung 2019\/6) <\/a>nun in Kraft treten. Was dazu noch fehlt, sind die Regeln f\u00fcr die Durchf\u00fchrung des Gesetzes. Diese \u201eKriterien f\u00fcr die Einstufung antimikrobieller Mittel, die f\u00fcr die Behandlung bestimmter Infektionen beim Menschen vorbehalten sind\u201c hat die EU-Kommission im Juli vorgeschlagen. Viele im EU-Parlament d\u00fcrften sich beim Lesen dieses Entwurfs allerdings verwundert die Augen gerieben haben, denn die Formulierungen und Ausnahmeregeln deuten darauf hin, dass sich an der bisherigen Praxis nichts \u00e4ndern soll.<\/p>\n\n\n\n<p>Entsprechend reagierte die deutsche Bundes\u00e4rztekammer in einem Brief an die Abgeordneten des Europaparlaments mit der Forderung, die Kriterien zu \u00fcberarbeiten: \u201eIn der bisherigen Form f\u00fchren sie faktisch dazu, dass der wirtschaftliche Nutzen der betreffenden Antibiotika f\u00fcr die Tierhaltung \u00fcber die Frage des Schutzes der menschlichen Gesundheit entscheiden kann. Selbst wenn die hohe Bedeutung eines Antibiotikums f\u00fcr die menschliche Gesundheit bereits festgestellt ist und eine signifikante \u00dcbertragung der Resistenz vom Tier auf den Menschen als erwiesen angesehen werden kann, ist damit nicht zwangsl\u00e4ufig eine tats\u00e4chliche R\u00fcckstellung gew\u00e4hrleistet.\u201c Nebenbei kritisieren die \u00c4rzte auch, dass keine pr\u00e4ventiven Ma\u00dfnahmen ergriffen werden, um den Infektionsdruck in den Massenst\u00e4llen zu vermindern und so den Einsatz von Antibiotika zu verringern. Sprich: Weniger Tiere im Stall!<\/p>\n\n\n\n<p>Die Humanmediziner unterst\u00fctzen die \u00c4nderungsvorschl\u00e4ge, die der Ausschuss f\u00fcr Umweltfragen, \u00f6ffentliche Gesundheit und Lebensmittelsicherheit ins Plenum des Europaparlaments eingebracht hat. Die wichtigsten \u00c4nderungen: Die nach einem <a href=\"https:\/\/apps.who.int\/iris\/rest\/bitstreams\/1217095\/retrieve\" target=\"_blank\" rel=\"noreferrer noopener\">Katalog der Weltgesundheitsorganisation<\/a> WHO f\u00fcr die Behandlung von Menschen zu reservierenden Antibiotikagruppen sollen in den St\u00e4llen tats\u00e4chlich nicht mehr zur Behandlung von ganzen Gruppen von Tieren eingesetzt werden. Daf\u00fcr d\u00fcrfen sie aber weiterhin bei individueller Behandlung einzelner Tiere verwendet werden, sowohl in der Landwirtschaft als auch bei Heimtieren. \u201eNat\u00fcrlich soll das Kaninchen auch weiter mit Reserveantibiotika behandelt werden k\u00f6nnen\u201c, sagt Martin H\u00e4usling, \u201ein Kleintierpraxen werden keine multiresistenten Keime gez\u00fcchtet.\u201c<\/p>\n\n\n\n<div class=\"wp-block-image\"><figure class=\"alignleft size-large is-resized\"><img loading=\"lazy\" decoding=\"async\" src=\"https:\/\/www.florianschwinn.de\/wordpress\/wp-content\/uploads\/2021\/08\/MartinHaeusling-952x1024.jpg\" alt=\"\" class=\"wp-image-794\" width=\"327\" height=\"351\"\/><figcaption>Gescheitert! Der gr\u00fcne Europaabgeordnete Martin H\u00e4usling hatte den Umweltausschuss hinter sich, nicht aber die Konservativen im Parlament. Das Ergebnis: F\u00fcr Menschen vorgesehene Reserveantibiotika werden weiter in den Massenst\u00e4llen der konventionellen Landwirtschaft eingesetzt. | Foto: H\u00e4usling<\/figcaption><\/figure><\/div>\n\n\n\n<p><strong>Tonnen von Antibiotika<\/strong><\/p>\n\n\n\n<p>Die \u00fcbliche Praxis ist bisher: Wenn in einem H\u00e4hnchenstall mit 30.000 Tieren drei\u00dfig krank werden, bekommen alle Tiere \u00fcber das Futter oder \u00fcber das Trinkwasser ein Antibiotikum. Das wird dann auch gerne mal nach wenigen Tagen abgesetzt und durch ein neues ersetzt, das dann wieder nur ein paar Tage gegeben wird. So werden Resistenzen geradezu gez\u00fcchtet, weil immer noch ein paar Keime \u00fcbrigbleiben, die sich nach und nach an die Medikamente anpassen k\u00f6nnen. Der vielleicht sogar erw\u00fcnschte Nebeneffekt: Antibiotika wirken bei gesunden Tieren wachstumsf\u00f6rdernd. Sie sind in der Tiermast eigentlich verboten, und dennoch waren bei Proben der Beh\u00f6rden zum Beispiel in Niedersachsen weit \u00fcber neunzig Prozent aller H\u00e4hnchen in der konventionellen Mast in ihrem kurzen Leben von f\u00fcnf Wochen teilweise mehrfach mit Antibiotika behandelt worden.<\/p>\n\n\n\n<p>Die Deutsche Umwelthilfe hat, passend zur aktuellen Diskussion, Testk\u00e4ufe von Putenfleisch bei Aldi und Lidl vom Institut f\u00fcr Pharmazie und Pharmazeutische Mikrobiologie der Universit\u00e4t Greifswald untersuchen lassen. Mit dem Ergebnis, dass jede dritte Probe von Lidl und jede vierte von Aldi mit antibiotikaresistenten Keimen belastet war. Jede Vierte der bei Lidl gekauften Proben war zudem mit den gef\u00fcrchteten multiresistenten Keimen belastet, gegen die auch Reserveantibiotika nicht mehr helfen. Wer also tats\u00e4chlich Putenfleisch aus konventioneller Haltung beim Discounter einkauft, sollte in der K\u00fcche eher Schutzkleidung tragen. Was die Testk\u00e4ufe nebenbei auch zeigen: Auch in der von den Lebensmittelketten festgelegten Haltungsstufe 2 sind die Tiere krank und m\u00fcssen mit Antibiotika behandelt werden. Die Haltungsstufe 2 ist die mit etwas mehr Platz im Stall und deshalb versehen mit dem Tierwohl-Label. Womit auch gekl\u00e4rt w\u00e4re, was dieses Label taugt.<\/p>\n\n\n\n<p>Vor allem in der H\u00e4hnchenmast, bei der Putenhaltung und in der konventionellen Schweinemast werden tonnenweise Antibiotika eingesetzt. Das Bundesamt f\u00fcr Verbraucherschutz und Lebensmittelsicherheit stellt fest, dass 2019 in der Tiermedizin allein in Deutschland 670 Tonnen Antibiotika eingesetzt wurden. Nur zw\u00f6lf Prozent davon gingen in die Einzelbehandlung, und nur ein Prozent der Antibiotika wurde tats\u00e4chlich in Kleintierpraxen den Heimtieren verabreicht; der riesige Rest landete als Zugabe zu Futter und Wasser in den Massenst\u00e4llen.<\/p>\n\n\n\n<p>Mit dieser Praxis sollte der Einspruch des Umweltausschusses jetzt Schluss machen, zumindest f\u00fcr die von der WHO angegebenen Wirkstoffgruppen, die f\u00fcr Menschen reserviert werden sollen. Die Behandlung einzelner Tiere auch mit den Reserveantibiotika sollte aber weiterhin ausdr\u00fccklich m\u00f6glich sein. Damit wollte der Umweltausschuss einen gesetzgeberischen Fehler reparieren, der dem Parlament und der Kommission bei der Neufassung der Tierarzneimittelverordnung 2019 unterlaufen war. Da ist n\u00e4mlich schlicht gar keine Einzelbehandlung als Ausnahme vorgesehen. Daf\u00fcr hat die Kommission dann in ihren Durchf\u00fchrungsentwurf jede Menge Ausnahmen f\u00fcr die Massenst\u00e4lle hineingeschrieben. \u201eDas ist das Ergebnis der erfolgreichen Lobbyarbeit der Agrarlobby, der Pharmaindustrie und der Tierarztverb\u00e4nde\u201c, sagt Martin H\u00e4usling. Dass die Kleintierpraxen dann keine Reserveantibiotika mehr verwenden d\u00fcrfen, haben die irregef\u00fchrten Heimtierhalter mit zu verantworten.<\/p>\n\n\n\n<hr class=\"wp-block-separator\"\/>\n\n\n\n<p>Hintergrundpapier der Deutschen Umwelthilfe zu den Testk\u00e4ufen von antibiotikabelastetem Putenfleisch: <a href=\"https:\/\/www.duh.de\/fileadmin\/user_upload\/download\/Pressemitteilungen\/Naturschutz\/Landwirtschaft\/Hintergrundpapier_Putenfleischproben_final_01.pdf\">https:\/\/www.duh.de\/fileadmin\/user_upload\/download\/Pressemitteilungen\/Naturschutz\/Landwirtschaft\/Hintergrundpapier_Putenfleischproben_final_01.pdf<\/a><\/p>\n","protected":false},"excerpt":{"rendered":"<p>Anfang n\u00e4chsten Jahres soll der Einsatz von Antibiotika in der Tierhaltung eingeschr\u00e4nkt werden. Die EU-Kommission hat dazu ein Gesetz vorgelegt, das so viele Ausnahmen vorsieht, dass die zur Regel werden d\u00fcrften. Dann ginge alles weiter wie bisher und auch Antibiotika, die eigentlich f\u00fcr die Behandlung von Menschen reserviert werden sollen, w\u00fcrden weiter in den St\u00e4llen &#8230; <a title=\"Antibiotika im Stall\" class=\"read-more\" href=\"https:\/\/www.florianschwinn.de\/wordpress\/antibiotika-im-stall\/\" aria-label=\"Mehr zu Antibiotika im Stall\">Weiterlesen &#8230;<\/a><\/p>\n","protected":false},"author":1,"featured_media":0,"comment_status":"closed","ping_status":"closed","sticky":false,"template":"","format":"standard","meta":{"footnotes":""},"categories":[8,49,6,58,38,3,2],"tags":[84,85],"class_list":["post-1071","post","type-post","status-publish","format-standard","hentry","category-agrarpolitik","category-ernaehrung","category-europa","category-gefluegel","category-gesundheit","category-landwirtschaft","category-tierhaltung","tag-antibiotika","tag-multiresistente-keime","infinite-scroll-item"],"yoast_head":"<!-- This site is optimized with the Yoast SEO plugin v27.5 - https:\/\/yoast.com\/product\/yoast-seo-wordpress\/ -->\n<title>Antibiotika im Stall - F\u00fchrerschein f\u00fcr Einkaufswagen<\/title>\n<meta name=\"robots\" content=\"index, follow, max-snippet:-1, max-image-preview:large, max-video-preview:-1\" \/>\n<link rel=\"canonical\" href=\"https:\/\/www.florianschwinn.de\/wordpress\/antibiotika-im-stall\/\" \/>\n<meta property=\"og:locale\" content=\"de_DE\" \/>\n<meta property=\"og:type\" content=\"article\" \/>\n<meta property=\"og:title\" content=\"Antibiotika im Stall - F\u00fchrerschein f\u00fcr Einkaufswagen\" \/>\n<meta property=\"og:description\" content=\"Anfang n\u00e4chsten Jahres soll der Einsatz von Antibiotika in der Tierhaltung eingeschr\u00e4nkt werden. Die EU-Kommission hat dazu ein Gesetz vorgelegt, das so viele Ausnahmen vorsieht, dass die zur Regel werden d\u00fcrften. Dann ginge alles weiter wie bisher und auch Antibiotika, die eigentlich f\u00fcr die Behandlung von Menschen reserviert werden sollen, w\u00fcrden weiter in den St\u00e4llen ... Weiterlesen ...\" \/>\n<meta property=\"og:url\" content=\"https:\/\/www.florianschwinn.de\/wordpress\/antibiotika-im-stall\/\" \/>\n<meta property=\"og:site_name\" content=\"F\u00fchrerschein f\u00fcr Einkaufswagen\" \/>\n<meta property=\"article:published_time\" content=\"2021-09-16T07:44:02+00:00\" \/>\n<meta property=\"article:modified_time\" content=\"2021-09-16T13:08:05+00:00\" \/>\n<meta property=\"og:image\" content=\"https:\/\/www.florianschwinn.de\/wordpress\/wp-content\/uploads\/2021\/09\/Putenmast-Capri23auto-1024x681.jpg\" \/>\n<meta name=\"author\" content=\"Florian Schwinn\" \/>\n<meta name=\"twitter:card\" content=\"summary_large_image\" \/>\n<meta name=\"twitter:creator\" content=\"@Journaille\" \/>\n<meta name=\"twitter:site\" content=\"@Journaille\" \/>\n<meta name=\"twitter:label1\" content=\"Verfasst von\" \/>\n\t<meta name=\"twitter:data1\" content=\"Florian Schwinn\" \/>\n\t<meta name=\"twitter:label2\" content=\"Gesch\u00e4tzte Lesezeit\" \/>\n\t<meta name=\"twitter:data2\" content=\"8\u00a0Minuten\" \/>\n<script type=\"application\/ld+json\" class=\"yoast-schema-graph\">{\"@context\":\"https:\\\/\\\/schema.org\",\"@graph\":[{\"@type\":\"Article\",\"@id\":\"https:\\\/\\\/www.florianschwinn.de\\\/wordpress\\\/antibiotika-im-stall\\\/#article\",\"isPartOf\":{\"@id\":\"https:\\\/\\\/www.florianschwinn.de\\\/wordpress\\\/antibiotika-im-stall\\\/\"},\"author\":{\"name\":\"Florian Schwinn\",\"@id\":\"https:\\\/\\\/www.florianschwinn.de\\\/wordpress\\\/#\\\/schema\\\/person\\\/79b5d182d53386a59defbc7c19766aae\"},\"headline\":\"Antibiotika im Stall\",\"datePublished\":\"2021-09-16T07:44:02+00:00\",\"dateModified\":\"2021-09-16T13:08:05+00:00\",\"mainEntityOfPage\":{\"@id\":\"https:\\\/\\\/www.florianschwinn.de\\\/wordpress\\\/antibiotika-im-stall\\\/\"},\"wordCount\":1663,\"publisher\":{\"@id\":\"https:\\\/\\\/www.florianschwinn.de\\\/wordpress\\\/#organization\"},\"image\":{\"@id\":\"https:\\\/\\\/www.florianschwinn.de\\\/wordpress\\\/antibiotika-im-stall\\\/#primaryimage\"},\"thumbnailUrl\":\"https:\\\/\\\/www.florianschwinn.de\\\/wordpress\\\/wp-content\\\/uploads\\\/2021\\\/09\\\/Putenmast-Capri23auto-1024x681.jpg\",\"keywords\":[\"Antibiotika\",\"Multiresistente Keime\"],\"articleSection\":[\"Agrarpolitik\",\"Ern\u00e4hrung\",\"Europa\",\"Gefl\u00fcgel\",\"Gesundheit\",\"Landwirtschaft\",\"Tierhaltung\"],\"inLanguage\":\"de\"},{\"@type\":\"WebPage\",\"@id\":\"https:\\\/\\\/www.florianschwinn.de\\\/wordpress\\\/antibiotika-im-stall\\\/\",\"url\":\"https:\\\/\\\/www.florianschwinn.de\\\/wordpress\\\/antibiotika-im-stall\\\/\",\"name\":\"Antibiotika im Stall - F\u00fchrerschein f\u00fcr Einkaufswagen\",\"isPartOf\":{\"@id\":\"https:\\\/\\\/www.florianschwinn.de\\\/wordpress\\\/#website\"},\"primaryImageOfPage\":{\"@id\":\"https:\\\/\\\/www.florianschwinn.de\\\/wordpress\\\/antibiotika-im-stall\\\/#primaryimage\"},\"image\":{\"@id\":\"https:\\\/\\\/www.florianschwinn.de\\\/wordpress\\\/antibiotika-im-stall\\\/#primaryimage\"},\"thumbnailUrl\":\"https:\\\/\\\/www.florianschwinn.de\\\/wordpress\\\/wp-content\\\/uploads\\\/2021\\\/09\\\/Putenmast-Capri23auto-1024x681.jpg\",\"datePublished\":\"2021-09-16T07:44:02+00:00\",\"dateModified\":\"2021-09-16T13:08:05+00:00\",\"breadcrumb\":{\"@id\":\"https:\\\/\\\/www.florianschwinn.de\\\/wordpress\\\/antibiotika-im-stall\\\/#breadcrumb\"},\"inLanguage\":\"de\",\"potentialAction\":[{\"@type\":\"ReadAction\",\"target\":[\"https:\\\/\\\/www.florianschwinn.de\\\/wordpress\\\/antibiotika-im-stall\\\/\"]}]},{\"@type\":\"ImageObject\",\"inLanguage\":\"de\",\"@id\":\"https:\\\/\\\/www.florianschwinn.de\\\/wordpress\\\/antibiotika-im-stall\\\/#primaryimage\",\"url\":\"https:\\\/\\\/www.florianschwinn.de\\\/wordpress\\\/wp-content\\\/uploads\\\/2021\\\/09\\\/Putenmast-Capri23auto.jpg\",\"contentUrl\":\"https:\\\/\\\/www.florianschwinn.de\\\/wordpress\\\/wp-content\\\/uploads\\\/2021\\\/09\\\/Putenmast-Capri23auto.jpg\",\"width\":1920,\"height\":1276},{\"@type\":\"BreadcrumbList\",\"@id\":\"https:\\\/\\\/www.florianschwinn.de\\\/wordpress\\\/antibiotika-im-stall\\\/#breadcrumb\",\"itemListElement\":[{\"@type\":\"ListItem\",\"position\":1,\"name\":\"Startseite\",\"item\":\"https:\\\/\\\/www.florianschwinn.de\\\/wordpress\\\/\"},{\"@type\":\"ListItem\",\"position\":2,\"name\":\"Antibiotika im Stall\"}]},{\"@type\":\"WebSite\",\"@id\":\"https:\\\/\\\/www.florianschwinn.de\\\/wordpress\\\/#website\",\"url\":\"https:\\\/\\\/www.florianschwinn.de\\\/wordpress\\\/\",\"name\":\"F\u00fchrerschein f\u00fcr Einkaufswagen\",\"description\":\"Hintergrundwissen f\u00fcr bewussten Konsum\",\"publisher\":{\"@id\":\"https:\\\/\\\/www.florianschwinn.de\\\/wordpress\\\/#organization\"},\"potentialAction\":[{\"@type\":\"SearchAction\",\"target\":{\"@type\":\"EntryPoint\",\"urlTemplate\":\"https:\\\/\\\/www.florianschwinn.de\\\/wordpress\\\/?s={search_term_string}\"},\"query-input\":{\"@type\":\"PropertyValueSpecification\",\"valueRequired\":true,\"valueName\":\"search_term_string\"}}],\"inLanguage\":\"de\"},{\"@type\":\"Organization\",\"@id\":\"https:\\\/\\\/www.florianschwinn.de\\\/wordpress\\\/#organization\",\"name\":\"F\u00fchrerschein f\u00fcr Einkaufswagen\",\"url\":\"https:\\\/\\\/www.florianschwinn.de\\\/wordpress\\\/\",\"logo\":{\"@type\":\"ImageObject\",\"inLanguage\":\"de\",\"@id\":\"https:\\\/\\\/www.florianschwinn.de\\\/wordpress\\\/#\\\/schema\\\/logo\\\/image\\\/\",\"url\":\"https:\\\/\\\/www.florianschwinn.de\\\/wordpress\\\/wp-content\\\/uploads\\\/2021\\\/08\\\/PodcastCover-scaled.jpg\",\"contentUrl\":\"https:\\\/\\\/www.florianschwinn.de\\\/wordpress\\\/wp-content\\\/uploads\\\/2021\\\/08\\\/PodcastCover-scaled.jpg\",\"width\":2560,\"height\":2560,\"caption\":\"F\u00fchrerschein f\u00fcr Einkaufswagen\"},\"image\":{\"@id\":\"https:\\\/\\\/www.florianschwinn.de\\\/wordpress\\\/#\\\/schema\\\/logo\\\/image\\\/\"},\"sameAs\":[\"https:\\\/\\\/x.com\\\/Journaille\"]},{\"@type\":\"Person\",\"@id\":\"https:\\\/\\\/www.florianschwinn.de\\\/wordpress\\\/#\\\/schema\\\/person\\\/79b5d182d53386a59defbc7c19766aae\",\"name\":\"Florian Schwinn\",\"image\":{\"@type\":\"ImageObject\",\"inLanguage\":\"de\",\"@id\":\"https:\\\/\\\/secure.gravatar.com\\\/avatar\\\/015c7bb04f4a6b87161c1c34a5fa9dee51f9903ee033683f3fce49e1db8df547?s=96&d=mm&r=g\",\"url\":\"https:\\\/\\\/secure.gravatar.com\\\/avatar\\\/015c7bb04f4a6b87161c1c34a5fa9dee51f9903ee033683f3fce49e1db8df547?s=96&d=mm&r=g\",\"contentUrl\":\"https:\\\/\\\/secure.gravatar.com\\\/avatar\\\/015c7bb04f4a6b87161c1c34a5fa9dee51f9903ee033683f3fce49e1db8df547?s=96&d=mm&r=g\",\"caption\":\"Florian Schwinn\"},\"sameAs\":[\"https:\\\/\\\/www.florianschwinn.de\\\/wordpress\"],\"url\":\"https:\\\/\\\/www.florianschwinn.de\\\/wordpress\\\/author\\\/florianschwinn_wpkolum\\\/\"}]}<\/script>\n<!-- \/ Yoast SEO plugin. -->","yoast_head_json":{"title":"Antibiotika im Stall - F\u00fchrerschein f\u00fcr Einkaufswagen","robots":{"index":"index","follow":"follow","max-snippet":"max-snippet:-1","max-image-preview":"max-image-preview:large","max-video-preview":"max-video-preview:-1"},"canonical":"https:\/\/www.florianschwinn.de\/wordpress\/antibiotika-im-stall\/","og_locale":"de_DE","og_type":"article","og_title":"Antibiotika im Stall - F\u00fchrerschein f\u00fcr Einkaufswagen","og_description":"Anfang n\u00e4chsten Jahres soll der Einsatz von Antibiotika in der Tierhaltung eingeschr\u00e4nkt werden. Die EU-Kommission hat dazu ein Gesetz vorgelegt, das so viele Ausnahmen vorsieht, dass die zur Regel werden d\u00fcrften. Dann ginge alles weiter wie bisher und auch Antibiotika, die eigentlich f\u00fcr die Behandlung von Menschen reserviert werden sollen, w\u00fcrden weiter in den St\u00e4llen ... Weiterlesen ...","og_url":"https:\/\/www.florianschwinn.de\/wordpress\/antibiotika-im-stall\/","og_site_name":"F\u00fchrerschein f\u00fcr Einkaufswagen","article_published_time":"2021-09-16T07:44:02+00:00","article_modified_time":"2021-09-16T13:08:05+00:00","og_image":[{"url":"https:\/\/www.florianschwinn.de\/wordpress\/wp-content\/uploads\/2021\/09\/Putenmast-Capri23auto-1024x681.jpg","type":"","width":"","height":""}],"author":"Florian Schwinn","twitter_card":"summary_large_image","twitter_creator":"@Journaille","twitter_site":"@Journaille","twitter_misc":{"Verfasst von":"Florian Schwinn","Gesch\u00e4tzte Lesezeit":"8\u00a0Minuten"},"schema":{"@context":"https:\/\/schema.org","@graph":[{"@type":"Article","@id":"https:\/\/www.florianschwinn.de\/wordpress\/antibiotika-im-stall\/#article","isPartOf":{"@id":"https:\/\/www.florianschwinn.de\/wordpress\/antibiotika-im-stall\/"},"author":{"name":"Florian Schwinn","@id":"https:\/\/www.florianschwinn.de\/wordpress\/#\/schema\/person\/79b5d182d53386a59defbc7c19766aae"},"headline":"Antibiotika im Stall","datePublished":"2021-09-16T07:44:02+00:00","dateModified":"2021-09-16T13:08:05+00:00","mainEntityOfPage":{"@id":"https:\/\/www.florianschwinn.de\/wordpress\/antibiotika-im-stall\/"},"wordCount":1663,"publisher":{"@id":"https:\/\/www.florianschwinn.de\/wordpress\/#organization"},"image":{"@id":"https:\/\/www.florianschwinn.de\/wordpress\/antibiotika-im-stall\/#primaryimage"},"thumbnailUrl":"https:\/\/www.florianschwinn.de\/wordpress\/wp-content\/uploads\/2021\/09\/Putenmast-Capri23auto-1024x681.jpg","keywords":["Antibiotika","Multiresistente Keime"],"articleSection":["Agrarpolitik","Ern\u00e4hrung","Europa","Gefl\u00fcgel","Gesundheit","Landwirtschaft","Tierhaltung"],"inLanguage":"de"},{"@type":"WebPage","@id":"https:\/\/www.florianschwinn.de\/wordpress\/antibiotika-im-stall\/","url":"https:\/\/www.florianschwinn.de\/wordpress\/antibiotika-im-stall\/","name":"Antibiotika im Stall - F\u00fchrerschein f\u00fcr Einkaufswagen","isPartOf":{"@id":"https:\/\/www.florianschwinn.de\/wordpress\/#website"},"primaryImageOfPage":{"@id":"https:\/\/www.florianschwinn.de\/wordpress\/antibiotika-im-stall\/#primaryimage"},"image":{"@id":"https:\/\/www.florianschwinn.de\/wordpress\/antibiotika-im-stall\/#primaryimage"},"thumbnailUrl":"https:\/\/www.florianschwinn.de\/wordpress\/wp-content\/uploads\/2021\/09\/Putenmast-Capri23auto-1024x681.jpg","datePublished":"2021-09-16T07:44:02+00:00","dateModified":"2021-09-16T13:08:05+00:00","breadcrumb":{"@id":"https:\/\/www.florianschwinn.de\/wordpress\/antibiotika-im-stall\/#breadcrumb"},"inLanguage":"de","potentialAction":[{"@type":"ReadAction","target":["https:\/\/www.florianschwinn.de\/wordpress\/antibiotika-im-stall\/"]}]},{"@type":"ImageObject","inLanguage":"de","@id":"https:\/\/www.florianschwinn.de\/wordpress\/antibiotika-im-stall\/#primaryimage","url":"https:\/\/www.florianschwinn.de\/wordpress\/wp-content\/uploads\/2021\/09\/Putenmast-Capri23auto.jpg","contentUrl":"https:\/\/www.florianschwinn.de\/wordpress\/wp-content\/uploads\/2021\/09\/Putenmast-Capri23auto.jpg","width":1920,"height":1276},{"@type":"BreadcrumbList","@id":"https:\/\/www.florianschwinn.de\/wordpress\/antibiotika-im-stall\/#breadcrumb","itemListElement":[{"@type":"ListItem","position":1,"name":"Startseite","item":"https:\/\/www.florianschwinn.de\/wordpress\/"},{"@type":"ListItem","position":2,"name":"Antibiotika im Stall"}]},{"@type":"WebSite","@id":"https:\/\/www.florianschwinn.de\/wordpress\/#website","url":"https:\/\/www.florianschwinn.de\/wordpress\/","name":"F\u00fchrerschein f\u00fcr Einkaufswagen","description":"Hintergrundwissen f\u00fcr bewussten Konsum","publisher":{"@id":"https:\/\/www.florianschwinn.de\/wordpress\/#organization"},"potentialAction":[{"@type":"SearchAction","target":{"@type":"EntryPoint","urlTemplate":"https:\/\/www.florianschwinn.de\/wordpress\/?s={search_term_string}"},"query-input":{"@type":"PropertyValueSpecification","valueRequired":true,"valueName":"search_term_string"}}],"inLanguage":"de"},{"@type":"Organization","@id":"https:\/\/www.florianschwinn.de\/wordpress\/#organization","name":"F\u00fchrerschein f\u00fcr Einkaufswagen","url":"https:\/\/www.florianschwinn.de\/wordpress\/","logo":{"@type":"ImageObject","inLanguage":"de","@id":"https:\/\/www.florianschwinn.de\/wordpress\/#\/schema\/logo\/image\/","url":"https:\/\/www.florianschwinn.de\/wordpress\/wp-content\/uploads\/2021\/08\/PodcastCover-scaled.jpg","contentUrl":"https:\/\/www.florianschwinn.de\/wordpress\/wp-content\/uploads\/2021\/08\/PodcastCover-scaled.jpg","width":2560,"height":2560,"caption":"F\u00fchrerschein f\u00fcr Einkaufswagen"},"image":{"@id":"https:\/\/www.florianschwinn.de\/wordpress\/#\/schema\/logo\/image\/"},"sameAs":["https:\/\/x.com\/Journaille"]},{"@type":"Person","@id":"https:\/\/www.florianschwinn.de\/wordpress\/#\/schema\/person\/79b5d182d53386a59defbc7c19766aae","name":"Florian Schwinn","image":{"@type":"ImageObject","inLanguage":"de","@id":"https:\/\/secure.gravatar.com\/avatar\/015c7bb04f4a6b87161c1c34a5fa9dee51f9903ee033683f3fce49e1db8df547?s=96&d=mm&r=g","url":"https:\/\/secure.gravatar.com\/avatar\/015c7bb04f4a6b87161c1c34a5fa9dee51f9903ee033683f3fce49e1db8df547?s=96&d=mm&r=g","contentUrl":"https:\/\/secure.gravatar.com\/avatar\/015c7bb04f4a6b87161c1c34a5fa9dee51f9903ee033683f3fce49e1db8df547?s=96&d=mm&r=g","caption":"Florian Schwinn"},"sameAs":["https:\/\/www.florianschwinn.de\/wordpress"],"url":"https:\/\/www.florianschwinn.de\/wordpress\/author\/florianschwinn_wpkolum\/"}]}},"_links":{"self":[{"href":"https:\/\/www.florianschwinn.de\/wordpress\/wp-json\/wp\/v2\/posts\/1071","targetHints":{"allow":["GET"]}}],"collection":[{"href":"https:\/\/www.florianschwinn.de\/wordpress\/wp-json\/wp\/v2\/posts"}],"about":[{"href":"https:\/\/www.florianschwinn.de\/wordpress\/wp-json\/wp\/v2\/types\/post"}],"author":[{"embeddable":true,"href":"https:\/\/www.florianschwinn.de\/wordpress\/wp-json\/wp\/v2\/users\/1"}],"replies":[{"embeddable":true,"href":"https:\/\/www.florianschwinn.de\/wordpress\/wp-json\/wp\/v2\/comments?post=1071"}],"version-history":[{"count":3,"href":"https:\/\/www.florianschwinn.de\/wordpress\/wp-json\/wp\/v2\/posts\/1071\/revisions"}],"predecessor-version":[{"id":1079,"href":"https:\/\/www.florianschwinn.de\/wordpress\/wp-json\/wp\/v2\/posts\/1071\/revisions\/1079"}],"wp:attachment":[{"href":"https:\/\/www.florianschwinn.de\/wordpress\/wp-json\/wp\/v2\/media?parent=1071"}],"wp:term":[{"taxonomy":"category","embeddable":true,"href":"https:\/\/www.florianschwinn.de\/wordpress\/wp-json\/wp\/v2\/categories?post=1071"},{"taxonomy":"post_tag","embeddable":true,"href":"https:\/\/www.florianschwinn.de\/wordpress\/wp-json\/wp\/v2\/tags?post=1071"}],"curies":[{"name":"wp","href":"https:\/\/api.w.org\/{rel}","templated":true}]}}