{"id":1081,"date":"2021-09-23T08:00:00","date_gmt":"2021-09-23T06:00:00","guid":{"rendered":"https:\/\/www.florianschwinn.de\/wordpress\/?p=1081"},"modified":"2021-09-23T12:36:35","modified_gmt":"2021-09-23T10:36:35","slug":"welche-wahl","status":"publish","type":"post","link":"https:\/\/www.florianschwinn.de\/wordpress\/welche-wahl\/","title":{"rendered":"Welche Wahl?"},"content":{"rendered":"\n<p>Am Ende wurde es doch inhaltlicher, sagen die Kommentare zum Wahlkampf. So, wurde es das? Ist eine Frage zum Klimaschutz schon Inhalt und also alles gut? Wissen wir nach all den Triellen was auf uns zukommt? Bei den sogenannten Kanzlerkandidaten und der Kandidatin sicher nicht.<\/p>\n\n\n\n<p>Um Inhalte ging es eher noch bei Fernsehauftritten der Spitzenkandidatinnen und -kandidaten der Parteien, die nicht so frech waren, jemanden zum Kanzlerkandidaten oder zur Kanzlerkandidatin zu k\u00fcren. Wobei in diesem Fall einmal mehr Frechheit siegt. Denn nat\u00fcrlich wissen Redakteurinnen und Redakteure, dass wir gar nicht bestimmen, wer ins Kanzleramt einzieht, dennoch hat die Kandidatenk\u00fcr den Dreien die ganz gro\u00dfe B\u00fchne bereitet \u2013 und s\u00e4mtliche Inhalte weggefegt.<\/p>\n\n\n\n<figure class=\"wp-block-image size-large\"><img loading=\"lazy\" decoding=\"async\" width=\"1024\" height=\"688\" src=\"https:\/\/www.florianschwinn.de\/wordpress\/wp-content\/uploads\/2021\/09\/triell-1024x688.jpg\" alt=\"\" class=\"wp-image-1082\" srcset=\"https:\/\/www.florianschwinn.de\/wordpress\/wp-content\/uploads\/2021\/09\/triell-1024x688.jpg 1024w, https:\/\/www.florianschwinn.de\/wordpress\/wp-content\/uploads\/2021\/09\/triell-300x202.jpg 300w, https:\/\/www.florianschwinn.de\/wordpress\/wp-content\/uploads\/2021\/09\/triell-768x516.jpg 768w, https:\/\/www.florianschwinn.de\/wordpress\/wp-content\/uploads\/2021\/09\/triell-1536x1033.jpg 1536w, https:\/\/www.florianschwinn.de\/wordpress\/wp-content\/uploads\/2021\/09\/triell.jpg 1880w\" sizes=\"auto, (max-width: 1024px) 100vw, 1024px\" \/><figcaption>Alles so sch\u00f6n bunt hier: Die mediale Eint\u00f6nigkeit in jeweils dreifacher Ausfertigung. Ja, die W\u00e4hlerinnen und W\u00e4hler haben gemerkt, dass Angela Merkel nicht mehr antritt. Aber die Politiker noch nicht, dass es nicht so weiter geht. | Bild: Screenshot<\/figcaption><\/figure>\n\n\n\n<p><strong>Entscheidungsstau<\/strong><\/p>\n\n\n\n<p>Ab dem Wahlabend geht es dann um Farbenspiele in den Medien. Und erst bei Koalitionsverhandlungen d\u00fcrfte es dann hinter verschlossenen T\u00fcren um die Dinge gehen, die W\u00e4hlerinnen und W\u00e4hler in Umfragen immer als wichtig benannt haben: die ganzen Wenden, die eigentlich anstehen. Energiewende, Agrarwende, Verkehrswende, sprich Klimaschutz. Das wird teuer und muss sozial abgefedert werden, am besten mit einer Wende in der Sozialpolitik und der Bildungspolitik. Ist eigentlich ein bisschen viel das Ganze. Zeigt aber auch, wie viel eben nicht gemacht worden ist von den Regierungen Merkel.<\/p>\n\n\n\n<p>Was den Klimaschutz angeht, haben wir gewartet, bis wir den Wandel bemerken. Auf drei D\u00fcrrejahre folgte eines mit Sturzb\u00e4chen und Fluten. Erst Missernten und Waldbr\u00e4nde, dann weggeschwemmte Weinberge und \u00c4cker und D\u00f6rfer und Stadtkerne. Obwohl das letzte dieser Ereignisse mitten in den Wahlkampf rauschte, tr\u00f6pfelte es kaum Realit\u00e4t in die Debatten. Es war schon erstaunlich, wie wenig Inhalt selbst die Betroffenheitsbesuche der Kandidatinnen und Kandidaten bei den Flutopfern brachten. Da wurde Hilfe versprochen, na klar. Da nahmen auch Politiker das Wort Klimawandel in den Mund, die das vorher vermieden hatten. Aber was das konkret bedeutet: Fehlanzeige.<\/p>\n\n\n\n<p>Politikerinnen und Politiker, die in den Triellen und den Diskussionsrunden der Spitzenleute auftraten, trauten sich nicht, davon zu sprechen, dass wir solche Wetterereignisse in Zukunft immer h\u00e4ufiger erleben werden und dass sie auch durchaus noch heftiger ausfallen k\u00f6nnen. Niemand vom Spitzenpersonal sprach davon, dass wir in naher Zukunft wohl an vielen Stellen nicht mehr siedeln k\u00f6nnen, an denen jetzt noch H\u00e4user stehen. Milliarden gibt es f\u00fcr den Wiederaufbau in den Flutgebieten, nur wo soll der flutsicher stattfinden? Als die Landwirte in den vergangenen Jahren Ausgleichszahlungen f\u00fcr Ernteausf\u00e4lle wegen der D\u00fcrren erhielten, wurde auch nicht davon gesprochen, dass unsere Art von Landwirtschaft in manchen Landesteilen in Zukunft nicht mehr m\u00f6glich sein k\u00f6nnte. Und als die Nadelw\u00e4lder gro\u00dffl\u00e4chig vertrockneten, gab es Geld f\u00fcrs Wiederaufforsten, aber niemand sprach medial h\u00f6rbar mit den F\u00f6rstern dar\u00fcber, ob neuer Wald \u00fcberhaupt wachsen wird, wo der alte starb.<\/p>\n\n\n\n<p>Es ist wirklich erstaunlich, dass unsere Politikerinnen und Politiker so wenig dieser manifesten Wirklichkeit in ihren Wahlkampf dringen lassen. Anders gesagt: Es ist erstaunlich, dass die Medien, allen voran das Flachbildmedium Fernsehen, sie einen solchen Wahlkampf machen lassen und dass wir alle dabei zuschauen.<\/p>\n\n\n\n<p><strong>Vergangenheit als Zukunftsaussicht<\/strong><\/p>\n\n\n\n<p>Wer im Norden der Republik aufgewachsen ist, hat vielleicht im Geschichtsunterreicht mal geh\u00f6rt und gesehen, wie die heutige K\u00fcstenlinie der Nordsee entstanden ist. Da gab es zwei Ereignisse, die die Landkarte vollst\u00e4ndig ver\u00e4nderten: die Grote Mandr\u00e4nke von 1362 und die von 1634. Das gro\u00dfe Ertrinken brachten Sturmfluten, die D\u00f6rfer und St\u00e4dte wegschwemmten und ganze Landstriche untergehen lie\u00dfen. \u00dcbriggeblieben sind die heutigen Inseln und Halligen. \u00dcbrig geblieben ist auch der Name der untergegangenen Stadt Rungholt. Sie lag zwischen der heutigen Insel Nordstrand und der Hallig S\u00fcdfall und hatte ebenso viele Einwohner wie das damalige Kiel. Heute hei\u00dft eine Schule in Husum nach ihr; ein paar Yachten tragen ihren Namen, ein Fischkutter und ein Ausflugsschiff, das Touristen zu den Halligen bringt. Geblieben ist auch Detlev von Liliencrons Untergangsballade \u201eTrutz, Blanke Hans\u201c. Das war\u2019s.<\/p>\n\n\n\n<figure class=\"wp-block-image size-large\"><img loading=\"lazy\" decoding=\"async\" width=\"1024\" height=\"786\" src=\"https:\/\/www.florianschwinn.de\/wordpress\/wp-content\/uploads\/2021\/09\/Nordfriesland1240-1024x786.jpg\" alt=\"\" class=\"wp-image-1083\" srcset=\"https:\/\/www.florianschwinn.de\/wordpress\/wp-content\/uploads\/2021\/09\/Nordfriesland1240-1024x786.jpg 1024w, https:\/\/www.florianschwinn.de\/wordpress\/wp-content\/uploads\/2021\/09\/Nordfriesland1240-300x230.jpg 300w, https:\/\/www.florianschwinn.de\/wordpress\/wp-content\/uploads\/2021\/09\/Nordfriesland1240-768x589.jpg 768w, https:\/\/www.florianschwinn.de\/wordpress\/wp-content\/uploads\/2021\/09\/Nordfriesland1240-1536x1179.jpg 1536w, https:\/\/www.florianschwinn.de\/wordpress\/wp-content\/uploads\/2021\/09\/Nordfriesland1240.jpg 1944w\" sizes=\"auto, (max-width: 1024px) 100vw, 1024px\" \/><figcaption>Lernen aus der Geschichte? Die vom Kartographen Johannes Mejer gezeichnete K\u00fcste Nordfrieslands vor der Flut von 1362. Rot umrandet die heutige K\u00fcstenlinie mit R\u00f8m\u00f8, Sylt, F\u00f6hr, Amrum und den Halligen. | Bild: Wikimedia<\/figcaption><\/figure>\n\n\n\n<p>Die damaligen Fluten haben die nachfolgenden Generationen schlauer gemacht. Sie haben das Gesetz ernst genommen, das an der Nordseek\u00fcste gilt: Deichen oder weichen! Auch derzeit werden wieder die Deiche erh\u00f6ht. Aber die Halligen werden nicht zu retten sein und Teile der Inseln auch nicht. Und die K\u00fcstenlinie wohl nur, wenn wir das Ziel erreichen, das Erdklima nur um maximal 1,5 Grad zu erw\u00e4rmen. Dass wir das schaffen, ist eher unwahrscheinlich, zumal mit dem jetzigen politischen Personal.<\/p>\n\n\n\n<p><strong>Wo Verw\u00fcstung droht<\/strong><\/p>\n\n\n\n<p>Was mit unseren landwirtschaftlichen Fl\u00e4chen in den ohnehin trockeneren Gebieten im Osten geschieht, kann man sich in S\u00fcdspanien anschauen. Dort ist durch Raubbau am Wasser die Erosion so weit fortgeschritten, dass Landwirtschaft in manchen Gebieten nicht mehr m\u00f6glich ist. Fincas wurden aufgegeben, die Jahrhunderte lang die Menschen ern\u00e4hrt hatten. Der Weltw\u00fcstenrat UNCCD, benannt nach der 1994 beschlossenen United Nations Convention to Combat Desertification, hat auf seiner Weltkarte der drohenden Verw\u00fcstung weite Teile Spaniens rot eingef\u00e4rbt, weil dort schon W\u00fcste entstanden ist oder entstehen kann. \u00c4hnliches k\u00f6nnte auch unserer Landwirtschaft passieren, wenn wir der Erosion nicht Einhalt gebieten, die im Osten meist nicht durch Starkregen droht, sondern durch Wind in den trockener werdenden Jahren. Wer in Mecklenburg-Vorpommern Verkehrsnachrichten h\u00f6rt, erf\u00e4hrt immer wieder von sogenannten Sandst\u00fcrmen, die den Autofahrern die Sicht nehmen. Was da durch de Luft fliegt ist allerdings nicht Sand, sondern die oberste humushaltige Erdschicht der riesigen Ackerfl\u00e4chen.<\/p>\n\n\n\n<figure class=\"wp-block-image size-large\"><img loading=\"lazy\" decoding=\"async\" width=\"1024\" height=\"440\" src=\"https:\/\/www.florianschwinn.de\/wordpress\/wp-content\/uploads\/2021\/09\/Winderosion-1024x440.jpg\" alt=\"\" class=\"wp-image-1084\" srcset=\"https:\/\/www.florianschwinn.de\/wordpress\/wp-content\/uploads\/2021\/09\/Winderosion-1024x440.jpg 1024w, https:\/\/www.florianschwinn.de\/wordpress\/wp-content\/uploads\/2021\/09\/Winderosion-300x129.jpg 300w, https:\/\/www.florianschwinn.de\/wordpress\/wp-content\/uploads\/2021\/09\/Winderosion-768x330.jpg 768w, https:\/\/www.florianschwinn.de\/wordpress\/wp-content\/uploads\/2021\/09\/Winderosion-1536x659.jpg 1536w, https:\/\/www.florianschwinn.de\/wordpress\/wp-content\/uploads\/2021\/09\/Winderosion-2048x879.jpg 2048w\" sizes=\"auto, (max-width: 1024px) 100vw, 1024px\" \/><figcaption>Bodenbearbeitung zur Unzeit: Hier fliegt der fruchtbare Boden davon. Und mit ihm der Humus, der Klimagase im Boden binden k\u00f6nnte.| Foto: Florian Schwinn<\/figcaption><\/figure>\n\n\n\n<p>Wenn die wenigen Dezimeter Humusschicht dieser \u00c4cker in die Ostsee geflogen sind, ist es aus mit der Landwirtschaft. Dass wir aber deshalb jetzt schon mal umsteigen und Landwirtschaft anders betreiben, das wird zwar diskutiert, aber nur sehr selten auch gemacht. Dazu muss n\u00e4mlich mit Zwischenfr\u00fcchten und Untersaaten gearbeitet werden, damit der Boden m\u00f6glichst das ganze Jahr hindurch bedeckt und durchwurzelt ist. Das aber ist Mehrarbeit und kostet. Es m\u00fcsste bezahlt werden.<\/p>\n\n\n\n<p>Das gilt auch f\u00fcr die landwirtschaftlichen Fl\u00e4chen, denen Wassererosion durch Starkregen droht. Wenn dort Humus aufgebaut w\u00fcrde, statt ihn wegschwimmen zu lassen, w\u00fcrden die B\u00f6den auch mehr Wasser aufnehmen und speichern k\u00f6nnen. Wieder ist das probate Mittel die Zwischenfrucht und die Untersaat, die verg\u00fctet werden m\u00fcssten. Was sich so einfach anh\u00f6rt, ist f\u00fcr viele landwirtschaftliche Betriebe eine gro\u00dfe Umstellung, schon fast eine Agrarwende. Die w\u00fcrde uns allerdings aktiv beim Klimaschutz helfen, denn jedes Qu\u00e4ntchen Humus, das wir von den Milliarden von Helferlein aufbauen lassen, die im Boden leben, ist gespeicherter Kohlenstoff. Wenn wir vier Promille zus\u00e4tzlichen Humus aufbauen w\u00fcrden in allen landwirtschaftlich genutzten B\u00f6den der Erde, w\u00e4re der gesamte zus\u00e4tzliche menschgemachte CO2-Aussto\u00df eines Jahres im Boden versenkt.<\/p>\n\n\n\n<p>Dieses Ziel w\u00e4re in Deutschland erreichbar, und das gleich mehrere Jahre hintereinander. Das hat das Th\u00fcnen-Institut errechnet, die Forschungseinrichtung des Bundeslandwirtschaftsministeriums. Was in den Studien nicht steht: Woher das politische Personal kommen k\u00f6nnte, das solches beschie\u00dft und auch durchsetzt, inklusive der Umwidmung der F\u00f6rdermittel aus Br\u00fcssel.<\/p>\n\n\n\n<p>Aber gut, warum soll auch eine Wahl alles \u00e4ndern, und warum gerade diese? Die Aufgabe, die ganzen Wenden einzuleiten, die Not tun, bleibt uns wohl erhalten. Die k\u00f6nnen wir nicht mit zwei Kreuzchen erledigen.<\/p>\n","protected":false},"excerpt":{"rendered":"<p>Am Ende wurde es doch inhaltlicher, sagen die Kommentare zum Wahlkampf. So, wurde es das? Ist eine Frage zum Klimaschutz schon Inhalt und also alles gut? Wissen wir nach all den Triellen was auf uns zukommt? Bei den sogenannten Kanzlerkandidaten und der Kandidatin sicher nicht. Um Inhalte ging es eher noch bei Fernsehauftritten der Spitzenkandidatinnen &#8230; <a title=\"Welche Wahl?\" class=\"read-more\" href=\"https:\/\/www.florianschwinn.de\/wordpress\/welche-wahl\/\" aria-label=\"Mehr zu Welche Wahl?\">Weiterlesen &#8230;<\/a><\/p>\n","protected":false},"author":1,"featured_media":0,"comment_status":"closed","ping_status":"closed","sticky":false,"template":"","format":"standard","meta":{"footnotes":""},"categories":[8,35,48,3],"tags":[81,86],"class_list":["post-1081","post","type-post","status-publish","format-standard","hentry","category-agrarpolitik","category-bodenfruchtbarkeit","category-klima","category-landwirtschaft","tag-agrarwende","tag-wahlkampf","infinite-scroll-item"],"yoast_head":"<!-- This site is optimized with the Yoast SEO plugin v27.5 - https:\/\/yoast.com\/product\/yoast-seo-wordpress\/ -->\n<title>Welche Wahl? - F\u00fchrerschein f\u00fcr Einkaufswagen<\/title>\n<meta name=\"robots\" content=\"index, follow, max-snippet:-1, max-image-preview:large, max-video-preview:-1\" \/>\n<link rel=\"canonical\" href=\"https:\/\/www.florianschwinn.de\/wordpress\/welche-wahl\/\" \/>\n<meta property=\"og:locale\" content=\"de_DE\" \/>\n<meta property=\"og:type\" content=\"article\" \/>\n<meta property=\"og:title\" content=\"Welche Wahl? - F\u00fchrerschein f\u00fcr Einkaufswagen\" \/>\n<meta property=\"og:description\" content=\"Am Ende wurde es doch inhaltlicher, sagen die Kommentare zum Wahlkampf. So, wurde es das? Ist eine Frage zum Klimaschutz schon Inhalt und also alles gut? Wissen wir nach all den Triellen was auf uns zukommt? Bei den sogenannten Kanzlerkandidaten und der Kandidatin sicher nicht. Um Inhalte ging es eher noch bei Fernsehauftritten der Spitzenkandidatinnen ... Weiterlesen ...\" \/>\n<meta property=\"og:url\" content=\"https:\/\/www.florianschwinn.de\/wordpress\/welche-wahl\/\" \/>\n<meta property=\"og:site_name\" content=\"F\u00fchrerschein f\u00fcr Einkaufswagen\" \/>\n<meta property=\"article:published_time\" content=\"2021-09-23T06:00:00+00:00\" \/>\n<meta property=\"article:modified_time\" content=\"2021-09-23T10:36:35+00:00\" \/>\n<meta property=\"og:image\" content=\"https:\/\/www.florianschwinn.de\/wordpress\/wp-content\/uploads\/2021\/09\/triell-1024x688.jpg\" \/>\n<meta name=\"author\" content=\"Florian Schwinn\" \/>\n<meta name=\"twitter:card\" content=\"summary_large_image\" \/>\n<meta name=\"twitter:creator\" content=\"@Journaille\" \/>\n<meta name=\"twitter:site\" content=\"@Journaille\" \/>\n<meta name=\"twitter:label1\" content=\"Verfasst von\" \/>\n\t<meta name=\"twitter:data1\" content=\"Florian Schwinn\" \/>\n\t<meta name=\"twitter:label2\" content=\"Gesch\u00e4tzte Lesezeit\" \/>\n\t<meta name=\"twitter:data2\" content=\"6\u00a0Minuten\" \/>\n<script type=\"application\/ld+json\" class=\"yoast-schema-graph\">{\"@context\":\"https:\\\/\\\/schema.org\",\"@graph\":[{\"@type\":\"Article\",\"@id\":\"https:\\\/\\\/www.florianschwinn.de\\\/wordpress\\\/welche-wahl\\\/#article\",\"isPartOf\":{\"@id\":\"https:\\\/\\\/www.florianschwinn.de\\\/wordpress\\\/welche-wahl\\\/\"},\"author\":{\"name\":\"Florian Schwinn\",\"@id\":\"https:\\\/\\\/www.florianschwinn.de\\\/wordpress\\\/#\\\/schema\\\/person\\\/79b5d182d53386a59defbc7c19766aae\"},\"headline\":\"Welche Wahl?\",\"datePublished\":\"2021-09-23T06:00:00+00:00\",\"dateModified\":\"2021-09-23T10:36:35+00:00\",\"mainEntityOfPage\":{\"@id\":\"https:\\\/\\\/www.florianschwinn.de\\\/wordpress\\\/welche-wahl\\\/\"},\"wordCount\":1300,\"publisher\":{\"@id\":\"https:\\\/\\\/www.florianschwinn.de\\\/wordpress\\\/#organization\"},\"image\":{\"@id\":\"https:\\\/\\\/www.florianschwinn.de\\\/wordpress\\\/welche-wahl\\\/#primaryimage\"},\"thumbnailUrl\":\"https:\\\/\\\/www.florianschwinn.de\\\/wordpress\\\/wp-content\\\/uploads\\\/2021\\\/09\\\/triell-1024x688.jpg\",\"keywords\":[\"Agrarwende\",\"Wahlkampf\"],\"articleSection\":[\"Agrarpolitik\",\"Bodenfruchtbarkeit\",\"Klima\",\"Landwirtschaft\"],\"inLanguage\":\"de\"},{\"@type\":\"WebPage\",\"@id\":\"https:\\\/\\\/www.florianschwinn.de\\\/wordpress\\\/welche-wahl\\\/\",\"url\":\"https:\\\/\\\/www.florianschwinn.de\\\/wordpress\\\/welche-wahl\\\/\",\"name\":\"Welche Wahl? - F\u00fchrerschein f\u00fcr Einkaufswagen\",\"isPartOf\":{\"@id\":\"https:\\\/\\\/www.florianschwinn.de\\\/wordpress\\\/#website\"},\"primaryImageOfPage\":{\"@id\":\"https:\\\/\\\/www.florianschwinn.de\\\/wordpress\\\/welche-wahl\\\/#primaryimage\"},\"image\":{\"@id\":\"https:\\\/\\\/www.florianschwinn.de\\\/wordpress\\\/welche-wahl\\\/#primaryimage\"},\"thumbnailUrl\":\"https:\\\/\\\/www.florianschwinn.de\\\/wordpress\\\/wp-content\\\/uploads\\\/2021\\\/09\\\/triell-1024x688.jpg\",\"datePublished\":\"2021-09-23T06:00:00+00:00\",\"dateModified\":\"2021-09-23T10:36:35+00:00\",\"breadcrumb\":{\"@id\":\"https:\\\/\\\/www.florianschwinn.de\\\/wordpress\\\/welche-wahl\\\/#breadcrumb\"},\"inLanguage\":\"de\",\"potentialAction\":[{\"@type\":\"ReadAction\",\"target\":[\"https:\\\/\\\/www.florianschwinn.de\\\/wordpress\\\/welche-wahl\\\/\"]}]},{\"@type\":\"ImageObject\",\"inLanguage\":\"de\",\"@id\":\"https:\\\/\\\/www.florianschwinn.de\\\/wordpress\\\/welche-wahl\\\/#primaryimage\",\"url\":\"https:\\\/\\\/www.florianschwinn.de\\\/wordpress\\\/wp-content\\\/uploads\\\/2021\\\/09\\\/triell.jpg\",\"contentUrl\":\"https:\\\/\\\/www.florianschwinn.de\\\/wordpress\\\/wp-content\\\/uploads\\\/2021\\\/09\\\/triell.jpg\",\"width\":1880,\"height\":1264},{\"@type\":\"BreadcrumbList\",\"@id\":\"https:\\\/\\\/www.florianschwinn.de\\\/wordpress\\\/welche-wahl\\\/#breadcrumb\",\"itemListElement\":[{\"@type\":\"ListItem\",\"position\":1,\"name\":\"Startseite\",\"item\":\"https:\\\/\\\/www.florianschwinn.de\\\/wordpress\\\/\"},{\"@type\":\"ListItem\",\"position\":2,\"name\":\"Welche Wahl?\"}]},{\"@type\":\"WebSite\",\"@id\":\"https:\\\/\\\/www.florianschwinn.de\\\/wordpress\\\/#website\",\"url\":\"https:\\\/\\\/www.florianschwinn.de\\\/wordpress\\\/\",\"name\":\"F\u00fchrerschein f\u00fcr Einkaufswagen\",\"description\":\"Hintergrundwissen f\u00fcr bewussten Konsum\",\"publisher\":{\"@id\":\"https:\\\/\\\/www.florianschwinn.de\\\/wordpress\\\/#organization\"},\"potentialAction\":[{\"@type\":\"SearchAction\",\"target\":{\"@type\":\"EntryPoint\",\"urlTemplate\":\"https:\\\/\\\/www.florianschwinn.de\\\/wordpress\\\/?s={search_term_string}\"},\"query-input\":{\"@type\":\"PropertyValueSpecification\",\"valueRequired\":true,\"valueName\":\"search_term_string\"}}],\"inLanguage\":\"de\"},{\"@type\":\"Organization\",\"@id\":\"https:\\\/\\\/www.florianschwinn.de\\\/wordpress\\\/#organization\",\"name\":\"F\u00fchrerschein f\u00fcr Einkaufswagen\",\"url\":\"https:\\\/\\\/www.florianschwinn.de\\\/wordpress\\\/\",\"logo\":{\"@type\":\"ImageObject\",\"inLanguage\":\"de\",\"@id\":\"https:\\\/\\\/www.florianschwinn.de\\\/wordpress\\\/#\\\/schema\\\/logo\\\/image\\\/\",\"url\":\"https:\\\/\\\/www.florianschwinn.de\\\/wordpress\\\/wp-content\\\/uploads\\\/2021\\\/08\\\/PodcastCover-scaled.jpg\",\"contentUrl\":\"https:\\\/\\\/www.florianschwinn.de\\\/wordpress\\\/wp-content\\\/uploads\\\/2021\\\/08\\\/PodcastCover-scaled.jpg\",\"width\":2560,\"height\":2560,\"caption\":\"F\u00fchrerschein f\u00fcr Einkaufswagen\"},\"image\":{\"@id\":\"https:\\\/\\\/www.florianschwinn.de\\\/wordpress\\\/#\\\/schema\\\/logo\\\/image\\\/\"},\"sameAs\":[\"https:\\\/\\\/x.com\\\/Journaille\"]},{\"@type\":\"Person\",\"@id\":\"https:\\\/\\\/www.florianschwinn.de\\\/wordpress\\\/#\\\/schema\\\/person\\\/79b5d182d53386a59defbc7c19766aae\",\"name\":\"Florian Schwinn\",\"image\":{\"@type\":\"ImageObject\",\"inLanguage\":\"de\",\"@id\":\"https:\\\/\\\/secure.gravatar.com\\\/avatar\\\/015c7bb04f4a6b87161c1c34a5fa9dee51f9903ee033683f3fce49e1db8df547?s=96&d=mm&r=g\",\"url\":\"https:\\\/\\\/secure.gravatar.com\\\/avatar\\\/015c7bb04f4a6b87161c1c34a5fa9dee51f9903ee033683f3fce49e1db8df547?s=96&d=mm&r=g\",\"contentUrl\":\"https:\\\/\\\/secure.gravatar.com\\\/avatar\\\/015c7bb04f4a6b87161c1c34a5fa9dee51f9903ee033683f3fce49e1db8df547?s=96&d=mm&r=g\",\"caption\":\"Florian Schwinn\"},\"sameAs\":[\"https:\\\/\\\/www.florianschwinn.de\\\/wordpress\"],\"url\":\"https:\\\/\\\/www.florianschwinn.de\\\/wordpress\\\/author\\\/florianschwinn_wpkolum\\\/\"}]}<\/script>\n<!-- \/ Yoast SEO plugin. -->","yoast_head_json":{"title":"Welche Wahl? - F\u00fchrerschein f\u00fcr Einkaufswagen","robots":{"index":"index","follow":"follow","max-snippet":"max-snippet:-1","max-image-preview":"max-image-preview:large","max-video-preview":"max-video-preview:-1"},"canonical":"https:\/\/www.florianschwinn.de\/wordpress\/welche-wahl\/","og_locale":"de_DE","og_type":"article","og_title":"Welche Wahl? - F\u00fchrerschein f\u00fcr Einkaufswagen","og_description":"Am Ende wurde es doch inhaltlicher, sagen die Kommentare zum Wahlkampf. So, wurde es das? Ist eine Frage zum Klimaschutz schon Inhalt und also alles gut? Wissen wir nach all den Triellen was auf uns zukommt? Bei den sogenannten Kanzlerkandidaten und der Kandidatin sicher nicht. Um Inhalte ging es eher noch bei Fernsehauftritten der Spitzenkandidatinnen ... Weiterlesen ...","og_url":"https:\/\/www.florianschwinn.de\/wordpress\/welche-wahl\/","og_site_name":"F\u00fchrerschein f\u00fcr Einkaufswagen","article_published_time":"2021-09-23T06:00:00+00:00","article_modified_time":"2021-09-23T10:36:35+00:00","og_image":[{"url":"https:\/\/www.florianschwinn.de\/wordpress\/wp-content\/uploads\/2021\/09\/triell-1024x688.jpg","type":"","width":"","height":""}],"author":"Florian Schwinn","twitter_card":"summary_large_image","twitter_creator":"@Journaille","twitter_site":"@Journaille","twitter_misc":{"Verfasst von":"Florian Schwinn","Gesch\u00e4tzte Lesezeit":"6\u00a0Minuten"},"schema":{"@context":"https:\/\/schema.org","@graph":[{"@type":"Article","@id":"https:\/\/www.florianschwinn.de\/wordpress\/welche-wahl\/#article","isPartOf":{"@id":"https:\/\/www.florianschwinn.de\/wordpress\/welche-wahl\/"},"author":{"name":"Florian Schwinn","@id":"https:\/\/www.florianschwinn.de\/wordpress\/#\/schema\/person\/79b5d182d53386a59defbc7c19766aae"},"headline":"Welche Wahl?","datePublished":"2021-09-23T06:00:00+00:00","dateModified":"2021-09-23T10:36:35+00:00","mainEntityOfPage":{"@id":"https:\/\/www.florianschwinn.de\/wordpress\/welche-wahl\/"},"wordCount":1300,"publisher":{"@id":"https:\/\/www.florianschwinn.de\/wordpress\/#organization"},"image":{"@id":"https:\/\/www.florianschwinn.de\/wordpress\/welche-wahl\/#primaryimage"},"thumbnailUrl":"https:\/\/www.florianschwinn.de\/wordpress\/wp-content\/uploads\/2021\/09\/triell-1024x688.jpg","keywords":["Agrarwende","Wahlkampf"],"articleSection":["Agrarpolitik","Bodenfruchtbarkeit","Klima","Landwirtschaft"],"inLanguage":"de"},{"@type":"WebPage","@id":"https:\/\/www.florianschwinn.de\/wordpress\/welche-wahl\/","url":"https:\/\/www.florianschwinn.de\/wordpress\/welche-wahl\/","name":"Welche Wahl? - F\u00fchrerschein f\u00fcr Einkaufswagen","isPartOf":{"@id":"https:\/\/www.florianschwinn.de\/wordpress\/#website"},"primaryImageOfPage":{"@id":"https:\/\/www.florianschwinn.de\/wordpress\/welche-wahl\/#primaryimage"},"image":{"@id":"https:\/\/www.florianschwinn.de\/wordpress\/welche-wahl\/#primaryimage"},"thumbnailUrl":"https:\/\/www.florianschwinn.de\/wordpress\/wp-content\/uploads\/2021\/09\/triell-1024x688.jpg","datePublished":"2021-09-23T06:00:00+00:00","dateModified":"2021-09-23T10:36:35+00:00","breadcrumb":{"@id":"https:\/\/www.florianschwinn.de\/wordpress\/welche-wahl\/#breadcrumb"},"inLanguage":"de","potentialAction":[{"@type":"ReadAction","target":["https:\/\/www.florianschwinn.de\/wordpress\/welche-wahl\/"]}]},{"@type":"ImageObject","inLanguage":"de","@id":"https:\/\/www.florianschwinn.de\/wordpress\/welche-wahl\/#primaryimage","url":"https:\/\/www.florianschwinn.de\/wordpress\/wp-content\/uploads\/2021\/09\/triell.jpg","contentUrl":"https:\/\/www.florianschwinn.de\/wordpress\/wp-content\/uploads\/2021\/09\/triell.jpg","width":1880,"height":1264},{"@type":"BreadcrumbList","@id":"https:\/\/www.florianschwinn.de\/wordpress\/welche-wahl\/#breadcrumb","itemListElement":[{"@type":"ListItem","position":1,"name":"Startseite","item":"https:\/\/www.florianschwinn.de\/wordpress\/"},{"@type":"ListItem","position":2,"name":"Welche Wahl?"}]},{"@type":"WebSite","@id":"https:\/\/www.florianschwinn.de\/wordpress\/#website","url":"https:\/\/www.florianschwinn.de\/wordpress\/","name":"F\u00fchrerschein f\u00fcr Einkaufswagen","description":"Hintergrundwissen f\u00fcr bewussten Konsum","publisher":{"@id":"https:\/\/www.florianschwinn.de\/wordpress\/#organization"},"potentialAction":[{"@type":"SearchAction","target":{"@type":"EntryPoint","urlTemplate":"https:\/\/www.florianschwinn.de\/wordpress\/?s={search_term_string}"},"query-input":{"@type":"PropertyValueSpecification","valueRequired":true,"valueName":"search_term_string"}}],"inLanguage":"de"},{"@type":"Organization","@id":"https:\/\/www.florianschwinn.de\/wordpress\/#organization","name":"F\u00fchrerschein f\u00fcr Einkaufswagen","url":"https:\/\/www.florianschwinn.de\/wordpress\/","logo":{"@type":"ImageObject","inLanguage":"de","@id":"https:\/\/www.florianschwinn.de\/wordpress\/#\/schema\/logo\/image\/","url":"https:\/\/www.florianschwinn.de\/wordpress\/wp-content\/uploads\/2021\/08\/PodcastCover-scaled.jpg","contentUrl":"https:\/\/www.florianschwinn.de\/wordpress\/wp-content\/uploads\/2021\/08\/PodcastCover-scaled.jpg","width":2560,"height":2560,"caption":"F\u00fchrerschein f\u00fcr Einkaufswagen"},"image":{"@id":"https:\/\/www.florianschwinn.de\/wordpress\/#\/schema\/logo\/image\/"},"sameAs":["https:\/\/x.com\/Journaille"]},{"@type":"Person","@id":"https:\/\/www.florianschwinn.de\/wordpress\/#\/schema\/person\/79b5d182d53386a59defbc7c19766aae","name":"Florian Schwinn","image":{"@type":"ImageObject","inLanguage":"de","@id":"https:\/\/secure.gravatar.com\/avatar\/015c7bb04f4a6b87161c1c34a5fa9dee51f9903ee033683f3fce49e1db8df547?s=96&d=mm&r=g","url":"https:\/\/secure.gravatar.com\/avatar\/015c7bb04f4a6b87161c1c34a5fa9dee51f9903ee033683f3fce49e1db8df547?s=96&d=mm&r=g","contentUrl":"https:\/\/secure.gravatar.com\/avatar\/015c7bb04f4a6b87161c1c34a5fa9dee51f9903ee033683f3fce49e1db8df547?s=96&d=mm&r=g","caption":"Florian Schwinn"},"sameAs":["https:\/\/www.florianschwinn.de\/wordpress"],"url":"https:\/\/www.florianschwinn.de\/wordpress\/author\/florianschwinn_wpkolum\/"}]}},"_links":{"self":[{"href":"https:\/\/www.florianschwinn.de\/wordpress\/wp-json\/wp\/v2\/posts\/1081","targetHints":{"allow":["GET"]}}],"collection":[{"href":"https:\/\/www.florianschwinn.de\/wordpress\/wp-json\/wp\/v2\/posts"}],"about":[{"href":"https:\/\/www.florianschwinn.de\/wordpress\/wp-json\/wp\/v2\/types\/post"}],"author":[{"embeddable":true,"href":"https:\/\/www.florianschwinn.de\/wordpress\/wp-json\/wp\/v2\/users\/1"}],"replies":[{"embeddable":true,"href":"https:\/\/www.florianschwinn.de\/wordpress\/wp-json\/wp\/v2\/comments?post=1081"}],"version-history":[{"count":3,"href":"https:\/\/www.florianschwinn.de\/wordpress\/wp-json\/wp\/v2\/posts\/1081\/revisions"}],"predecessor-version":[{"id":1088,"href":"https:\/\/www.florianschwinn.de\/wordpress\/wp-json\/wp\/v2\/posts\/1081\/revisions\/1088"}],"wp:attachment":[{"href":"https:\/\/www.florianschwinn.de\/wordpress\/wp-json\/wp\/v2\/media?parent=1081"}],"wp:term":[{"taxonomy":"category","embeddable":true,"href":"https:\/\/www.florianschwinn.de\/wordpress\/wp-json\/wp\/v2\/categories?post=1081"},{"taxonomy":"post_tag","embeddable":true,"href":"https:\/\/www.florianschwinn.de\/wordpress\/wp-json\/wp\/v2\/tags?post=1081"}],"curies":[{"name":"wp","href":"https:\/\/api.w.org\/{rel}","templated":true}]}}