{"id":1090,"date":"2021-09-30T08:00:00","date_gmt":"2021-09-30T06:00:00","guid":{"rendered":"https:\/\/www.florianschwinn.de\/wordpress\/?p=1090"},"modified":"2021-09-30T09:44:47","modified_gmt":"2021-09-30T07:44:47","slug":"selfie-mit-umwelt-und-agrarpolitik","status":"publish","type":"post","link":"https:\/\/www.florianschwinn.de\/wordpress\/selfie-mit-umwelt-und-agrarpolitik\/","title":{"rendered":"Selfie mit Umwelt- und Agrarpolitik"},"content":{"rendered":"\n<p><em>Wenn die Ampel regiert, k\u00f6nnten Verbraucherinteressen in den Vordergrund r\u00fccken. Es k\u00f6nnten den Agrochemiekonzernen und der \u00fcbrigen Agrarlobby die seit Jahrzehnten gepflegten Seilschaften verloren gehen. Es k\u00f6nnte schwieriger werden, gegen die in allen Umfragen erkl\u00e4rten Interessen von Verbraucherinnen und Verbraucher weiter zu machen mit gro\u00dffl\u00e4chigem Chemieeinsatz auf den Feldern und Tierausbeutung in Massenst\u00e4llen.<\/em><\/p>\n\n\n\n<p>Allerdings kann auch die SPD den Fortschritt im Ackergang ausbremsen. Und die FDP h\u00f6rt beim Stichwort Landwirtschaft gemeinhin nur die Endung Wirtschaft. Dann w\u00e4ren die Gr\u00fcnen allein zu Haus, wenn es um unbelastete Lebensmittel und gesunde Tiere geht, und um eine zukunftsfeste Landwirtschaft, also letztlich um Agrarwende, Tierwohl und Klimaschutz.<\/p>\n\n\n\n<figure class=\"wp-block-image size-large\"><img loading=\"lazy\" decoding=\"async\" width=\"1024\" height=\"683\" src=\"https:\/\/www.florianschwinn.de\/wordpress\/wp-content\/uploads\/2021\/09\/FFF-KlimastreikWahl2021-1024x683.jpg\" alt=\"\" class=\"wp-image-1091\" srcset=\"https:\/\/www.florianschwinn.de\/wordpress\/wp-content\/uploads\/2021\/09\/FFF-KlimastreikWahl2021-1024x683.jpg 1024w, https:\/\/www.florianschwinn.de\/wordpress\/wp-content\/uploads\/2021\/09\/FFF-KlimastreikWahl2021-300x200.jpg 300w, https:\/\/www.florianschwinn.de\/wordpress\/wp-content\/uploads\/2021\/09\/FFF-KlimastreikWahl2021-768x512.jpg 768w, https:\/\/www.florianschwinn.de\/wordpress\/wp-content\/uploads\/2021\/09\/FFF-KlimastreikWahl2021-1536x1024.jpg 1536w, https:\/\/www.florianschwinn.de\/wordpress\/wp-content\/uploads\/2021\/09\/FFF-KlimastreikWahl2021.jpg 2048w\" sizes=\"auto, (max-width: 1024px) 100vw, 1024px\" \/><figcaption>Kurz vor der Wahl noch einmal Druck gemacht: Fridays for Future Demo mit Greta Thunberg in Berlin. Die meisten Erstw\u00e4hler stimmten dann f\u00fcr FDP und Gr\u00fcne. | Foto: FFF Berlin \/ Dominik Butzmann<\/figcaption><\/figure>\n\n\n\n<p><strong>Achtung Lobbyprofi<\/strong><\/p>\n\n\n\n<p>Dass die SPD der Agrarlobby genauso gut dienen kann, wie CDU und CSU, das hat in diesem Jahr bereits Deutschlands Dauerminister Till Backhaus bewiesen. Der sozialdemokratische Umwelt- und Landwirtschaftsminister von Mecklenburg-Vorpommern hat die l\u00e4ngste Erfahrung von allen \u2013 er ist seit 23 Jahren im Amt. Und diese Erfahrung hat er im Fr\u00fchjahr genutzt, um daf\u00fcr zu sorgen, dass bei der Umsetzung der Gemeinsamen Agrarpolitik der EU in Deutschland fast alles beim Alten blieb \u2013 bislang wenigstens. Till Backhaus hatte mit sechs Agrarministerinnen und -ministern von der Union einen Pakt gegen die Gr\u00fcnen geschmiedet. Mit dabei waren au\u00dferdem Benjamin Hoff, der linke Landwirtschaftsminister Th\u00fcringens, und Volker Wissing, damals noch Landwirtschaftsminister in Rheinland-Pfalz. Der ist heute als FDP-Generalsekret\u00e4r einer der Verhandlungsf\u00fchrer in Berlin.<\/p>\n\n\n\n<p>Bei den Landtagswahlen in Mecklenburg-Vorpommern hat Deutschlands dienst\u00e4ltester Minister nun mit dem besten Ergebnis seinen Wahlkreis Ludwigslust-Parchim gewonnen. Till Backhaus holte 51,5 Prozent der Erststimmen und lag damit auch vor Ministerpr\u00e4sidentin Manuela Schwesig, die in Schwerin \u201enur\u201c auf 46,4 Prozent kam. Nicht verwunderlich, dass die Presse in Mecklenburg-Vorpommern \u00fcber einen Wechsel des erfolgreichen SPD-Mannes in die Bundespolitik spekuliert. Agrarpolitiker sind rar in der SPD. Da ist es schon denkbar, dass ein Kanzler Scholz sich die Expertise f\u00fcr Agrarlobby nach Berlin holt.<\/p>\n\n\n\n<figure class=\"wp-block-image size-large\"><img loading=\"lazy\" decoding=\"async\" width=\"1024\" height=\"691\" src=\"https:\/\/www.florianschwinn.de\/wordpress\/wp-content\/uploads\/2021\/08\/AltTellinBrand1-Tierschutzbund-1024x691.jpg\" alt=\"\" class=\"wp-image-855\" srcset=\"https:\/\/www.florianschwinn.de\/wordpress\/wp-content\/uploads\/2021\/08\/AltTellinBrand1-Tierschutzbund-1024x691.jpg 1024w, https:\/\/www.florianschwinn.de\/wordpress\/wp-content\/uploads\/2021\/08\/AltTellinBrand1-Tierschutzbund-300x202.jpg 300w, https:\/\/www.florianschwinn.de\/wordpress\/wp-content\/uploads\/2021\/08\/AltTellinBrand1-Tierschutzbund-768x518.jpg 768w, https:\/\/www.florianschwinn.de\/wordpress\/wp-content\/uploads\/2021\/08\/AltTellinBrand1-Tierschutzbund.jpg 1143w\" sizes=\"auto, (max-width: 1024px) 100vw, 1024px\" \/><figcaption>Solche Bilder soll es nie wieder geben, wenn es nach dem erfahrensten Agrarlobbyisten der SPD geht. &#8222;Ein Fanal&#8220; hatte Till Backhaus, noch Landwirtschaftsminister in Mecklenburg-Vorpommern, den Brand des gr\u00f6\u00dften Schweinebetriebs im Land genannt. \u00dcber 55.000 Tiere sind dabei verendet. | Foto: Tierschutzbund Mecklenburg-Vorpommern<\/figcaption><\/figure>\n\n\n\n<p>Dann k\u00f6nnte Till Backhaus auch beweisen, ob er es ernst meint mit dem Umbau der Tierhaltung. Nachdem in Mecklenburg-Vorpommern bei einem gewaltigen Stallbrand im gr\u00f6\u00dften Ferkelzuchtbetrieb des Landes kurz vor Ostern \u00fcber 55.000 Tiere umgekommen waren, hatte er als zust\u00e4ndiger Agrarminister von einem \u201eFanal\u201c gesprochen, und dann davon, solche riesigen Tierst\u00e4lle in Zukunft generell nicht mehr genehmigen zu wollen. Au\u00dferdem solle die Tierhaltung an die landwirtschaftliche Fl\u00e4che gebunden werden. Wenn man das zu Ende denkt, w\u00fcrde es bedeuten, dass von einem Betrieb nur so viele Tiere gehalten werden k\u00f6nnen, wie er mit den eigenen \u00c4ckern und Weiden ern\u00e4hren kann. Und das w\u00e4re dann tats\u00e4chlich die Agrarwende, zumindest in der Tierhaltung. Allein, ob dieser Minister, der Jahrzehnte lang Zeit hatte, etwas zu \u00e4ndern, nun pl\u00f6tzlich in einer Ampelkoalition in Berlin den Fortschritt verk\u00f6rpern w\u00fcrde?<\/p>\n\n\n\n<p><strong>Achtung Sondierungsprofis<\/strong><\/p>\n\n\n\n<p>Aber so weit, dass die SPD schon mitreden d\u00fcrfte, sind wir noch gar nicht. Und vielleicht kommen wir in Sachen Umwelt- und Agrarpolitik auch gar nicht so weit. Bei den Sondierungsgespr\u00e4chen zwischen FDP und Gr\u00fcnen sitzen mit Volker Wissing und Robert Habeck immerhin zwei am Tisch, die schon mal eine Regierungsbeteiligung beider Parteien ausgehandelt haben, und die schon mal Landesminister f\u00fcr Umwelt- und Landwirtschaft waren. Da k\u00f6nnte die Runde am Ende, wenn sie sich \u00fcber alle Gr\u00e4ben inhaltlich einig wird, auch auf die Idee kommen, diese beiden Ressorts auch im Bund zusammenzulegen. Dann w\u00e4re das gegenseitige Beharken schon mal ausgeschlossen, mit dem Umwelt- und Landwirtschaftsministerium in der Vergangenheit s\u00e4mtliche Reformen verhindert haben. Und wenn die Gr\u00fcnen ihren Wunsch nach einem Klimaschutzministerium dann auch noch durchsetzen sollten, k\u00f6nnte das ebenfalls dazu kommen. Wobei Olaf Scholz ja \u201eKlimakanzler\u201c werden will und der Klimaschutz also ins Kanzleramt geh\u00f6ren m\u00fcsste. Aber Klimakanzlerin wollte auch Angela Merkel schon mal sein. Dass sie es nicht war, hat ihr Deutschlands oberstes Gericht attestiert.<\/p>\n\n\n\n<div class=\"wp-block-image\"><figure class=\"alignleft size-full is-resized\"><img loading=\"lazy\" decoding=\"async\" src=\"https:\/\/www.florianschwinn.de\/wordpress\/wp-content\/uploads\/2021\/09\/SondierungsSelfieFDPGruene.jpg\" alt=\"\" class=\"wp-image-1092\" width=\"329\" height=\"217\" srcset=\"https:\/\/www.florianschwinn.de\/wordpress\/wp-content\/uploads\/2021\/09\/SondierungsSelfieFDPGruene.jpg 511w, https:\/\/www.florianschwinn.de\/wordpress\/wp-content\/uploads\/2021\/09\/SondierungsSelfieFDPGruene-300x198.jpg 300w\" sizes=\"auto, (max-width: 329px) 100vw, 329px\" \/><figcaption>Was wir hier auch sehen: Zwei ehemalige Umwelt- und Landwirtschaftsminister sondieren f\u00fcr FDP und Gr\u00fcne &#8211; Volker Wissing und Robert Habeck. Was bedeutet das f\u00fcr Klima, Landschaft und Natur? | Selfie: Volker Wissing<\/figcaption><\/figure><\/div>\n\n\n\n<p>Was Klimaschutz und vor allem Landwirtschaft angeht, liegen die Vorschl\u00e4ge f\u00fcr umfassende Reformen und sofortiges Handeln auf dem Tisch. Die bisherige Bundesregierung hat in ihrer letzten Legislaturperiode jede Menge Kommissionen und Beratungsgremien an Zukunftsvorschl\u00e4gen arbeiten lassen. Nichts von all den Vorschl\u00e4gen ist umgesetzt worden, aber alles liegt auf dem Tisch. Oder es k\u00f6nnte dort liegen, wenn man es aus den Schubladen holt. Was die Tierhaltung in Massenst\u00e4llen angeht, weltweit einer der gr\u00f6\u00dften Emittenten von Treibhausgasen, gehen die Vorschl\u00e4ge sogar noch weiter zur\u00fcck. Bereits 2015 attestierte der Wissenschaftliche Beirat f\u00fcr Agrarpolitik, Ern\u00e4hrung und gesundheitlichen Verbraucherschutz der Bundesregierung, dass die Tierhaltung in Deutschland nicht zukunftsf\u00e4hig ist. Der Sachverst\u00e4ndigenrat f\u00fcr Umweltfragen hatte schon 2009 eine \u00d6kologisierung der Landwirtschaftspolitik vorgeschlagen, auch um die Emission von Treibhausgasen zu verringern. In der jetzt zu Ende gehenden Legislaturperiode kamen dann das Kompetenznetzwerk Nutztierhaltung und die Zukunftskommission Landwirtschaft dazu. Beide Gremien waren von der Bundesregierung berufen worden und legten umfassende Umbauvorschl\u00e4ge vor.<\/p>\n\n\n\n<p>Kurz vor der Bundestagswahl hatte der Vorsitzende des Kompetenznetzwerks Nutztierhaltung, der ehemalige CDU-Landwirtschaftsminister Jochen Borchert, noch einmal bekr\u00e4ftigt: \u201eAn der Tierwohldebatte kommt keine politische Partei mehr vorbei.\u201c Und wenn daran niemand vorbeikommt, dann \u00fcbrigens auch nicht an der Debatte \u00fcber die Finanzierung von Tierwohl, die am Ende auf eine zus\u00e4tzliche Verbrauchssteuer hinausl\u00e4uft. Wir werden erleben, ob auch die unter die strikte Ablehnung von Steuererh\u00f6hungen durch die FDP f\u00e4llt.<\/p>\n\n\n\n<p>Die Zukunftskommission Landwirtschaft hatte schon bei ihrer letzten Sitzung beschlossen, sich nach der Wahl noch einmal zu Wort zu melden. Dann, wenn die Themen Klimaschutz und Landwirtschaft in die Koalitionsverhandlungen eingebracht werden m\u00fcssen. Es d\u00fcrfte also dann doch mal wieder um ein paar Inhalte gehen. Der inhaltsleere Wahlkampf ist vor\u00fcber und mit Selfiebildchen allein l\u00e4sst sich das nicht gestalten, was jetzt kommen muss.<\/p>\n","protected":false},"excerpt":{"rendered":"<p>Wenn die Ampel regiert, k\u00f6nnten Verbraucherinteressen in den Vordergrund r\u00fccken. Es k\u00f6nnten den Agrochemiekonzernen und der \u00fcbrigen Agrarlobby die seit Jahrzehnten gepflegten Seilschaften verloren gehen. Es k\u00f6nnte schwieriger werden, gegen die in allen Umfragen erkl\u00e4rten Interessen von Verbraucherinnen und Verbraucher weiter zu machen mit gro\u00dffl\u00e4chigem Chemieeinsatz auf den Feldern und Tierausbeutung in Massenst\u00e4llen. Allerdings kann &#8230; <a title=\"Selfie mit Umwelt- und Agrarpolitik\" class=\"read-more\" href=\"https:\/\/www.florianschwinn.de\/wordpress\/selfie-mit-umwelt-und-agrarpolitik\/\" aria-label=\"Mehr zu Selfie mit Umwelt- und Agrarpolitik\">Weiterlesen &#8230;<\/a><\/p>\n","protected":false},"author":1,"featured_media":0,"comment_status":"closed","ping_status":"closed","sticky":false,"template":"","format":"standard","meta":{"footnotes":""},"categories":[8,48,3,2],"tags":[88],"class_list":["post-1090","post","type-post","status-publish","format-standard","hentry","category-agrarpolitik","category-klima","category-landwirtschaft","category-tierhaltung","tag-koalitionsverhandlungen","infinite-scroll-item"],"yoast_head":"<!-- This site is optimized with the Yoast SEO plugin v27.5 - https:\/\/yoast.com\/product\/yoast-seo-wordpress\/ -->\n<title>Selfie mit Umwelt- und Agrarpolitik - F\u00fchrerschein f\u00fcr Einkaufswagen<\/title>\n<meta name=\"robots\" content=\"index, follow, max-snippet:-1, max-image-preview:large, max-video-preview:-1\" \/>\n<link rel=\"canonical\" href=\"https:\/\/www.florianschwinn.de\/wordpress\/selfie-mit-umwelt-und-agrarpolitik\/\" \/>\n<meta property=\"og:locale\" content=\"de_DE\" \/>\n<meta property=\"og:type\" content=\"article\" \/>\n<meta property=\"og:title\" content=\"Selfie mit Umwelt- und Agrarpolitik - F\u00fchrerschein f\u00fcr Einkaufswagen\" \/>\n<meta property=\"og:description\" content=\"Wenn die Ampel regiert, k\u00f6nnten Verbraucherinteressen in den Vordergrund r\u00fccken. Es k\u00f6nnten den Agrochemiekonzernen und der \u00fcbrigen Agrarlobby die seit Jahrzehnten gepflegten Seilschaften verloren gehen. Es k\u00f6nnte schwieriger werden, gegen die in allen Umfragen erkl\u00e4rten Interessen von Verbraucherinnen und Verbraucher weiter zu machen mit gro\u00dffl\u00e4chigem Chemieeinsatz auf den Feldern und Tierausbeutung in Massenst\u00e4llen. Allerdings kann ... Weiterlesen ...\" \/>\n<meta property=\"og:url\" content=\"https:\/\/www.florianschwinn.de\/wordpress\/selfie-mit-umwelt-und-agrarpolitik\/\" \/>\n<meta property=\"og:site_name\" content=\"F\u00fchrerschein f\u00fcr Einkaufswagen\" \/>\n<meta property=\"article:published_time\" content=\"2021-09-30T06:00:00+00:00\" \/>\n<meta property=\"article:modified_time\" content=\"2021-09-30T07:44:47+00:00\" \/>\n<meta property=\"og:image\" content=\"https:\/\/www.florianschwinn.de\/wordpress\/wp-content\/uploads\/2021\/09\/FFF-KlimastreikWahl2021-1024x683.jpg\" \/>\n<meta name=\"author\" content=\"Florian Schwinn\" \/>\n<meta name=\"twitter:card\" content=\"summary_large_image\" \/>\n<meta name=\"twitter:creator\" content=\"@Journaille\" \/>\n<meta name=\"twitter:site\" content=\"@Journaille\" \/>\n<meta name=\"twitter:label1\" content=\"Verfasst von\" \/>\n\t<meta name=\"twitter:data1\" content=\"Florian Schwinn\" \/>\n\t<meta name=\"twitter:label2\" content=\"Gesch\u00e4tzte Lesezeit\" \/>\n\t<meta name=\"twitter:data2\" content=\"5\u00a0Minuten\" \/>\n<script type=\"application\/ld+json\" class=\"yoast-schema-graph\">{\"@context\":\"https:\\\/\\\/schema.org\",\"@graph\":[{\"@type\":\"Article\",\"@id\":\"https:\\\/\\\/www.florianschwinn.de\\\/wordpress\\\/selfie-mit-umwelt-und-agrarpolitik\\\/#article\",\"isPartOf\":{\"@id\":\"https:\\\/\\\/www.florianschwinn.de\\\/wordpress\\\/selfie-mit-umwelt-und-agrarpolitik\\\/\"},\"author\":{\"name\":\"Florian Schwinn\",\"@id\":\"https:\\\/\\\/www.florianschwinn.de\\\/wordpress\\\/#\\\/schema\\\/person\\\/79b5d182d53386a59defbc7c19766aae\"},\"headline\":\"Selfie mit Umwelt- und Agrarpolitik\",\"datePublished\":\"2021-09-30T06:00:00+00:00\",\"dateModified\":\"2021-09-30T07:44:47+00:00\",\"mainEntityOfPage\":{\"@id\":\"https:\\\/\\\/www.florianschwinn.de\\\/wordpress\\\/selfie-mit-umwelt-und-agrarpolitik\\\/\"},\"wordCount\":1073,\"publisher\":{\"@id\":\"https:\\\/\\\/www.florianschwinn.de\\\/wordpress\\\/#organization\"},\"image\":{\"@id\":\"https:\\\/\\\/www.florianschwinn.de\\\/wordpress\\\/selfie-mit-umwelt-und-agrarpolitik\\\/#primaryimage\"},\"thumbnailUrl\":\"https:\\\/\\\/www.florianschwinn.de\\\/wordpress\\\/wp-content\\\/uploads\\\/2021\\\/09\\\/FFF-KlimastreikWahl2021-1024x683.jpg\",\"keywords\":[\"Koalitionsverhandlungen\"],\"articleSection\":[\"Agrarpolitik\",\"Klima\",\"Landwirtschaft\",\"Tierhaltung\"],\"inLanguage\":\"de\"},{\"@type\":\"WebPage\",\"@id\":\"https:\\\/\\\/www.florianschwinn.de\\\/wordpress\\\/selfie-mit-umwelt-und-agrarpolitik\\\/\",\"url\":\"https:\\\/\\\/www.florianschwinn.de\\\/wordpress\\\/selfie-mit-umwelt-und-agrarpolitik\\\/\",\"name\":\"Selfie mit Umwelt- und Agrarpolitik - F\u00fchrerschein f\u00fcr Einkaufswagen\",\"isPartOf\":{\"@id\":\"https:\\\/\\\/www.florianschwinn.de\\\/wordpress\\\/#website\"},\"primaryImageOfPage\":{\"@id\":\"https:\\\/\\\/www.florianschwinn.de\\\/wordpress\\\/selfie-mit-umwelt-und-agrarpolitik\\\/#primaryimage\"},\"image\":{\"@id\":\"https:\\\/\\\/www.florianschwinn.de\\\/wordpress\\\/selfie-mit-umwelt-und-agrarpolitik\\\/#primaryimage\"},\"thumbnailUrl\":\"https:\\\/\\\/www.florianschwinn.de\\\/wordpress\\\/wp-content\\\/uploads\\\/2021\\\/09\\\/FFF-KlimastreikWahl2021-1024x683.jpg\",\"datePublished\":\"2021-09-30T06:00:00+00:00\",\"dateModified\":\"2021-09-30T07:44:47+00:00\",\"breadcrumb\":{\"@id\":\"https:\\\/\\\/www.florianschwinn.de\\\/wordpress\\\/selfie-mit-umwelt-und-agrarpolitik\\\/#breadcrumb\"},\"inLanguage\":\"de\",\"potentialAction\":[{\"@type\":\"ReadAction\",\"target\":[\"https:\\\/\\\/www.florianschwinn.de\\\/wordpress\\\/selfie-mit-umwelt-und-agrarpolitik\\\/\"]}]},{\"@type\":\"ImageObject\",\"inLanguage\":\"de\",\"@id\":\"https:\\\/\\\/www.florianschwinn.de\\\/wordpress\\\/selfie-mit-umwelt-und-agrarpolitik\\\/#primaryimage\",\"url\":\"https:\\\/\\\/www.florianschwinn.de\\\/wordpress\\\/wp-content\\\/uploads\\\/2021\\\/09\\\/FFF-KlimastreikWahl2021.jpg\",\"contentUrl\":\"https:\\\/\\\/www.florianschwinn.de\\\/wordpress\\\/wp-content\\\/uploads\\\/2021\\\/09\\\/FFF-KlimastreikWahl2021.jpg\",\"width\":2048,\"height\":1365},{\"@type\":\"BreadcrumbList\",\"@id\":\"https:\\\/\\\/www.florianschwinn.de\\\/wordpress\\\/selfie-mit-umwelt-und-agrarpolitik\\\/#breadcrumb\",\"itemListElement\":[{\"@type\":\"ListItem\",\"position\":1,\"name\":\"Startseite\",\"item\":\"https:\\\/\\\/www.florianschwinn.de\\\/wordpress\\\/\"},{\"@type\":\"ListItem\",\"position\":2,\"name\":\"Selfie mit Umwelt- und Agrarpolitik\"}]},{\"@type\":\"WebSite\",\"@id\":\"https:\\\/\\\/www.florianschwinn.de\\\/wordpress\\\/#website\",\"url\":\"https:\\\/\\\/www.florianschwinn.de\\\/wordpress\\\/\",\"name\":\"F\u00fchrerschein f\u00fcr Einkaufswagen\",\"description\":\"Hintergrundwissen f\u00fcr bewussten Konsum\",\"publisher\":{\"@id\":\"https:\\\/\\\/www.florianschwinn.de\\\/wordpress\\\/#organization\"},\"potentialAction\":[{\"@type\":\"SearchAction\",\"target\":{\"@type\":\"EntryPoint\",\"urlTemplate\":\"https:\\\/\\\/www.florianschwinn.de\\\/wordpress\\\/?s={search_term_string}\"},\"query-input\":{\"@type\":\"PropertyValueSpecification\",\"valueRequired\":true,\"valueName\":\"search_term_string\"}}],\"inLanguage\":\"de\"},{\"@type\":\"Organization\",\"@id\":\"https:\\\/\\\/www.florianschwinn.de\\\/wordpress\\\/#organization\",\"name\":\"F\u00fchrerschein f\u00fcr Einkaufswagen\",\"url\":\"https:\\\/\\\/www.florianschwinn.de\\\/wordpress\\\/\",\"logo\":{\"@type\":\"ImageObject\",\"inLanguage\":\"de\",\"@id\":\"https:\\\/\\\/www.florianschwinn.de\\\/wordpress\\\/#\\\/schema\\\/logo\\\/image\\\/\",\"url\":\"https:\\\/\\\/www.florianschwinn.de\\\/wordpress\\\/wp-content\\\/uploads\\\/2021\\\/08\\\/PodcastCover-scaled.jpg\",\"contentUrl\":\"https:\\\/\\\/www.florianschwinn.de\\\/wordpress\\\/wp-content\\\/uploads\\\/2021\\\/08\\\/PodcastCover-scaled.jpg\",\"width\":2560,\"height\":2560,\"caption\":\"F\u00fchrerschein f\u00fcr Einkaufswagen\"},\"image\":{\"@id\":\"https:\\\/\\\/www.florianschwinn.de\\\/wordpress\\\/#\\\/schema\\\/logo\\\/image\\\/\"},\"sameAs\":[\"https:\\\/\\\/x.com\\\/Journaille\"]},{\"@type\":\"Person\",\"@id\":\"https:\\\/\\\/www.florianschwinn.de\\\/wordpress\\\/#\\\/schema\\\/person\\\/79b5d182d53386a59defbc7c19766aae\",\"name\":\"Florian Schwinn\",\"image\":{\"@type\":\"ImageObject\",\"inLanguage\":\"de\",\"@id\":\"https:\\\/\\\/secure.gravatar.com\\\/avatar\\\/015c7bb04f4a6b87161c1c34a5fa9dee51f9903ee033683f3fce49e1db8df547?s=96&d=mm&r=g\",\"url\":\"https:\\\/\\\/secure.gravatar.com\\\/avatar\\\/015c7bb04f4a6b87161c1c34a5fa9dee51f9903ee033683f3fce49e1db8df547?s=96&d=mm&r=g\",\"contentUrl\":\"https:\\\/\\\/secure.gravatar.com\\\/avatar\\\/015c7bb04f4a6b87161c1c34a5fa9dee51f9903ee033683f3fce49e1db8df547?s=96&d=mm&r=g\",\"caption\":\"Florian Schwinn\"},\"sameAs\":[\"https:\\\/\\\/www.florianschwinn.de\\\/wordpress\"],\"url\":\"https:\\\/\\\/www.florianschwinn.de\\\/wordpress\\\/author\\\/florianschwinn_wpkolum\\\/\"}]}<\/script>\n<!-- \/ Yoast SEO plugin. -->","yoast_head_json":{"title":"Selfie mit Umwelt- und Agrarpolitik - F\u00fchrerschein f\u00fcr Einkaufswagen","robots":{"index":"index","follow":"follow","max-snippet":"max-snippet:-1","max-image-preview":"max-image-preview:large","max-video-preview":"max-video-preview:-1"},"canonical":"https:\/\/www.florianschwinn.de\/wordpress\/selfie-mit-umwelt-und-agrarpolitik\/","og_locale":"de_DE","og_type":"article","og_title":"Selfie mit Umwelt- und Agrarpolitik - F\u00fchrerschein f\u00fcr Einkaufswagen","og_description":"Wenn die Ampel regiert, k\u00f6nnten Verbraucherinteressen in den Vordergrund r\u00fccken. Es k\u00f6nnten den Agrochemiekonzernen und der \u00fcbrigen Agrarlobby die seit Jahrzehnten gepflegten Seilschaften verloren gehen. Es k\u00f6nnte schwieriger werden, gegen die in allen Umfragen erkl\u00e4rten Interessen von Verbraucherinnen und Verbraucher weiter zu machen mit gro\u00dffl\u00e4chigem Chemieeinsatz auf den Feldern und Tierausbeutung in Massenst\u00e4llen. Allerdings kann ... Weiterlesen ...","og_url":"https:\/\/www.florianschwinn.de\/wordpress\/selfie-mit-umwelt-und-agrarpolitik\/","og_site_name":"F\u00fchrerschein f\u00fcr Einkaufswagen","article_published_time":"2021-09-30T06:00:00+00:00","article_modified_time":"2021-09-30T07:44:47+00:00","og_image":[{"url":"https:\/\/www.florianschwinn.de\/wordpress\/wp-content\/uploads\/2021\/09\/FFF-KlimastreikWahl2021-1024x683.jpg","type":"","width":"","height":""}],"author":"Florian Schwinn","twitter_card":"summary_large_image","twitter_creator":"@Journaille","twitter_site":"@Journaille","twitter_misc":{"Verfasst von":"Florian Schwinn","Gesch\u00e4tzte Lesezeit":"5\u00a0Minuten"},"schema":{"@context":"https:\/\/schema.org","@graph":[{"@type":"Article","@id":"https:\/\/www.florianschwinn.de\/wordpress\/selfie-mit-umwelt-und-agrarpolitik\/#article","isPartOf":{"@id":"https:\/\/www.florianschwinn.de\/wordpress\/selfie-mit-umwelt-und-agrarpolitik\/"},"author":{"name":"Florian Schwinn","@id":"https:\/\/www.florianschwinn.de\/wordpress\/#\/schema\/person\/79b5d182d53386a59defbc7c19766aae"},"headline":"Selfie mit Umwelt- und Agrarpolitik","datePublished":"2021-09-30T06:00:00+00:00","dateModified":"2021-09-30T07:44:47+00:00","mainEntityOfPage":{"@id":"https:\/\/www.florianschwinn.de\/wordpress\/selfie-mit-umwelt-und-agrarpolitik\/"},"wordCount":1073,"publisher":{"@id":"https:\/\/www.florianschwinn.de\/wordpress\/#organization"},"image":{"@id":"https:\/\/www.florianschwinn.de\/wordpress\/selfie-mit-umwelt-und-agrarpolitik\/#primaryimage"},"thumbnailUrl":"https:\/\/www.florianschwinn.de\/wordpress\/wp-content\/uploads\/2021\/09\/FFF-KlimastreikWahl2021-1024x683.jpg","keywords":["Koalitionsverhandlungen"],"articleSection":["Agrarpolitik","Klima","Landwirtschaft","Tierhaltung"],"inLanguage":"de"},{"@type":"WebPage","@id":"https:\/\/www.florianschwinn.de\/wordpress\/selfie-mit-umwelt-und-agrarpolitik\/","url":"https:\/\/www.florianschwinn.de\/wordpress\/selfie-mit-umwelt-und-agrarpolitik\/","name":"Selfie mit Umwelt- und Agrarpolitik - F\u00fchrerschein f\u00fcr Einkaufswagen","isPartOf":{"@id":"https:\/\/www.florianschwinn.de\/wordpress\/#website"},"primaryImageOfPage":{"@id":"https:\/\/www.florianschwinn.de\/wordpress\/selfie-mit-umwelt-und-agrarpolitik\/#primaryimage"},"image":{"@id":"https:\/\/www.florianschwinn.de\/wordpress\/selfie-mit-umwelt-und-agrarpolitik\/#primaryimage"},"thumbnailUrl":"https:\/\/www.florianschwinn.de\/wordpress\/wp-content\/uploads\/2021\/09\/FFF-KlimastreikWahl2021-1024x683.jpg","datePublished":"2021-09-30T06:00:00+00:00","dateModified":"2021-09-30T07:44:47+00:00","breadcrumb":{"@id":"https:\/\/www.florianschwinn.de\/wordpress\/selfie-mit-umwelt-und-agrarpolitik\/#breadcrumb"},"inLanguage":"de","potentialAction":[{"@type":"ReadAction","target":["https:\/\/www.florianschwinn.de\/wordpress\/selfie-mit-umwelt-und-agrarpolitik\/"]}]},{"@type":"ImageObject","inLanguage":"de","@id":"https:\/\/www.florianschwinn.de\/wordpress\/selfie-mit-umwelt-und-agrarpolitik\/#primaryimage","url":"https:\/\/www.florianschwinn.de\/wordpress\/wp-content\/uploads\/2021\/09\/FFF-KlimastreikWahl2021.jpg","contentUrl":"https:\/\/www.florianschwinn.de\/wordpress\/wp-content\/uploads\/2021\/09\/FFF-KlimastreikWahl2021.jpg","width":2048,"height":1365},{"@type":"BreadcrumbList","@id":"https:\/\/www.florianschwinn.de\/wordpress\/selfie-mit-umwelt-und-agrarpolitik\/#breadcrumb","itemListElement":[{"@type":"ListItem","position":1,"name":"Startseite","item":"https:\/\/www.florianschwinn.de\/wordpress\/"},{"@type":"ListItem","position":2,"name":"Selfie mit Umwelt- und Agrarpolitik"}]},{"@type":"WebSite","@id":"https:\/\/www.florianschwinn.de\/wordpress\/#website","url":"https:\/\/www.florianschwinn.de\/wordpress\/","name":"F\u00fchrerschein f\u00fcr Einkaufswagen","description":"Hintergrundwissen f\u00fcr bewussten Konsum","publisher":{"@id":"https:\/\/www.florianschwinn.de\/wordpress\/#organization"},"potentialAction":[{"@type":"SearchAction","target":{"@type":"EntryPoint","urlTemplate":"https:\/\/www.florianschwinn.de\/wordpress\/?s={search_term_string}"},"query-input":{"@type":"PropertyValueSpecification","valueRequired":true,"valueName":"search_term_string"}}],"inLanguage":"de"},{"@type":"Organization","@id":"https:\/\/www.florianschwinn.de\/wordpress\/#organization","name":"F\u00fchrerschein f\u00fcr Einkaufswagen","url":"https:\/\/www.florianschwinn.de\/wordpress\/","logo":{"@type":"ImageObject","inLanguage":"de","@id":"https:\/\/www.florianschwinn.de\/wordpress\/#\/schema\/logo\/image\/","url":"https:\/\/www.florianschwinn.de\/wordpress\/wp-content\/uploads\/2021\/08\/PodcastCover-scaled.jpg","contentUrl":"https:\/\/www.florianschwinn.de\/wordpress\/wp-content\/uploads\/2021\/08\/PodcastCover-scaled.jpg","width":2560,"height":2560,"caption":"F\u00fchrerschein f\u00fcr Einkaufswagen"},"image":{"@id":"https:\/\/www.florianschwinn.de\/wordpress\/#\/schema\/logo\/image\/"},"sameAs":["https:\/\/x.com\/Journaille"]},{"@type":"Person","@id":"https:\/\/www.florianschwinn.de\/wordpress\/#\/schema\/person\/79b5d182d53386a59defbc7c19766aae","name":"Florian Schwinn","image":{"@type":"ImageObject","inLanguage":"de","@id":"https:\/\/secure.gravatar.com\/avatar\/015c7bb04f4a6b87161c1c34a5fa9dee51f9903ee033683f3fce49e1db8df547?s=96&d=mm&r=g","url":"https:\/\/secure.gravatar.com\/avatar\/015c7bb04f4a6b87161c1c34a5fa9dee51f9903ee033683f3fce49e1db8df547?s=96&d=mm&r=g","contentUrl":"https:\/\/secure.gravatar.com\/avatar\/015c7bb04f4a6b87161c1c34a5fa9dee51f9903ee033683f3fce49e1db8df547?s=96&d=mm&r=g","caption":"Florian Schwinn"},"sameAs":["https:\/\/www.florianschwinn.de\/wordpress"],"url":"https:\/\/www.florianschwinn.de\/wordpress\/author\/florianschwinn_wpkolum\/"}]}},"_links":{"self":[{"href":"https:\/\/www.florianschwinn.de\/wordpress\/wp-json\/wp\/v2\/posts\/1090","targetHints":{"allow":["GET"]}}],"collection":[{"href":"https:\/\/www.florianschwinn.de\/wordpress\/wp-json\/wp\/v2\/posts"}],"about":[{"href":"https:\/\/www.florianschwinn.de\/wordpress\/wp-json\/wp\/v2\/types\/post"}],"author":[{"embeddable":true,"href":"https:\/\/www.florianschwinn.de\/wordpress\/wp-json\/wp\/v2\/users\/1"}],"replies":[{"embeddable":true,"href":"https:\/\/www.florianschwinn.de\/wordpress\/wp-json\/wp\/v2\/comments?post=1090"}],"version-history":[{"count":3,"href":"https:\/\/www.florianschwinn.de\/wordpress\/wp-json\/wp\/v2\/posts\/1090\/revisions"}],"predecessor-version":[{"id":1096,"href":"https:\/\/www.florianschwinn.de\/wordpress\/wp-json\/wp\/v2\/posts\/1090\/revisions\/1096"}],"wp:attachment":[{"href":"https:\/\/www.florianschwinn.de\/wordpress\/wp-json\/wp\/v2\/media?parent=1090"}],"wp:term":[{"taxonomy":"category","embeddable":true,"href":"https:\/\/www.florianschwinn.de\/wordpress\/wp-json\/wp\/v2\/categories?post=1090"},{"taxonomy":"post_tag","embeddable":true,"href":"https:\/\/www.florianschwinn.de\/wordpress\/wp-json\/wp\/v2\/tags?post=1090"}],"curies":[{"name":"wp","href":"https:\/\/api.w.org\/{rel}","templated":true}]}}