{"id":1299,"date":"2022-01-13T08:00:00","date_gmt":"2022-01-13T07:00:00","guid":{"rendered":"https:\/\/www.florianschwinn.de\/wordpress\/?p=1299"},"modified":"2022-04-06T16:52:55","modified_gmt":"2022-04-06T14:52:55","slug":"wir-koennen-nicht-mehr-warten","status":"publish","type":"post","link":"https:\/\/www.florianschwinn.de\/wordpress\/wir-koennen-nicht-mehr-warten\/","title":{"rendered":"Wir k\u00f6nnen nicht mehr warten!"},"content":{"rendered":"\n<figure class=\"wp-block-image size-large\"><img loading=\"lazy\" decoding=\"async\" width=\"1024\" height=\"612\" src=\"https:\/\/www.florianschwinn.de\/wordpress\/wp-content\/uploads\/2022\/01\/WirhabenessattDemo2021b-1-1024x612.jpg\" alt=\"\" class=\"wp-image-1305\" srcset=\"https:\/\/www.florianschwinn.de\/wordpress\/wp-content\/uploads\/2022\/01\/WirhabenessattDemo2021b-1-1024x612.jpg 1024w, https:\/\/www.florianschwinn.de\/wordpress\/wp-content\/uploads\/2022\/01\/WirhabenessattDemo2021b-1-300x179.jpg 300w, https:\/\/www.florianschwinn.de\/wordpress\/wp-content\/uploads\/2022\/01\/WirhabenessattDemo2021b-1-768x459.jpg 768w, https:\/\/www.florianschwinn.de\/wordpress\/wp-content\/uploads\/2022\/01\/WirhabenessattDemo2021b-1-1536x918.jpg 1536w, https:\/\/www.florianschwinn.de\/wordpress\/wp-content\/uploads\/2022\/01\/WirhabenessattDemo2021b-1-2048x1224.jpg 2048w\" sizes=\"auto, (max-width: 1024px) 100vw, 1024px\" \/><figcaption>Wegen Corona: Treckerdemo ohne Begleitung in Berlin. So wird es auch diesmal aussehen, wenn die Kampagne &#8222;Wir haben es satt&#8220; den neuen Landwirtschaftsminister Cem \u00d6zdemir besucht. | Foto: Nick Jaussi \/ wir-haben-es-satt.de<\/figcaption><\/figure>\n\n\n\n<p>Am 22. Januar sollte sie wieder stattfinden \u2013 die gro\u00dfe Demo unter dem Motto \u201eWir haben es satt!\u201c gegen die Agrarindustrie und f\u00fcr die Agrarwende in Berlin. Seit 2011 war die Teilnehmerzahl gewachsen, 2019 waren es 27.000. Und es sind immer mehr Traktoren vor dem Brandenburger Tor aufgefahren. Bis Corona kam. Nun ist die Gro\u00dfdemonstration zur Gr\u00fcnen Woche zum zweiten Mal abgesagt, genauso wie die gr\u00f6\u00dfte Agrarmesse der Welt. Das ist notwendig und fatal zugleich, denn noch nie dr\u00e4ngten die Themen mehr, sagen die Organisationen, die allj\u00e4hrlich zu dieser Demo aufrufen. In ihrem aktuellen Aufruf fordern sie einen Neustart der Agrarpolitik. Als Ersatz f\u00fcr die Demonstration findet eine <a href=\"https:\/\/www.wir-haben-es-satt.de\/mitmachen\/staffellauch\" target=\"_blank\" rel=\"noreferrer noopener\">Videoaktion<\/a> im Netz statt. Am 22. Januar sollen dann aber doch ein paar Trecker vor dem Brandenburger Tor auffahren.<\/p>\n\n\n\n<p>Organisiert wird die Kampagne \u201e<a href=\"https:\/\/www.wir-haben-es-satt.de\/ueber-uns\/traegerkreis\" target=\"_blank\" rel=\"noreferrer noopener\">Wir haben es satt<\/a>!\u201c von der Agraropposition und von Bioanbauverb\u00e4nden zusammen mit Umwelt-, Entwicklungs- und Verbraucherorganisationen. Von Anfang an dabei ist die \u00e4lteste Organisation der deutschen Agraropposition, die 1980 gegr\u00fcndete Arbeitsgemeinschaft b\u00e4uerliche Landwirtschaft AbL. Mit Lena Jacobi von der AbL habe ich \u00fcber die Themen gesprochen, die die abgesagte Demo auf die Stra\u00dfe bringen sollte. Und dar\u00fcber, ob sich die Agrarpolitik derzeit nicht ohnehin \u00e4ndert.<\/p>\n\n\n\n<h2 class=\"has-medium-font-size wp-block-heading\">Neue Signale?<\/h2>\n\n\n\n<p>Lena Jacobi ist auf dem elterlichen Biolandhof in Ostwestfalen aufgewachsen. Sie hat in Witzenhausen an der Uni Kassel \u00d6kologische Landwirtschaft studiert und arbeitet derzeit im Regionalb\u00fcro des gr\u00fcnen hessischen Landtagsabgeordneten und Biobauern Hans-J\u00fcrgen M\u00fcller. Im vergangenen Jahr ist sie in den Vorstand der AbL gew\u00e4hlt worden.<\/p>\n\n\n\n<p>?&nbsp;&nbsp;&nbsp;&nbsp;&nbsp;&nbsp;&nbsp;&nbsp;&nbsp; Der Aufruf zur jetzt verschobenen Wir-haben-es-satt-Demo ist \u00fcberschrieben mit dem Motto \u201eWir haben die Blockadepolitik satt\u201c. Ohne Frage litten die letzten Bundeslandwirtschaftsministerinnen und -minister von Ilse Aigner \u00fcber Christian Schmidt bis Julia Kl\u00f6ckner an Prokrastination, also Verschieberitis. Aber haben Sie nicht den Eindruck, dass jetzt andere Signale kommen?<\/p>\n\n\n\n<p>!&nbsp;&nbsp;&nbsp;&nbsp;&nbsp;&nbsp;&nbsp;&nbsp;&nbsp;&nbsp; Andere Signale gibt es auf jeden Fall aus dem Bereich der Landwirtschaft. Da hat sich in der letzten Zeit die Stimmung ver\u00e4ndert. Auch die konservativen Kr\u00e4fte haben bemerkt, dass es kein Weiter-so mehr geben kann. Wir haben gemeinsam im Kompetenznetzwerk Nutztierhaltung, also der Borchert-Kommission und in der ZKL, der Zukunftskommission Landwirtschaft, an einem branchen\u00fcbergreifenden Konsens zur Zukunft der Tierhaltung und der gesamten Landwirtschaft gearbeitet. Und das f\u00fchrt hoffentlich endlich auch zu einem Wandel in der Agrarpolitik. Die Konzepte liegen vor und es muss sich jetzt zeigen, ob die neue Bundesregierung das wirklich anpackt.<\/p>\n\n\n\n<p>?&nbsp;&nbsp;&nbsp;&nbsp;&nbsp;&nbsp;&nbsp;&nbsp;&nbsp; Es steht zwar nichts von ZKL und Borchert-Kommission im Koalitionsvertrag der Ampel, aber Cem \u00d6zdemir hat gleich nach seiner Ernennung von beiden Konzepten gesprochen. Ist das kein Signal?<\/p>\n\n\n\n<p>!&nbsp;&nbsp;&nbsp;&nbsp;&nbsp;&nbsp;&nbsp;&nbsp;&nbsp;&nbsp; Wenn man frisch im Amt ist, gibt man viele Signale. Aber bislang ist nur geredet worden, noch nichts getan. Daf\u00fcr war vielleicht noch nicht viel Zeit, aber Gerede gab\u2019s auch fr\u00fcher schon. &nbsp;Und wir k\u00f6nnen nicht mehr l\u00e4nger abwarten. Die H\u00f6fe sterben jetzt! Deshalb m\u00fcssen wir unsere Themen auch jetzt auf die Stra\u00dfe bringen.<\/p>\n\n\n\n<p>Die Situation gerade in den Betrieben, die Tiere halten, ist nach wie vor miserabel. Die B\u00e4uerinnen und Bauern in den Schweinemastbetrieben zahlen quasi jeden Tag Eintritt, wenn sie ihren Stall betreten. Sie geben jedem Schwein, das den Hof verl\u00e4sst, f\u00fcnfzig Euro mit. So viel legen sie derzeit drauf. Deshalb m\u00fcssen die Vorschl\u00e4ge der Borchert-Kommission jetzt umgesetzt werden und es ist schlicht ein Vers\u00e4umnis, dass das nicht im Koalitionsvertrag steht.<\/p>\n\n\n\n<figure class=\"wp-block-image size-large\"><img loading=\"lazy\" decoding=\"async\" width=\"1024\" height=\"529\" src=\"https:\/\/www.florianschwinn.de\/wordpress\/wp-content\/uploads\/2022\/01\/AbL-LenaJacobi1-1-1024x529.jpg\" alt=\"\" class=\"wp-image-1306\" srcset=\"https:\/\/www.florianschwinn.de\/wordpress\/wp-content\/uploads\/2022\/01\/AbL-LenaJacobi1-1-1024x529.jpg 1024w, https:\/\/www.florianschwinn.de\/wordpress\/wp-content\/uploads\/2022\/01\/AbL-LenaJacobi1-1-300x155.jpg 300w, https:\/\/www.florianschwinn.de\/wordpress\/wp-content\/uploads\/2022\/01\/AbL-LenaJacobi1-1-768x397.jpg 768w, https:\/\/www.florianschwinn.de\/wordpress\/wp-content\/uploads\/2022\/01\/AbL-LenaJacobi1-1-1536x793.jpg 1536w, https:\/\/www.florianschwinn.de\/wordpress\/wp-content\/uploads\/2022\/01\/AbL-LenaJacobi1-1.jpg 1959w\" sizes=\"auto, (max-width: 1024px) 100vw, 1024px\" \/><figcaption>&#8222;Wir haben keine Zeit mehr&#8220;, sagt Lena Jacobi von der Arbeitsgemeinschaft b\u00e4uerliche Landwirtschaft: &#8222;Wir brauchen die Agrarwende jetzt!&#8220; | Foto: Biohof Jacobi<\/figcaption><\/figure>\n\n\n\n<h2 class=\"has-medium-font-size wp-block-heading\">Fleischsteuer?<\/h2>\n\n\n\n<p>?&nbsp;&nbsp;&nbsp;&nbsp;&nbsp;&nbsp;&nbsp;&nbsp;&nbsp; Wenn das unter dem ehemaligen Landwirtschaftsminister Jochen Borchert erarbeitete Konzept zum Umbau der Tierhaltung umgesetzt wird, muss das Fleisch teurer werden. Mehr Tierwohl kostet Geld, das die H\u00f6fe bekommen m\u00fcssen. Das kann einerseits \u00fcber staatliche Zusch\u00fcsse kommen. Das Konzept sieht aber auch eine Verbraucherabgabe auf Fleisch vor. Kommt eine Art Fleischsteuer auf uns zu?<\/p>\n\n\n\n<p>!&nbsp;&nbsp;&nbsp;&nbsp;&nbsp;&nbsp;&nbsp;&nbsp;&nbsp;&nbsp; Wie das auch immer gestaltet wird \u2013 klar ist, dass es kostendeckende Preise geben muss. Ich habe nichts dagegen, wenn das Geld irgendwo in der Handelskette generiert wird. Wenn ein Kilo Schweinefleisch den H\u00f6fen 1,25 Euro einbringt, in der Produktion aber 2,50 Euro kostet, dann ist das ein Marktversagen, das beendet werden muss.<\/p>\n\n\n\n<p>?&nbsp;&nbsp;&nbsp;&nbsp;&nbsp;&nbsp;&nbsp;&nbsp;&nbsp; Wenn die Tierhaltung tats\u00e4chlich artgerechter werden soll und deutlich weniger Tiere auf den gleichen Fl\u00e4chen wie heute gehalten werden, dann werden auch die 2,50 Euro nicht mehr kostendeckend sein. Das l\u00e4sst sich kaum in der Handelskette herausquetschen. Also muss das Fleisch so oder so teurer werden?<\/p>\n\n\n\n<p>!&nbsp;&nbsp;&nbsp;&nbsp;&nbsp;&nbsp;&nbsp;&nbsp;&nbsp;&nbsp; Ja, das Konzept hei\u00dft Klasse statt Masse. Das ist inzwischen selbst beim Landfrauenverband angekommen. Und in der ZKL ist festgehalten worden, dass der Fleischkonsum massiv zur\u00fcckgehen muss. Wenn wir wieder zur\u00fcckkommen zum Sonntagsbraten, dann darf der auch mehr kosten. Es gibt kein Menschenrecht auf billiges Fleisch, sage ich. Deshalb finde ich es auch in Ordnung, wenn Fleisch im Verh\u00e4ltnis zu anderen Lebensmitteln teurer wird.<\/p>\n\n\n\n<figure class=\"wp-block-image size-large\"><img loading=\"lazy\" decoding=\"async\" width=\"1024\" height=\"624\" src=\"https:\/\/www.florianschwinn.de\/wordpress\/wp-content\/uploads\/2022\/01\/WirhabenessattDemo2021-1-1024x624.jpg\" alt=\"\" class=\"wp-image-1308\" srcset=\"https:\/\/www.florianschwinn.de\/wordpress\/wp-content\/uploads\/2022\/01\/WirhabenessattDemo2021-1-1024x624.jpg 1024w, https:\/\/www.florianschwinn.de\/wordpress\/wp-content\/uploads\/2022\/01\/WirhabenessattDemo2021-1-300x183.jpg 300w, https:\/\/www.florianschwinn.de\/wordpress\/wp-content\/uploads\/2022\/01\/WirhabenessattDemo2021-1-768x468.jpg 768w, https:\/\/www.florianschwinn.de\/wordpress\/wp-content\/uploads\/2022\/01\/WirhabenessattDemo2021-1-1536x936.jpg 1536w, https:\/\/www.florianschwinn.de\/wordpress\/wp-content\/uploads\/2022\/01\/WirhabenessattDemo2021-1-2048x1249.jpg 2048w\" sizes=\"auto, (max-width: 1024px) 100vw, 1024px\" \/><figcaption>&#8222;Wir haben es satt&#8220; Demo unter Coronabedingungen. Im Januar 2021 wurde der Aufgang zum Kanzleramt mit Fu\u00dfabdr\u00fccken der Demonstrantinnen und Demonstranten gepflastert, die nicht kommen durften. | Foto: Nick Jaussi \/ wir-haben-es-satt.de<\/figcaption><\/figure>\n\n\n\n<h2 class=\"has-medium-font-size wp-block-heading\">Ern\u00e4hrungswende?<\/h2>\n\n\n\n<p>?&nbsp;&nbsp;&nbsp;&nbsp;&nbsp;&nbsp;&nbsp;&nbsp;&nbsp; Ist das die Ern\u00e4hrungswende, von der Sie im Aufruf zur Wir-haben-es-satt-Demo schreiben?<\/p>\n\n\n\n<p>!&nbsp;&nbsp;&nbsp;&nbsp;&nbsp;&nbsp;&nbsp;&nbsp;&nbsp;&nbsp; Das ist ein Teil davon. Unter Ern\u00e4hrungswende verstehe ich aber auch eine Regionalisierung des Lebensmittelmarktes. Wir m\u00fcssen, um beim Fleisch zu bleiben, weg von den riesigen zentralen Schlachth\u00f6fen. Wir m\u00fcssen zu dezentralen Strukturen auch im verarbeitenden Handwerk kommen. Wir brauchen mindestens einen Schlachthof in jedem Landkreis. Die b\u00e4uerlichen Betriebe m\u00fcssen die M\u00f6glichkeit haben, ihre Produkte so regional verarbeiten zu lassen, wie sie erzeugt werden, und sie dann auch direkt zu vermarkten.<\/p>\n\n\n\n<p>Das sind gro\u00dfe strukturelle Ver\u00e4nderungen, die da angegangen werden m\u00fcssen. Und dazu muss dann auch die gesamte Lebensmittelkennzeichnung \u00fcberarbeitet werden. Verbraucherinnen und Verbraucher m\u00fcssen erkennen k\u00f6nnen, wo und wie das produziert wurde, was auf ihrem Teller landet. Egal ob Fleisch oder Gem\u00fcse oder Obst.<\/p>\n\n\n\n<p>?&nbsp;&nbsp;&nbsp;&nbsp;&nbsp;&nbsp;&nbsp;&nbsp;&nbsp; Die Arbeitsgemeinschaft b\u00e4uerliche Landwirtschaft sagt: Jetzt muss es geschehen! Warum ist das Jetzt so wichtig?<\/p>\n\n\n\n<p>!\u00a0\u00a0\u00a0\u00a0\u00a0\u00a0\u00a0\u00a0\u00a0\u00a0 Wir k\u00f6nnen nicht mehr warten. Die Zukunftskommission Landwirtschaft hat festgestellt, dass die Landwirtschaft in Deutschland jedes Jahr 90 Milliarden Euro Umweltkosten verursacht. Da gilt das Gleiche wie in der Klimakrise generell: Je l\u00e4nger wir warten, desto teurer wird der Umbau. Die Landwirtschaft ist ja auch Teil der Klimakrise und eines ihrer Opfer. Das gilt auch f\u00fcr die Biodiversit\u00e4tskrise. Deshalb muss jetzt gehandelt werden. Es ist alles besprochen. Die Konzepte liegen auf dem Tisch. Jetzt ist die Zeit des Umsetzens.<\/p>\n","protected":false},"excerpt":{"rendered":"<p>Am 22. Januar sollte sie wieder stattfinden \u2013 die gro\u00dfe Demo unter dem Motto \u201eWir haben es satt!\u201c gegen die Agrarindustrie und f\u00fcr die Agrarwende in Berlin. Seit 2011 war die Teilnehmerzahl gewachsen, 2019 waren es 27.000. Und es sind immer mehr Traktoren vor dem Brandenburger Tor aufgefahren. Bis Corona kam. Nun ist die Gro\u00dfdemonstration &#8230; <a title=\"Wir k\u00f6nnen nicht mehr warten!\" class=\"read-more\" href=\"https:\/\/www.florianschwinn.de\/wordpress\/wir-koennen-nicht-mehr-warten\/\" aria-label=\"Mehr zu Wir k\u00f6nnen nicht mehr warten!\">Weiterlesen &#8230;<\/a><\/p>\n","protected":false},"author":1,"featured_media":0,"comment_status":"closed","ping_status":"closed","sticky":false,"template":"","format":"standard","meta":{"footnotes":""},"categories":[8,89,49,48,3,28,2],"tags":[81,25,71],"class_list":["post-1299","post","type-post","status-publish","format-standard","hentry","category-agrarpolitik","category-biodiversitaet","category-ernaehrung","category-klima","category-landwirtschaft","category-lebensmittelpreise","category-tierhaltung","tag-agrarwende","tag-billigfleisch","tag-tierwohl","infinite-scroll-item"],"yoast_head":"<!-- This site is optimized with the Yoast SEO plugin v27.5 - https:\/\/yoast.com\/product\/yoast-seo-wordpress\/ -->\n<title>Wir k\u00f6nnen nicht mehr warten! - F\u00fchrerschein f\u00fcr Einkaufswagen<\/title>\n<meta name=\"robots\" content=\"index, follow, max-snippet:-1, max-image-preview:large, max-video-preview:-1\" \/>\n<link rel=\"canonical\" href=\"https:\/\/www.florianschwinn.de\/wordpress\/wir-koennen-nicht-mehr-warten\/\" \/>\n<meta property=\"og:locale\" content=\"de_DE\" \/>\n<meta property=\"og:type\" content=\"article\" \/>\n<meta property=\"og:title\" content=\"Wir k\u00f6nnen nicht mehr warten! - F\u00fchrerschein f\u00fcr Einkaufswagen\" \/>\n<meta property=\"og:description\" content=\"Am 22. Januar sollte sie wieder stattfinden \u2013 die gro\u00dfe Demo unter dem Motto \u201eWir haben es satt!\u201c gegen die Agrarindustrie und f\u00fcr die Agrarwende in Berlin. Seit 2011 war die Teilnehmerzahl gewachsen, 2019 waren es 27.000. Und es sind immer mehr Traktoren vor dem Brandenburger Tor aufgefahren. Bis Corona kam. Nun ist die Gro\u00dfdemonstration ... Weiterlesen ...\" \/>\n<meta property=\"og:url\" content=\"https:\/\/www.florianschwinn.de\/wordpress\/wir-koennen-nicht-mehr-warten\/\" \/>\n<meta property=\"og:site_name\" content=\"F\u00fchrerschein f\u00fcr Einkaufswagen\" \/>\n<meta property=\"article:published_time\" content=\"2022-01-13T07:00:00+00:00\" \/>\n<meta property=\"article:modified_time\" content=\"2022-04-06T14:52:55+00:00\" \/>\n<meta property=\"og:image\" content=\"https:\/\/www.florianschwinn.de\/wordpress\/wp-content\/uploads\/2022\/01\/WirhabenessattDemo2021b-1-1024x612.jpg\" \/>\n<meta name=\"author\" content=\"Florian Schwinn\" \/>\n<meta name=\"twitter:card\" content=\"summary_large_image\" \/>\n<meta name=\"twitter:creator\" content=\"@Journaille\" \/>\n<meta name=\"twitter:site\" content=\"@Journaille\" \/>\n<meta name=\"twitter:label1\" content=\"Verfasst von\" \/>\n\t<meta name=\"twitter:data1\" content=\"Florian Schwinn\" \/>\n\t<meta name=\"twitter:label2\" content=\"Gesch\u00e4tzte Lesezeit\" \/>\n\t<meta name=\"twitter:data2\" content=\"7\u00a0Minuten\" \/>\n<script type=\"application\/ld+json\" class=\"yoast-schema-graph\">{\"@context\":\"https:\\\/\\\/schema.org\",\"@graph\":[{\"@type\":\"Article\",\"@id\":\"https:\\\/\\\/www.florianschwinn.de\\\/wordpress\\\/wir-koennen-nicht-mehr-warten\\\/#article\",\"isPartOf\":{\"@id\":\"https:\\\/\\\/www.florianschwinn.de\\\/wordpress\\\/wir-koennen-nicht-mehr-warten\\\/\"},\"author\":{\"name\":\"Florian Schwinn\",\"@id\":\"https:\\\/\\\/www.florianschwinn.de\\\/wordpress\\\/#\\\/schema\\\/person\\\/79b5d182d53386a59defbc7c19766aae\"},\"headline\":\"Wir k\u00f6nnen nicht mehr warten!\",\"datePublished\":\"2022-01-13T07:00:00+00:00\",\"dateModified\":\"2022-04-06T14:52:55+00:00\",\"mainEntityOfPage\":{\"@id\":\"https:\\\/\\\/www.florianschwinn.de\\\/wordpress\\\/wir-koennen-nicht-mehr-warten\\\/\"},\"wordCount\":1228,\"publisher\":{\"@id\":\"https:\\\/\\\/www.florianschwinn.de\\\/wordpress\\\/#organization\"},\"image\":{\"@id\":\"https:\\\/\\\/www.florianschwinn.de\\\/wordpress\\\/wir-koennen-nicht-mehr-warten\\\/#primaryimage\"},\"thumbnailUrl\":\"https:\\\/\\\/www.florianschwinn.de\\\/wordpress\\\/wp-content\\\/uploads\\\/2022\\\/01\\\/WirhabenessattDemo2021b-1-1024x612.jpg\",\"keywords\":[\"Agrarwende\",\"Billigfleisch\",\"Tierwohl\"],\"articleSection\":[\"Agrarpolitik\",\"Biodiversit\u00e4t\",\"Ern\u00e4hrung\",\"Klima\",\"Landwirtschaft\",\"Lebensmittelpreise\",\"Tierhaltung\"],\"inLanguage\":\"de\"},{\"@type\":\"WebPage\",\"@id\":\"https:\\\/\\\/www.florianschwinn.de\\\/wordpress\\\/wir-koennen-nicht-mehr-warten\\\/\",\"url\":\"https:\\\/\\\/www.florianschwinn.de\\\/wordpress\\\/wir-koennen-nicht-mehr-warten\\\/\",\"name\":\"Wir k\u00f6nnen nicht mehr warten! - F\u00fchrerschein f\u00fcr Einkaufswagen\",\"isPartOf\":{\"@id\":\"https:\\\/\\\/www.florianschwinn.de\\\/wordpress\\\/#website\"},\"primaryImageOfPage\":{\"@id\":\"https:\\\/\\\/www.florianschwinn.de\\\/wordpress\\\/wir-koennen-nicht-mehr-warten\\\/#primaryimage\"},\"image\":{\"@id\":\"https:\\\/\\\/www.florianschwinn.de\\\/wordpress\\\/wir-koennen-nicht-mehr-warten\\\/#primaryimage\"},\"thumbnailUrl\":\"https:\\\/\\\/www.florianschwinn.de\\\/wordpress\\\/wp-content\\\/uploads\\\/2022\\\/01\\\/WirhabenessattDemo2021b-1-1024x612.jpg\",\"datePublished\":\"2022-01-13T07:00:00+00:00\",\"dateModified\":\"2022-04-06T14:52:55+00:00\",\"breadcrumb\":{\"@id\":\"https:\\\/\\\/www.florianschwinn.de\\\/wordpress\\\/wir-koennen-nicht-mehr-warten\\\/#breadcrumb\"},\"inLanguage\":\"de\",\"potentialAction\":[{\"@type\":\"ReadAction\",\"target\":[\"https:\\\/\\\/www.florianschwinn.de\\\/wordpress\\\/wir-koennen-nicht-mehr-warten\\\/\"]}]},{\"@type\":\"ImageObject\",\"inLanguage\":\"de\",\"@id\":\"https:\\\/\\\/www.florianschwinn.de\\\/wordpress\\\/wir-koennen-nicht-mehr-warten\\\/#primaryimage\",\"url\":\"https:\\\/\\\/www.florianschwinn.de\\\/wordpress\\\/wp-content\\\/uploads\\\/2022\\\/01\\\/WirhabenessattDemo2021b-1-1024x612.jpg\",\"contentUrl\":\"https:\\\/\\\/www.florianschwinn.de\\\/wordpress\\\/wp-content\\\/uploads\\\/2022\\\/01\\\/WirhabenessattDemo2021b-1-1024x612.jpg\"},{\"@type\":\"BreadcrumbList\",\"@id\":\"https:\\\/\\\/www.florianschwinn.de\\\/wordpress\\\/wir-koennen-nicht-mehr-warten\\\/#breadcrumb\",\"itemListElement\":[{\"@type\":\"ListItem\",\"position\":1,\"name\":\"Startseite\",\"item\":\"https:\\\/\\\/www.florianschwinn.de\\\/wordpress\\\/\"},{\"@type\":\"ListItem\",\"position\":2,\"name\":\"Wir k\u00f6nnen nicht mehr warten!\"}]},{\"@type\":\"WebSite\",\"@id\":\"https:\\\/\\\/www.florianschwinn.de\\\/wordpress\\\/#website\",\"url\":\"https:\\\/\\\/www.florianschwinn.de\\\/wordpress\\\/\",\"name\":\"F\u00fchrerschein f\u00fcr Einkaufswagen\",\"description\":\"Hintergrundwissen f\u00fcr bewussten Konsum\",\"publisher\":{\"@id\":\"https:\\\/\\\/www.florianschwinn.de\\\/wordpress\\\/#organization\"},\"potentialAction\":[{\"@type\":\"SearchAction\",\"target\":{\"@type\":\"EntryPoint\",\"urlTemplate\":\"https:\\\/\\\/www.florianschwinn.de\\\/wordpress\\\/?s={search_term_string}\"},\"query-input\":{\"@type\":\"PropertyValueSpecification\",\"valueRequired\":true,\"valueName\":\"search_term_string\"}}],\"inLanguage\":\"de\"},{\"@type\":\"Organization\",\"@id\":\"https:\\\/\\\/www.florianschwinn.de\\\/wordpress\\\/#organization\",\"name\":\"F\u00fchrerschein f\u00fcr Einkaufswagen\",\"url\":\"https:\\\/\\\/www.florianschwinn.de\\\/wordpress\\\/\",\"logo\":{\"@type\":\"ImageObject\",\"inLanguage\":\"de\",\"@id\":\"https:\\\/\\\/www.florianschwinn.de\\\/wordpress\\\/#\\\/schema\\\/logo\\\/image\\\/\",\"url\":\"https:\\\/\\\/www.florianschwinn.de\\\/wordpress\\\/wp-content\\\/uploads\\\/2021\\\/08\\\/PodcastCover-scaled.jpg\",\"contentUrl\":\"https:\\\/\\\/www.florianschwinn.de\\\/wordpress\\\/wp-content\\\/uploads\\\/2021\\\/08\\\/PodcastCover-scaled.jpg\",\"width\":2560,\"height\":2560,\"caption\":\"F\u00fchrerschein f\u00fcr Einkaufswagen\"},\"image\":{\"@id\":\"https:\\\/\\\/www.florianschwinn.de\\\/wordpress\\\/#\\\/schema\\\/logo\\\/image\\\/\"},\"sameAs\":[\"https:\\\/\\\/x.com\\\/Journaille\"]},{\"@type\":\"Person\",\"@id\":\"https:\\\/\\\/www.florianschwinn.de\\\/wordpress\\\/#\\\/schema\\\/person\\\/79b5d182d53386a59defbc7c19766aae\",\"name\":\"Florian Schwinn\",\"image\":{\"@type\":\"ImageObject\",\"inLanguage\":\"de\",\"@id\":\"https:\\\/\\\/secure.gravatar.com\\\/avatar\\\/015c7bb04f4a6b87161c1c34a5fa9dee51f9903ee033683f3fce49e1db8df547?s=96&d=mm&r=g\",\"url\":\"https:\\\/\\\/secure.gravatar.com\\\/avatar\\\/015c7bb04f4a6b87161c1c34a5fa9dee51f9903ee033683f3fce49e1db8df547?s=96&d=mm&r=g\",\"contentUrl\":\"https:\\\/\\\/secure.gravatar.com\\\/avatar\\\/015c7bb04f4a6b87161c1c34a5fa9dee51f9903ee033683f3fce49e1db8df547?s=96&d=mm&r=g\",\"caption\":\"Florian Schwinn\"},\"sameAs\":[\"https:\\\/\\\/www.florianschwinn.de\\\/wordpress\"],\"url\":\"https:\\\/\\\/www.florianschwinn.de\\\/wordpress\\\/author\\\/florianschwinn_wpkolum\\\/\"}]}<\/script>\n<!-- \/ Yoast SEO plugin. -->","yoast_head_json":{"title":"Wir k\u00f6nnen nicht mehr warten! - F\u00fchrerschein f\u00fcr Einkaufswagen","robots":{"index":"index","follow":"follow","max-snippet":"max-snippet:-1","max-image-preview":"max-image-preview:large","max-video-preview":"max-video-preview:-1"},"canonical":"https:\/\/www.florianschwinn.de\/wordpress\/wir-koennen-nicht-mehr-warten\/","og_locale":"de_DE","og_type":"article","og_title":"Wir k\u00f6nnen nicht mehr warten! - F\u00fchrerschein f\u00fcr Einkaufswagen","og_description":"Am 22. Januar sollte sie wieder stattfinden \u2013 die gro\u00dfe Demo unter dem Motto \u201eWir haben es satt!\u201c gegen die Agrarindustrie und f\u00fcr die Agrarwende in Berlin. Seit 2011 war die Teilnehmerzahl gewachsen, 2019 waren es 27.000. Und es sind immer mehr Traktoren vor dem Brandenburger Tor aufgefahren. Bis Corona kam. Nun ist die Gro\u00dfdemonstration ... Weiterlesen ...","og_url":"https:\/\/www.florianschwinn.de\/wordpress\/wir-koennen-nicht-mehr-warten\/","og_site_name":"F\u00fchrerschein f\u00fcr Einkaufswagen","article_published_time":"2022-01-13T07:00:00+00:00","article_modified_time":"2022-04-06T14:52:55+00:00","og_image":[{"url":"https:\/\/www.florianschwinn.de\/wordpress\/wp-content\/uploads\/2022\/01\/WirhabenessattDemo2021b-1-1024x612.jpg","type":"","width":"","height":""}],"author":"Florian Schwinn","twitter_card":"summary_large_image","twitter_creator":"@Journaille","twitter_site":"@Journaille","twitter_misc":{"Verfasst von":"Florian Schwinn","Gesch\u00e4tzte Lesezeit":"7\u00a0Minuten"},"schema":{"@context":"https:\/\/schema.org","@graph":[{"@type":"Article","@id":"https:\/\/www.florianschwinn.de\/wordpress\/wir-koennen-nicht-mehr-warten\/#article","isPartOf":{"@id":"https:\/\/www.florianschwinn.de\/wordpress\/wir-koennen-nicht-mehr-warten\/"},"author":{"name":"Florian Schwinn","@id":"https:\/\/www.florianschwinn.de\/wordpress\/#\/schema\/person\/79b5d182d53386a59defbc7c19766aae"},"headline":"Wir k\u00f6nnen nicht mehr warten!","datePublished":"2022-01-13T07:00:00+00:00","dateModified":"2022-04-06T14:52:55+00:00","mainEntityOfPage":{"@id":"https:\/\/www.florianschwinn.de\/wordpress\/wir-koennen-nicht-mehr-warten\/"},"wordCount":1228,"publisher":{"@id":"https:\/\/www.florianschwinn.de\/wordpress\/#organization"},"image":{"@id":"https:\/\/www.florianschwinn.de\/wordpress\/wir-koennen-nicht-mehr-warten\/#primaryimage"},"thumbnailUrl":"https:\/\/www.florianschwinn.de\/wordpress\/wp-content\/uploads\/2022\/01\/WirhabenessattDemo2021b-1-1024x612.jpg","keywords":["Agrarwende","Billigfleisch","Tierwohl"],"articleSection":["Agrarpolitik","Biodiversit\u00e4t","Ern\u00e4hrung","Klima","Landwirtschaft","Lebensmittelpreise","Tierhaltung"],"inLanguage":"de"},{"@type":"WebPage","@id":"https:\/\/www.florianschwinn.de\/wordpress\/wir-koennen-nicht-mehr-warten\/","url":"https:\/\/www.florianschwinn.de\/wordpress\/wir-koennen-nicht-mehr-warten\/","name":"Wir k\u00f6nnen nicht mehr warten! - F\u00fchrerschein f\u00fcr Einkaufswagen","isPartOf":{"@id":"https:\/\/www.florianschwinn.de\/wordpress\/#website"},"primaryImageOfPage":{"@id":"https:\/\/www.florianschwinn.de\/wordpress\/wir-koennen-nicht-mehr-warten\/#primaryimage"},"image":{"@id":"https:\/\/www.florianschwinn.de\/wordpress\/wir-koennen-nicht-mehr-warten\/#primaryimage"},"thumbnailUrl":"https:\/\/www.florianschwinn.de\/wordpress\/wp-content\/uploads\/2022\/01\/WirhabenessattDemo2021b-1-1024x612.jpg","datePublished":"2022-01-13T07:00:00+00:00","dateModified":"2022-04-06T14:52:55+00:00","breadcrumb":{"@id":"https:\/\/www.florianschwinn.de\/wordpress\/wir-koennen-nicht-mehr-warten\/#breadcrumb"},"inLanguage":"de","potentialAction":[{"@type":"ReadAction","target":["https:\/\/www.florianschwinn.de\/wordpress\/wir-koennen-nicht-mehr-warten\/"]}]},{"@type":"ImageObject","inLanguage":"de","@id":"https:\/\/www.florianschwinn.de\/wordpress\/wir-koennen-nicht-mehr-warten\/#primaryimage","url":"https:\/\/www.florianschwinn.de\/wordpress\/wp-content\/uploads\/2022\/01\/WirhabenessattDemo2021b-1-1024x612.jpg","contentUrl":"https:\/\/www.florianschwinn.de\/wordpress\/wp-content\/uploads\/2022\/01\/WirhabenessattDemo2021b-1-1024x612.jpg"},{"@type":"BreadcrumbList","@id":"https:\/\/www.florianschwinn.de\/wordpress\/wir-koennen-nicht-mehr-warten\/#breadcrumb","itemListElement":[{"@type":"ListItem","position":1,"name":"Startseite","item":"https:\/\/www.florianschwinn.de\/wordpress\/"},{"@type":"ListItem","position":2,"name":"Wir k\u00f6nnen nicht mehr warten!"}]},{"@type":"WebSite","@id":"https:\/\/www.florianschwinn.de\/wordpress\/#website","url":"https:\/\/www.florianschwinn.de\/wordpress\/","name":"F\u00fchrerschein f\u00fcr Einkaufswagen","description":"Hintergrundwissen f\u00fcr bewussten Konsum","publisher":{"@id":"https:\/\/www.florianschwinn.de\/wordpress\/#organization"},"potentialAction":[{"@type":"SearchAction","target":{"@type":"EntryPoint","urlTemplate":"https:\/\/www.florianschwinn.de\/wordpress\/?s={search_term_string}"},"query-input":{"@type":"PropertyValueSpecification","valueRequired":true,"valueName":"search_term_string"}}],"inLanguage":"de"},{"@type":"Organization","@id":"https:\/\/www.florianschwinn.de\/wordpress\/#organization","name":"F\u00fchrerschein f\u00fcr Einkaufswagen","url":"https:\/\/www.florianschwinn.de\/wordpress\/","logo":{"@type":"ImageObject","inLanguage":"de","@id":"https:\/\/www.florianschwinn.de\/wordpress\/#\/schema\/logo\/image\/","url":"https:\/\/www.florianschwinn.de\/wordpress\/wp-content\/uploads\/2021\/08\/PodcastCover-scaled.jpg","contentUrl":"https:\/\/www.florianschwinn.de\/wordpress\/wp-content\/uploads\/2021\/08\/PodcastCover-scaled.jpg","width":2560,"height":2560,"caption":"F\u00fchrerschein f\u00fcr Einkaufswagen"},"image":{"@id":"https:\/\/www.florianschwinn.de\/wordpress\/#\/schema\/logo\/image\/"},"sameAs":["https:\/\/x.com\/Journaille"]},{"@type":"Person","@id":"https:\/\/www.florianschwinn.de\/wordpress\/#\/schema\/person\/79b5d182d53386a59defbc7c19766aae","name":"Florian Schwinn","image":{"@type":"ImageObject","inLanguage":"de","@id":"https:\/\/secure.gravatar.com\/avatar\/015c7bb04f4a6b87161c1c34a5fa9dee51f9903ee033683f3fce49e1db8df547?s=96&d=mm&r=g","url":"https:\/\/secure.gravatar.com\/avatar\/015c7bb04f4a6b87161c1c34a5fa9dee51f9903ee033683f3fce49e1db8df547?s=96&d=mm&r=g","contentUrl":"https:\/\/secure.gravatar.com\/avatar\/015c7bb04f4a6b87161c1c34a5fa9dee51f9903ee033683f3fce49e1db8df547?s=96&d=mm&r=g","caption":"Florian Schwinn"},"sameAs":["https:\/\/www.florianschwinn.de\/wordpress"],"url":"https:\/\/www.florianschwinn.de\/wordpress\/author\/florianschwinn_wpkolum\/"}]}},"_links":{"self":[{"href":"https:\/\/www.florianschwinn.de\/wordpress\/wp-json\/wp\/v2\/posts\/1299","targetHints":{"allow":["GET"]}}],"collection":[{"href":"https:\/\/www.florianschwinn.de\/wordpress\/wp-json\/wp\/v2\/posts"}],"about":[{"href":"https:\/\/www.florianschwinn.de\/wordpress\/wp-json\/wp\/v2\/types\/post"}],"author":[{"embeddable":true,"href":"https:\/\/www.florianschwinn.de\/wordpress\/wp-json\/wp\/v2\/users\/1"}],"replies":[{"embeddable":true,"href":"https:\/\/www.florianschwinn.de\/wordpress\/wp-json\/wp\/v2\/comments?post=1299"}],"version-history":[{"count":3,"href":"https:\/\/www.florianschwinn.de\/wordpress\/wp-json\/wp\/v2\/posts\/1299\/revisions"}],"predecessor-version":[{"id":1568,"href":"https:\/\/www.florianschwinn.de\/wordpress\/wp-json\/wp\/v2\/posts\/1299\/revisions\/1568"}],"wp:attachment":[{"href":"https:\/\/www.florianschwinn.de\/wordpress\/wp-json\/wp\/v2\/media?parent=1299"}],"wp:term":[{"taxonomy":"category","embeddable":true,"href":"https:\/\/www.florianschwinn.de\/wordpress\/wp-json\/wp\/v2\/categories?post=1299"},{"taxonomy":"post_tag","embeddable":true,"href":"https:\/\/www.florianschwinn.de\/wordpress\/wp-json\/wp\/v2\/tags?post=1299"}],"curies":[{"name":"wp","href":"https:\/\/api.w.org\/{rel}","templated":true}]}}