{"id":1313,"date":"2022-01-20T08:00:00","date_gmt":"2022-01-20T07:00:00","guid":{"rendered":"https:\/\/www.florianschwinn.de\/wordpress\/?p=1313"},"modified":"2022-04-06T16:52:07","modified_gmt":"2022-04-06T14:52:07","slug":"mogeln-mit-milch","status":"publish","type":"post","link":"https:\/\/www.florianschwinn.de\/wordpress\/mogeln-mit-milch\/","title":{"rendered":"Mogeln mit Milch"},"content":{"rendered":"\n<figure class=\"wp-block-image size-large\"><img loading=\"lazy\" decoding=\"async\" width=\"1024\" height=\"390\" src=\"https:\/\/www.florianschwinn.de\/wordpress\/wp-content\/uploads\/2022\/01\/Almweide-Stux-1024x390.jpg\" alt=\"\" class=\"wp-image-1314\" srcset=\"https:\/\/www.florianschwinn.de\/wordpress\/wp-content\/uploads\/2022\/01\/Almweide-Stux-1024x390.jpg 1024w, https:\/\/www.florianschwinn.de\/wordpress\/wp-content\/uploads\/2022\/01\/Almweide-Stux-300x114.jpg 300w, https:\/\/www.florianschwinn.de\/wordpress\/wp-content\/uploads\/2022\/01\/Almweide-Stux-768x293.jpg 768w, https:\/\/www.florianschwinn.de\/wordpress\/wp-content\/uploads\/2022\/01\/Almweide-Stux-1536x585.jpg 1536w, https:\/\/www.florianschwinn.de\/wordpress\/wp-content\/uploads\/2022\/01\/Almweide-Stux.jpg 1910w\" sizes=\"auto, (max-width: 1024px) 100vw, 1024px\" \/><figcaption>Stehen diese K\u00fche im Winter angebunden im dunklen Stall? Sollten wir beim Milchkaufen davon erfahren? Um solche Fragen geht es beim Tierwohl-Label f\u00fcr Milch &#8211; oder auch nicht. | Foto: Stux \/ Pixabay<\/figcaption><\/figure>\n\n\n\n<p><em>Seit Anfang des Jahres haben die Konzerne des Lebensmitteleinzelhandels ihre Kennzeichnung der Haltungsformen bei Lebensmitteln tierischen Ursprungs auf die Milch ausgeweitet. Bei genauerem Hinschauen entpuppt sich die nicht-staatliche Kennzeichnung aber als Mogelpackung<\/em>.<\/p>\n\n\n\n<p>Aufmerksame Kundinnen und Kunden der Supermarktketten d\u00fcrften inzwischen gelernt haben, was die Haltungsform-Label auf den Verpackungen und an den Regalen bedeuten. Haltungsform 1 ist die gesetzliche Mindestanforderung, also unterste Kategorie. Deshalb haben die Konzerne in der Vergangenheit regelm\u00e4\u00dfig mit dem Auslisten dieser Haltungsform f\u00fcr gute PR gesorgt und die Standards in der Landwirtschaft tats\u00e4chlich tendenziell ein wenig angehoben. Jetzt gibt es die Haltungsform-Label auch f\u00fcr die Milch \u2013 und pl\u00f6tzlich ist alles anders. Au\u00dfer der Werbung mit dem Tierwohl, die l\u00e4uft auch bei der Milch weiter.<\/p>\n\n\n\n<h2 class=\"has-medium-font-size wp-block-heading\">Verbrauchert\u00e4uschung<\/h2>\n\n\n\n<p>Zuerst kamen Edeka und Netto. Die Lebensmittelketten erkl\u00e4rten, sie w\u00fcrden ab dem Fr\u00fchjahr das gesamte Trinkmilchsortiment ihrer Eigenmarken umstellen und dabei auf die Haltungsform 1 verzichten. Dann folgten Ank\u00fcndigungen von Lidl und Aldi. Und der PR-Trick funktionierte: Selbst Journalistinnen und Journalisten, die sich im Thema auskennen, berichteten, dass der Handel sich von der am wenigsten artgerechten Haltungsform der K\u00fche, der Anbindehaltung, verabschiede, und wie peinlich es f\u00fcr die Politik sei, dass nicht sie diese umstrittene Haltungsform verboten habe. Die Ampel-Koalition hat sich zwar ein Verbot der Fixierung der K\u00fche an ihrem Stallplatz auf die Agenda gesetzt, aber der Lebensmitteleinzelhandel war schneller.<\/p>\n\n\n\n<p>Um zu erkl\u00e4ren, was gemeint ist, ein kleiner R\u00fcckgriff auf Erinnerungen aus meinen Jugendtagen. Mein Patenonkel hatte einen kleinen Gemischtbetrieb mit Ackerbau und Viehzucht. Im Stall standen zw\u00f6lf K\u00fche. Im Sommer waren sie tags\u00fcber auf der Weide, aber nachts und den ganzen Winter hindurch wurden sie mit Halsband und Ketten an ihrem Stallplatz fixiert. Nicht so, dass sie sich nicht bewegen konnten, aber eben doch fixiert. Gemolken wurden sie mit einer Eimermelkmaschine. Man schnallte sich den Melkschemel unter und lief mit dem Eimer von Kuh zu Kuh. Ich hatte dadurch viel Kontakt zu den Tieren. Ich kannte jede Kuh mit all ihren Eigenheiten. Fast jeden Tag wurden sie ausgiebig gestriegelt und ich glaube, nein ich wei\u00df: das gefiel ihnen. Aber, wenn sie raus durften auf die Weide, dann waren sie wie ausgewechselt; pl\u00f6tzlich wurden aus den dumpfen Stalltieren recht flinke, aufmerksame Weidetiere. Ich sp\u00fcrte damals, dass sie da hingeh\u00f6rten, nicht in den Stall.<\/p>\n\n\n\n<figure class=\"wp-block-image size-large\"><img loading=\"lazy\" decoding=\"async\" width=\"1024\" height=\"631\" src=\"https:\/\/www.florianschwinn.de\/wordpress\/wp-content\/uploads\/2022\/01\/Anbindehaltung-HansBraxmeier-1024x631.jpg\" alt=\"\" class=\"wp-image-1315\" srcset=\"https:\/\/www.florianschwinn.de\/wordpress\/wp-content\/uploads\/2022\/01\/Anbindehaltung-HansBraxmeier-1024x631.jpg 1024w, https:\/\/www.florianschwinn.de\/wordpress\/wp-content\/uploads\/2022\/01\/Anbindehaltung-HansBraxmeier-300x185.jpg 300w, https:\/\/www.florianschwinn.de\/wordpress\/wp-content\/uploads\/2022\/01\/Anbindehaltung-HansBraxmeier-768x474.jpg 768w, https:\/\/www.florianschwinn.de\/wordpress\/wp-content\/uploads\/2022\/01\/Anbindehaltung-HansBraxmeier-1536x947.jpg 1536w, https:\/\/www.florianschwinn.de\/wordpress\/wp-content\/uploads\/2022\/01\/Anbindehaltung-HansBraxmeier.jpg 1774w\" sizes=\"auto, (max-width: 1024px) 100vw, 1024px\" \/><figcaption>Der Blitz des Fotografen bringt Licht in den dunklen Stall: Anbindehaltung. So soll es den Tieren eigentlich nicht mehr ergehen. | Foto: Hans Braxmeier \/ Pixabay<\/figcaption><\/figure>\n\n\n\n<p>So, und von dieser Anbindehaltung im Stall, selbst wenn sie nur saisonal und nur im Winter stattfindet, weil die K\u00fche im Sommer zum Beispiel auf der Alm leben, wollen sich die Lebensmittelketten jetzt verabschieden. So der Eindruck, den meine Kolleginnen und Kollegen hatten, und der wohl auch so gewollt ist.<\/p>\n\n\n\n<p>Der Eindruck tr\u00fcgt nicht nur, er ist schlicht falsch. Was sich allerdings erst auf den zweiten Blick offenbart. Die Initiative Tierwohl betreibt eine eigene Netzseite: <a rel=\"noreferrer noopener\" href=\"https:\/\/www.haltungsform.de\/\" target=\"_blank\">haltungsform.de<\/a>. Dort listet der Lebensmitteleinzelhandel auf, wie er sich die Tierhaltung vorstellt, von Haltungsform 1 mit den Mindestanforderungen f\u00fcr die Stallhaltung bis Haltungsform 4 \u201ePremium\u201c. Wobei die Haltungsform 1 diejenige ist, die der Handel nicht mehr akzeptieren will und nach und nach auslistet. Wer nun diese Website aufruft, der bekommt auf der Startseite einen groben \u00dcberblick. Und dort steht dann bei Haltungsform 2 \u201eStallhaltungPlus\u201c f\u00fcr Milchk\u00fche: \u201eLaufstallhaltung oder Weidegang, keine Anbindung\u201c. Erst wenn man die genaue Auflistung der <a rel=\"noreferrer noopener\" href=\"https:\/\/www.haltungsform.de\/kriterien-und-mindestanforderungen\/\" target=\"_blank\">Kriterien f\u00fcr die Haltungsformen<\/a> \u00f6ffnet, steht da: \u201eLaufstallhaltung oder Kombinationshaltung\u201c.<\/p>\n\n\n\n<figure class=\"wp-block-image size-full\"><img loading=\"lazy\" decoding=\"async\" width=\"922\" height=\"340\" src=\"https:\/\/www.florianschwinn.de\/wordpress\/wp-content\/uploads\/2022\/01\/LEH-Haltungsform2b.jpg\" alt=\"\" class=\"wp-image-1323\" srcset=\"https:\/\/www.florianschwinn.de\/wordpress\/wp-content\/uploads\/2022\/01\/LEH-Haltungsform2b.jpg 922w, https:\/\/www.florianschwinn.de\/wordpress\/wp-content\/uploads\/2022\/01\/LEH-Haltungsform2b-300x111.jpg 300w, https:\/\/www.florianschwinn.de\/wordpress\/wp-content\/uploads\/2022\/01\/LEH-Haltungsform2b-768x283.jpg 768w\" sizes=\"auto, (max-width: 922px) 100vw, 922px\" \/><figcaption>Haltungsform 2 bedeutet &#8222;keine Anbindehaltung&#8220; f\u00fcr Milchk\u00fche. So stand es auf der Website von haltungsform.de, dem Tierwohl-Label des Lebensmittelhandels. Und genau das stimmt nicht! <em>(Ausschnitt Screenshot vom 19.01.22)<\/em><\/figcaption><\/figure>\n\n\n\n<h2 class=\"has-medium-font-size wp-block-heading\">Kombinationshaltung<\/h2>\n\n\n\n<p>Was bitte ist Kombinationshaltung, fragt sich die Verbraucherin. Anne Hamester von der <a rel=\"noreferrer noopener\" href=\"https:\/\/www.provieh.de\/\" target=\"_blank\">Nutztierschutzorganisation PROVIEH<\/a> erkl\u00e4rt das so: \u201eSeit zwei Jahren wird diskutiert, ob nur die ganzj\u00e4hrige Anbindungshaltung verboten werden soll, oder auch die saisonale, also die zeitweilige Anbindehaltung. Die Bef\u00fcrworter dieser Haltungsform haben daf\u00fcr den Begriff Kombinationshaltung erfunden. Da kommt das Wort anbinden nicht mehr vor, selbst wenn die Tiere t\u00e4glich nur zwei Stunden Bewegung haben oder nur im Sommer auf die Alm d\u00fcrfen und den Rest des Jahres fixiert im Stall stehen. Und der Lebensmitteleinzelhandel \u00fcbernimmt jetzt diesen Begriff und macht damit die Anbindung zur Normalit\u00e4t der Haltungsform 2.\u201c Es handelt sich bei dem Begriff Kombinationshaltung also schlicht um eine semantische Nebelkerze, oder, wie es Anne Hamester ausdr\u00fcckt: \u201eDas ist Verbrauchert\u00e4uschung, denn den Begriff Kombinationshaltung k\u00f6nnen nur sehr gut informierte Kundinnen und Kunden einordnen.\u201c<\/p>\n\n\n\n<p>Danach gefragt, weshalb auf der Startseite des Internetauftritts zum Tierwohl-Label bei Haltungsform 2 beim Milchvieh \u201ekeine Anbindung\u201c steht, in den Kriterien dann aber mit der \u201eKombinationshaltung\u201c doch die Fixierung der K\u00fche zugelassen wird, schrieb mir Patrick Klein von der Initiative Tierwohl: \u201eVielen Dank f\u00fcr den Hinweis! Tats\u00e4chlich scheint hier ein Fehler auf der Startseite vorzuliegen. Wir werden das bereinigen!\u201c Dass dies Tage sp\u00e4ter noch nicht geschehen war, wertete ich zun\u00e4chst als Hinweis darauf, dass es wohl doch so gemeint war. Dann aber kam die Korrektur \u2013 und die wirft nun neue Fragen auf. Bei Bullen, F\u00e4rsen und K\u00e4lbern n\u00e4mlich ist Anbindehaltung in Haltungsform 2 nicht gestattet. Die K\u00fche aber d\u00fcrfen in besagter Kombinationshaltung zwei Drittel des Jahres komplett angebunden sein, wenn sie an den restlichen 120 Tagen mal f\u00fcr zwei Stunden Bewegung haben. Also auch da 22 Stunden lang fixiert sind. Womit eigentlich wird gerechtfertigt, dass es den Milchk\u00fchen schlechter gehen darf als den anderen Rindern? Mit der Macht der Molkereien?<\/p>\n\n\n\n<figure class=\"wp-block-image size-large\"><img loading=\"lazy\" decoding=\"async\" width=\"1024\" height=\"229\" src=\"https:\/\/www.florianschwinn.de\/wordpress\/wp-content\/uploads\/2022\/01\/LEH-Haltungsform2c-1024x229.jpg\" alt=\"\" class=\"wp-image-1349\" srcset=\"https:\/\/www.florianschwinn.de\/wordpress\/wp-content\/uploads\/2022\/01\/LEH-Haltungsform2c-1024x229.jpg 1024w, https:\/\/www.florianschwinn.de\/wordpress\/wp-content\/uploads\/2022\/01\/LEH-Haltungsform2c-300x67.jpg 300w, https:\/\/www.florianschwinn.de\/wordpress\/wp-content\/uploads\/2022\/01\/LEH-Haltungsform2c-768x172.jpg 768w, https:\/\/www.florianschwinn.de\/wordpress\/wp-content\/uploads\/2022\/01\/LEH-Haltungsform2c.jpg 1189w\" sizes=\"auto, (max-width: 1024px) 100vw, 1024px\" \/><figcaption>Die Korrektur der Website &#8211; und die inakzetable Botschaft: Milchk\u00fche haben es schlechter als andere Rinder. Sie d\u00fcrfen angebunden werden, wenn sie ein Drittel Jahr lang zwei St\u00fcndchen knapp f\u00fcnf Quadratmeter &#8222;Auslauf&#8220; haben.<strong> <\/strong><em>(Ausschnitt Screenshot vom 20.01.22)<\/em><\/figcaption><\/figure>\n\n\n\n<p>Die Bundesregierung \u00fcbrigens will die Anbindehaltung verbieten. Sie solle \u201eauslaufen\u201c hie\u00df es offiziell. Genau das, was die K\u00fche nicht k\u00f6nnen. Nach der Landwirtschaftsz\u00e4hlung 2020 gibt es in Deutschland immer noch \u00fcber eine Million Anbindepl\u00e4tze in den St\u00e4llen. Nicht auf allen stehen K\u00fche und nicht \u00fcberall ganzj\u00e4hrig. Als \u00dcbergangsfrist f\u00fcr das Auslaufen der Anbindehaltung sind zehn Jahre im Gespr\u00e4ch, also f\u00fcr viele K\u00fche ein ganzes Leben lang. Der Bauernverband mahnte schon mal eine Ausnahmeregelung f\u00fcr H\u00f6fe an, die ihre Tiere im Sommer auf die Almen schicken.<\/p>\n\n\n\n<h2 class=\"has-medium-font-size wp-block-heading\">Falsche Signale<\/h2>\n\n\n\n<p>Das Verwirrspiel geht aber noch weiter. Bei der Haltungsform 3 \u201eAu\u00dfenklima\u201c hei\u00dft es: \u201eLaufstallhaltung mit ganzj\u00e4hrig nutzbarem Laufhof oder Offenfront\u00adLaufstall, oder Laufstallhaltung mit Weidegang\u201c. Dazu muss man wissen, dass der Laufstall trotz der Diskussion um die Anbindehaltung die in Deutschland \u00fcbliche Form der Milchviehhaltung ist. Die K\u00fche k\u00f6nnen sich frei bewegen und haben einen Fress- und einen Liegeplatz. Und die meisten der Laufst\u00e4lle haben l\u00e4ngst Au\u00dfenklima, weil ihnen die festen W\u00e4nde fehlen. Die Tiere sind also halb drau\u00dfen. Anne Hamester fragt, was diese Normalit\u00e4t in Haltungsform 3 zu suchen hat, also der angeblich zweitbesten Haltungsform. Und sie fragt, weshalb durch die vielen \u201eoder\u201c im Kriterienkatalog Laufstall und Weidegang gleichgesetzt werden. \u201eDamit werden v\u00f6llig falsche Signale gesetzt.\u201c<\/p>\n\n\n\n<figure class=\"wp-block-image size-large\"><img loading=\"lazy\" decoding=\"async\" width=\"1024\" height=\"405\" src=\"https:\/\/www.florianschwinn.de\/wordpress\/wp-content\/uploads\/2022\/01\/Provieh-AnneHamester-1-1024x405.jpg\" alt=\"\" class=\"wp-image-1317\" srcset=\"https:\/\/www.florianschwinn.de\/wordpress\/wp-content\/uploads\/2022\/01\/Provieh-AnneHamester-1-1024x405.jpg 1024w, https:\/\/www.florianschwinn.de\/wordpress\/wp-content\/uploads\/2022\/01\/Provieh-AnneHamester-1-300x119.jpg 300w, https:\/\/www.florianschwinn.de\/wordpress\/wp-content\/uploads\/2022\/01\/Provieh-AnneHamester-1-768x304.jpg 768w, https:\/\/www.florianschwinn.de\/wordpress\/wp-content\/uploads\/2022\/01\/Provieh-AnneHamester-1-1536x608.jpg 1536w, https:\/\/www.florianschwinn.de\/wordpress\/wp-content\/uploads\/2022\/01\/Provieh-AnneHamester-1-2048x810.jpg 2048w\" sizes=\"auto, (max-width: 1024px) 100vw, 1024px\" \/><figcaption>Anne Hamester k\u00fcmmert sich bei dem Nutztierschutzverband PROVIEH um die Rinderhaltung. Das Tierwohl-Label des Lebensmittelhandels f\u00fcr Milchvieh nennt sie &#8222;Verbrauchert\u00e4uschung&#8220;. | Foto: PROVIEH e.V.<\/figcaption><\/figure>\n\n\n\n<p>Das findet auch Arno Krause, der Gesch\u00e4ftsf\u00fchrer des <a rel=\"noreferrer noopener\" href=\"https:\/\/www.gruenlandzentrum.org\/\" target=\"_blank\">Gr\u00fcnlandzentrums<\/a> in Niedersachsen und der <a rel=\"noreferrer noopener\" href=\"https:\/\/proweideland.eu\/\" target=\"_blank\">Pro Weideland<\/a> GmbH, die das gleichnamige Siegel vergibt, derzeit an \u00fcber 2200 Mitgliedsbetriebe. Er hat ganz unten in die Tabelle der Kriterien f\u00fcr die verschiedenen Haltungsformen des Milchviehs geschaut und festgestellt, wie das Tierwohl-Label der Lebensmittelketten das \u201eTiergesundheitsmonitoring\u201c durchf\u00fchren will. Durch \u201eBefunddaten\u00aderfas\u00adsung am Schlachthof\u201c steht da. Da darf man sich schon wundern. Es geht um Milchk\u00fche, die erst einmal nicht dazu da sind, gegessen zu werden, wenn ich das mal so profan ausdr\u00fccken darf. Sie produzieren Milch f\u00fcr uns.<\/p>\n\n\n\n<p>\u201eEine Kuh kann zwanzig Jahre alt werden \u2013 und dann soll die Qualit\u00e4t ihres Lebens am Ende im Schlachthof bewertet werden. Das f\u00fchrt in die falsche Richtung\u201c, sagt Arno Krause und sieht trotz guter Ans\u00e4tze des Lebensmittelhandels einen fatalen Trend unterst\u00fctzt: \u201eDurch den Hochleistungsansatz werden die Tiere nicht mehr so alt, wie sie k\u00f6nnten. Sie sind nach durchschnittlich drei Laktationen, also nach dem dritten Kalb, nicht mehr produktiv genug und gehen dann als verh\u00e4ltnism\u00e4\u00dfig junge Tiere zum Schlachter, was von der Gesellschaft negativ wahrgenommen wird. Und das bringt dann bei dem Haltungsform-Label des Lebensmittelhandels eine eher gute Bewertung, weil die Ergebnisse des Schlachtviehbefunds mit zunehmendem Alter tendenziell schlechter werden. Das konterkariert aus meiner Sicht die W\u00fcnsche der Gesellschaft nach l\u00e4ngerer Lebensdauer der Milchk\u00fche.\u201c<\/p>\n\n\n\n<p>Pro Weideland hat den Lebensmittelketten deshalb vorgeschlagen, doch bitte die Gesundheit und das Wohlbefinden der lebenden K\u00fche ins Visier zu nehmen, zum Beispiel durch die sogenannte Milchleistungspr\u00fcfung. Viele Milchviehbetriebe lassen die schon durchf\u00fchren, weil sie genauer wissen wollen, wie es ihren Tieren geht. Dabei wird die Milch der K\u00fche auf Inhaltsstoffe untersucht, die auf etwaige Krankheiten hinweisen. \u201eWas wir brauchen ist ein Monitoring der lebenden Kuh\u201c, sagt Arno Krause, \u201ewir wollen ja in der Milchviehhaltung das Leben der Tiere verbessern, nicht den Schlachtbefund.\u201c Pro Weideland schl\u00e4gt vor, dass der Handel ein Gesundheitsmonitoring der lebenden Tiere mindestens in den Haltungsformen 3 und 4 zur Verpflichtung macht. \u201eDazu gibt es bereits Verfahren, die viele Landwirte auch heute schon nutzen, um das Tierwohl in den St\u00e4llen und auf den Weiden zu verbessern\u201c, sagt Arno Krause:&nbsp; \u201eWenn das in die Haltungsform integriert wird, profitieren sowohl Verbraucher als auch Landwirte. Verbraucherinnen und Verbraucher durch verbesserte Transparenz, und teilnehmende Landwirtschaftsbetriebe \u00f6konomisch, denn gesunde, vitale K\u00fche haben in der Regel eine gute Milchleistung.\u201c<\/p>\n\n\n\n<figure class=\"wp-block-image size-large\"><img loading=\"lazy\" decoding=\"async\" width=\"1024\" height=\"613\" src=\"https:\/\/www.florianschwinn.de\/wordpress\/wp-content\/uploads\/2022\/01\/ProWeideland-ArnoKrause-1-1024x613.jpg\" alt=\"\" class=\"wp-image-1335\" srcset=\"https:\/\/www.florianschwinn.de\/wordpress\/wp-content\/uploads\/2022\/01\/ProWeideland-ArnoKrause-1-1024x613.jpg 1024w, https:\/\/www.florianschwinn.de\/wordpress\/wp-content\/uploads\/2022\/01\/ProWeideland-ArnoKrause-1-300x180.jpg 300w, https:\/\/www.florianschwinn.de\/wordpress\/wp-content\/uploads\/2022\/01\/ProWeideland-ArnoKrause-1-768x460.jpg 768w, https:\/\/www.florianschwinn.de\/wordpress\/wp-content\/uploads\/2022\/01\/ProWeideland-ArnoKrause-1-1536x919.jpg 1536w, https:\/\/www.florianschwinn.de\/wordpress\/wp-content\/uploads\/2022\/01\/ProWeideland-ArnoKrause-1.jpg 2000w\" sizes=\"auto, (max-width: 1024px) 100vw, 1024px\" \/><figcaption>Milchvieh bewertet man nicht im Schlachthof. Deshalb fordert er, ein Gesundheitsmonitoring lebender K\u00fche in die Kriterien der Haltungsformen 3 und 4 aufzunehmen: Arno Krause, Gesch\u00e4ftsf\u00fchrer von Pro Weideland. | Foto: Gr\u00fcnlandzentrum <\/figcaption><\/figure>\n\n\n\n<h2 class=\"has-medium-font-size wp-block-heading\">Mehr Staat!<\/h2>\n\n\n\n<p>Was derzeit auf die Milchkartons gedruckt und an die K\u00fchlregale geheftet wird, ist ein offenbar ohne die richtige Expertise gestricktes Label f\u00fcr Milchvieh, das uns Milchtrinkern, Joghurt- und K\u00e4seessern etwas vorgaukelt und den K\u00fchen nichts bringt. Offenbar haben die Macher der privaten Tierwohl-Initiative schlicht die Kriterien, die sie f\u00fcr die Tiermast entwickelt hatten, also f\u00fcrs Frischfleisch, den Milchk\u00fchen \u00fcbergest\u00fclpt. Hallo, m\u00f6chte man rufen: die K\u00fche leben noch! Und sie sollen m\u00f6glichst lange leben. Die \u00e4lteste Kuh im Stall meines Nachbarn auf dem Land ist derzeit 15 Jahre alt und arbeitet als Amme. Sie zieht drei K\u00e4lber auf.<\/p>\n\n\n\n<p>Besser f\u00fcr uns und die K\u00fche w\u00e4re, es k\u00e4me endlich das staatliche Tierwohl-Label. In der ber\u00fchmten Borchert-Kommission, dem \u201e<a href=\"https:\/\/www.bmel.de\/SharedDocs\/Downloads\/DE\/_Tiere\/Nutztiere\/200211-empfehlung-kompetenznetzwerk-nutztierhaltung.pdf;jsessionid=6A1FB8BD216B5E0C342F4DEBF78F2116.live851?__blob=publicationFile&amp;v=3\" target=\"_blank\" rel=\"noreferrer noopener\">Kompetenznetzwerk Nutztierhaltung<\/a>\u201c, sind die Kriterien daf\u00fcr eigentlich schon ausgearbeitet worden, \u00fcbrigens ohne die Vermischung von Biohaltung mit Haltungsform 4, wie das bei den Lebensmittelketten stattfindet und zu Irritationen f\u00fchrt. Und auch ohne das, was die Lebensmittelketten Haltungsstufe 1 nennen, was man ja nicht mehr haben m\u00f6chte und deshalb auch gar nicht erst auff\u00fchren muss. Im Koalitionsvertrag steht, dass das staatliche Label kommen soll. Der zust\u00e4ndige Minister Cem \u00d6zdemir und seine ebenfalls gr\u00fcne Kollegin im Umweltministerium, Steffi Lemke, haben das gerade auf einem virtuellen Agrarkongress noch einmal versichert. Um die Wirrnis zu beenden, w\u00e4re es sch\u00f6n, wenn es bald k\u00e4me.<\/p>\n","protected":false},"excerpt":{"rendered":"<p>Seit Anfang des Jahres haben die Konzerne des Lebensmitteleinzelhandels ihre Kennzeichnung der Haltungsformen bei Lebensmitteln tierischen Ursprungs auf die Milch ausgeweitet. Bei genauerem Hinschauen entpuppt sich die nicht-staatliche Kennzeichnung aber als Mogelpackung. Aufmerksame Kundinnen und Kunden der Supermarktketten d\u00fcrften inzwischen gelernt haben, was die Haltungsform-Label auf den Verpackungen und an den Regalen bedeuten. Haltungsform 1 &#8230; <a title=\"Mogeln mit Milch\" class=\"read-more\" href=\"https:\/\/www.florianschwinn.de\/wordpress\/mogeln-mit-milch\/\" aria-label=\"Mehr zu Mogeln mit Milch\">Weiterlesen &#8230;<\/a><\/p>\n","protected":false},"author":1,"featured_media":0,"comment_status":"closed","ping_status":"closed","sticky":false,"template":"","format":"standard","meta":{"footnotes":""},"categories":[3,28,2,68],"tags":[100,96,71],"class_list":["post-1313","post","type-post","status-publish","format-standard","hentry","category-landwirtschaft","category-lebensmittelpreise","category-tierhaltung","category-weidehaltung","tag-label","tag-milchvieh","tag-tierwohl","infinite-scroll-item"],"yoast_head":"<!-- This site is optimized with the Yoast SEO plugin v27.5 - https:\/\/yoast.com\/product\/yoast-seo-wordpress\/ -->\n<title>Mogeln mit Milch - F\u00fchrerschein f\u00fcr Einkaufswagen<\/title>\n<meta name=\"robots\" content=\"index, follow, max-snippet:-1, max-image-preview:large, max-video-preview:-1\" \/>\n<link rel=\"canonical\" href=\"https:\/\/www.florianschwinn.de\/wordpress\/mogeln-mit-milch\/\" \/>\n<meta property=\"og:locale\" content=\"de_DE\" \/>\n<meta property=\"og:type\" content=\"article\" \/>\n<meta property=\"og:title\" content=\"Mogeln mit Milch - F\u00fchrerschein f\u00fcr Einkaufswagen\" \/>\n<meta property=\"og:description\" content=\"Seit Anfang des Jahres haben die Konzerne des Lebensmitteleinzelhandels ihre Kennzeichnung der Haltungsformen bei Lebensmitteln tierischen Ursprungs auf die Milch ausgeweitet. Bei genauerem Hinschauen entpuppt sich die nicht-staatliche Kennzeichnung aber als Mogelpackung. Aufmerksame Kundinnen und Kunden der Supermarktketten d\u00fcrften inzwischen gelernt haben, was die Haltungsform-Label auf den Verpackungen und an den Regalen bedeuten. Haltungsform 1 ... Weiterlesen ...\" \/>\n<meta property=\"og:url\" content=\"https:\/\/www.florianschwinn.de\/wordpress\/mogeln-mit-milch\/\" \/>\n<meta property=\"og:site_name\" content=\"F\u00fchrerschein f\u00fcr Einkaufswagen\" \/>\n<meta property=\"article:published_time\" content=\"2022-01-20T07:00:00+00:00\" \/>\n<meta property=\"article:modified_time\" content=\"2022-04-06T14:52:07+00:00\" \/>\n<meta property=\"og:image\" content=\"https:\/\/www.florianschwinn.de\/wordpress\/wp-content\/uploads\/2022\/01\/Almweide-Stux-1024x390.jpg\" \/>\n<meta name=\"author\" content=\"Florian Schwinn\" \/>\n<meta name=\"twitter:card\" content=\"summary_large_image\" \/>\n<meta name=\"twitter:creator\" content=\"@Journaille\" \/>\n<meta name=\"twitter:site\" content=\"@Journaille\" \/>\n<meta name=\"twitter:label1\" content=\"Verfasst von\" \/>\n\t<meta name=\"twitter:data1\" content=\"Florian Schwinn\" \/>\n\t<meta name=\"twitter:label2\" content=\"Gesch\u00e4tzte Lesezeit\" \/>\n\t<meta name=\"twitter:data2\" content=\"12\u00a0Minuten\" \/>\n<script type=\"application\/ld+json\" class=\"yoast-schema-graph\">{\"@context\":\"https:\\\/\\\/schema.org\",\"@graph\":[{\"@type\":\"Article\",\"@id\":\"https:\\\/\\\/www.florianschwinn.de\\\/wordpress\\\/mogeln-mit-milch\\\/#article\",\"isPartOf\":{\"@id\":\"https:\\\/\\\/www.florianschwinn.de\\\/wordpress\\\/mogeln-mit-milch\\\/\"},\"author\":{\"name\":\"Florian Schwinn\",\"@id\":\"https:\\\/\\\/www.florianschwinn.de\\\/wordpress\\\/#\\\/schema\\\/person\\\/79b5d182d53386a59defbc7c19766aae\"},\"headline\":\"Mogeln mit Milch\",\"datePublished\":\"2022-01-20T07:00:00+00:00\",\"dateModified\":\"2022-04-06T14:52:07+00:00\",\"mainEntityOfPage\":{\"@id\":\"https:\\\/\\\/www.florianschwinn.de\\\/wordpress\\\/mogeln-mit-milch\\\/\"},\"wordCount\":1931,\"publisher\":{\"@id\":\"https:\\\/\\\/www.florianschwinn.de\\\/wordpress\\\/#organization\"},\"image\":{\"@id\":\"https:\\\/\\\/www.florianschwinn.de\\\/wordpress\\\/mogeln-mit-milch\\\/#primaryimage\"},\"thumbnailUrl\":\"https:\\\/\\\/www.florianschwinn.de\\\/wordpress\\\/wp-content\\\/uploads\\\/2022\\\/01\\\/Almweide-Stux-1024x390.jpg\",\"keywords\":[\"Label\",\"Milchvieh\",\"Tierwohl\"],\"articleSection\":[\"Landwirtschaft\",\"Lebensmittelpreise\",\"Tierhaltung\",\"Weidehaltung\"],\"inLanguage\":\"de\"},{\"@type\":\"WebPage\",\"@id\":\"https:\\\/\\\/www.florianschwinn.de\\\/wordpress\\\/mogeln-mit-milch\\\/\",\"url\":\"https:\\\/\\\/www.florianschwinn.de\\\/wordpress\\\/mogeln-mit-milch\\\/\",\"name\":\"Mogeln mit Milch - F\u00fchrerschein f\u00fcr Einkaufswagen\",\"isPartOf\":{\"@id\":\"https:\\\/\\\/www.florianschwinn.de\\\/wordpress\\\/#website\"},\"primaryImageOfPage\":{\"@id\":\"https:\\\/\\\/www.florianschwinn.de\\\/wordpress\\\/mogeln-mit-milch\\\/#primaryimage\"},\"image\":{\"@id\":\"https:\\\/\\\/www.florianschwinn.de\\\/wordpress\\\/mogeln-mit-milch\\\/#primaryimage\"},\"thumbnailUrl\":\"https:\\\/\\\/www.florianschwinn.de\\\/wordpress\\\/wp-content\\\/uploads\\\/2022\\\/01\\\/Almweide-Stux-1024x390.jpg\",\"datePublished\":\"2022-01-20T07:00:00+00:00\",\"dateModified\":\"2022-04-06T14:52:07+00:00\",\"breadcrumb\":{\"@id\":\"https:\\\/\\\/www.florianschwinn.de\\\/wordpress\\\/mogeln-mit-milch\\\/#breadcrumb\"},\"inLanguage\":\"de\",\"potentialAction\":[{\"@type\":\"ReadAction\",\"target\":[\"https:\\\/\\\/www.florianschwinn.de\\\/wordpress\\\/mogeln-mit-milch\\\/\"]}]},{\"@type\":\"ImageObject\",\"inLanguage\":\"de\",\"@id\":\"https:\\\/\\\/www.florianschwinn.de\\\/wordpress\\\/mogeln-mit-milch\\\/#primaryimage\",\"url\":\"https:\\\/\\\/www.florianschwinn.de\\\/wordpress\\\/wp-content\\\/uploads\\\/2022\\\/01\\\/Almweide-Stux.jpg\",\"contentUrl\":\"https:\\\/\\\/www.florianschwinn.de\\\/wordpress\\\/wp-content\\\/uploads\\\/2022\\\/01\\\/Almweide-Stux.jpg\",\"width\":1910,\"height\":728},{\"@type\":\"BreadcrumbList\",\"@id\":\"https:\\\/\\\/www.florianschwinn.de\\\/wordpress\\\/mogeln-mit-milch\\\/#breadcrumb\",\"itemListElement\":[{\"@type\":\"ListItem\",\"position\":1,\"name\":\"Startseite\",\"item\":\"https:\\\/\\\/www.florianschwinn.de\\\/wordpress\\\/\"},{\"@type\":\"ListItem\",\"position\":2,\"name\":\"Mogeln mit Milch\"}]},{\"@type\":\"WebSite\",\"@id\":\"https:\\\/\\\/www.florianschwinn.de\\\/wordpress\\\/#website\",\"url\":\"https:\\\/\\\/www.florianschwinn.de\\\/wordpress\\\/\",\"name\":\"F\u00fchrerschein f\u00fcr Einkaufswagen\",\"description\":\"Hintergrundwissen f\u00fcr bewussten Konsum\",\"publisher\":{\"@id\":\"https:\\\/\\\/www.florianschwinn.de\\\/wordpress\\\/#organization\"},\"potentialAction\":[{\"@type\":\"SearchAction\",\"target\":{\"@type\":\"EntryPoint\",\"urlTemplate\":\"https:\\\/\\\/www.florianschwinn.de\\\/wordpress\\\/?s={search_term_string}\"},\"query-input\":{\"@type\":\"PropertyValueSpecification\",\"valueRequired\":true,\"valueName\":\"search_term_string\"}}],\"inLanguage\":\"de\"},{\"@type\":\"Organization\",\"@id\":\"https:\\\/\\\/www.florianschwinn.de\\\/wordpress\\\/#organization\",\"name\":\"F\u00fchrerschein f\u00fcr Einkaufswagen\",\"url\":\"https:\\\/\\\/www.florianschwinn.de\\\/wordpress\\\/\",\"logo\":{\"@type\":\"ImageObject\",\"inLanguage\":\"de\",\"@id\":\"https:\\\/\\\/www.florianschwinn.de\\\/wordpress\\\/#\\\/schema\\\/logo\\\/image\\\/\",\"url\":\"https:\\\/\\\/www.florianschwinn.de\\\/wordpress\\\/wp-content\\\/uploads\\\/2021\\\/08\\\/PodcastCover-scaled.jpg\",\"contentUrl\":\"https:\\\/\\\/www.florianschwinn.de\\\/wordpress\\\/wp-content\\\/uploads\\\/2021\\\/08\\\/PodcastCover-scaled.jpg\",\"width\":2560,\"height\":2560,\"caption\":\"F\u00fchrerschein f\u00fcr Einkaufswagen\"},\"image\":{\"@id\":\"https:\\\/\\\/www.florianschwinn.de\\\/wordpress\\\/#\\\/schema\\\/logo\\\/image\\\/\"},\"sameAs\":[\"https:\\\/\\\/x.com\\\/Journaille\"]},{\"@type\":\"Person\",\"@id\":\"https:\\\/\\\/www.florianschwinn.de\\\/wordpress\\\/#\\\/schema\\\/person\\\/79b5d182d53386a59defbc7c19766aae\",\"name\":\"Florian Schwinn\",\"image\":{\"@type\":\"ImageObject\",\"inLanguage\":\"de\",\"@id\":\"https:\\\/\\\/secure.gravatar.com\\\/avatar\\\/015c7bb04f4a6b87161c1c34a5fa9dee51f9903ee033683f3fce49e1db8df547?s=96&d=mm&r=g\",\"url\":\"https:\\\/\\\/secure.gravatar.com\\\/avatar\\\/015c7bb04f4a6b87161c1c34a5fa9dee51f9903ee033683f3fce49e1db8df547?s=96&d=mm&r=g\",\"contentUrl\":\"https:\\\/\\\/secure.gravatar.com\\\/avatar\\\/015c7bb04f4a6b87161c1c34a5fa9dee51f9903ee033683f3fce49e1db8df547?s=96&d=mm&r=g\",\"caption\":\"Florian Schwinn\"},\"sameAs\":[\"https:\\\/\\\/www.florianschwinn.de\\\/wordpress\"],\"url\":\"https:\\\/\\\/www.florianschwinn.de\\\/wordpress\\\/author\\\/florianschwinn_wpkolum\\\/\"}]}<\/script>\n<!-- \/ Yoast SEO plugin. -->","yoast_head_json":{"title":"Mogeln mit Milch - F\u00fchrerschein f\u00fcr Einkaufswagen","robots":{"index":"index","follow":"follow","max-snippet":"max-snippet:-1","max-image-preview":"max-image-preview:large","max-video-preview":"max-video-preview:-1"},"canonical":"https:\/\/www.florianschwinn.de\/wordpress\/mogeln-mit-milch\/","og_locale":"de_DE","og_type":"article","og_title":"Mogeln mit Milch - F\u00fchrerschein f\u00fcr Einkaufswagen","og_description":"Seit Anfang des Jahres haben die Konzerne des Lebensmitteleinzelhandels ihre Kennzeichnung der Haltungsformen bei Lebensmitteln tierischen Ursprungs auf die Milch ausgeweitet. Bei genauerem Hinschauen entpuppt sich die nicht-staatliche Kennzeichnung aber als Mogelpackung. Aufmerksame Kundinnen und Kunden der Supermarktketten d\u00fcrften inzwischen gelernt haben, was die Haltungsform-Label auf den Verpackungen und an den Regalen bedeuten. Haltungsform 1 ... Weiterlesen ...","og_url":"https:\/\/www.florianschwinn.de\/wordpress\/mogeln-mit-milch\/","og_site_name":"F\u00fchrerschein f\u00fcr Einkaufswagen","article_published_time":"2022-01-20T07:00:00+00:00","article_modified_time":"2022-04-06T14:52:07+00:00","og_image":[{"url":"https:\/\/www.florianschwinn.de\/wordpress\/wp-content\/uploads\/2022\/01\/Almweide-Stux-1024x390.jpg","type":"","width":"","height":""}],"author":"Florian Schwinn","twitter_card":"summary_large_image","twitter_creator":"@Journaille","twitter_site":"@Journaille","twitter_misc":{"Verfasst von":"Florian Schwinn","Gesch\u00e4tzte Lesezeit":"12\u00a0Minuten"},"schema":{"@context":"https:\/\/schema.org","@graph":[{"@type":"Article","@id":"https:\/\/www.florianschwinn.de\/wordpress\/mogeln-mit-milch\/#article","isPartOf":{"@id":"https:\/\/www.florianschwinn.de\/wordpress\/mogeln-mit-milch\/"},"author":{"name":"Florian Schwinn","@id":"https:\/\/www.florianschwinn.de\/wordpress\/#\/schema\/person\/79b5d182d53386a59defbc7c19766aae"},"headline":"Mogeln mit Milch","datePublished":"2022-01-20T07:00:00+00:00","dateModified":"2022-04-06T14:52:07+00:00","mainEntityOfPage":{"@id":"https:\/\/www.florianschwinn.de\/wordpress\/mogeln-mit-milch\/"},"wordCount":1931,"publisher":{"@id":"https:\/\/www.florianschwinn.de\/wordpress\/#organization"},"image":{"@id":"https:\/\/www.florianschwinn.de\/wordpress\/mogeln-mit-milch\/#primaryimage"},"thumbnailUrl":"https:\/\/www.florianschwinn.de\/wordpress\/wp-content\/uploads\/2022\/01\/Almweide-Stux-1024x390.jpg","keywords":["Label","Milchvieh","Tierwohl"],"articleSection":["Landwirtschaft","Lebensmittelpreise","Tierhaltung","Weidehaltung"],"inLanguage":"de"},{"@type":"WebPage","@id":"https:\/\/www.florianschwinn.de\/wordpress\/mogeln-mit-milch\/","url":"https:\/\/www.florianschwinn.de\/wordpress\/mogeln-mit-milch\/","name":"Mogeln mit Milch - F\u00fchrerschein f\u00fcr Einkaufswagen","isPartOf":{"@id":"https:\/\/www.florianschwinn.de\/wordpress\/#website"},"primaryImageOfPage":{"@id":"https:\/\/www.florianschwinn.de\/wordpress\/mogeln-mit-milch\/#primaryimage"},"image":{"@id":"https:\/\/www.florianschwinn.de\/wordpress\/mogeln-mit-milch\/#primaryimage"},"thumbnailUrl":"https:\/\/www.florianschwinn.de\/wordpress\/wp-content\/uploads\/2022\/01\/Almweide-Stux-1024x390.jpg","datePublished":"2022-01-20T07:00:00+00:00","dateModified":"2022-04-06T14:52:07+00:00","breadcrumb":{"@id":"https:\/\/www.florianschwinn.de\/wordpress\/mogeln-mit-milch\/#breadcrumb"},"inLanguage":"de","potentialAction":[{"@type":"ReadAction","target":["https:\/\/www.florianschwinn.de\/wordpress\/mogeln-mit-milch\/"]}]},{"@type":"ImageObject","inLanguage":"de","@id":"https:\/\/www.florianschwinn.de\/wordpress\/mogeln-mit-milch\/#primaryimage","url":"https:\/\/www.florianschwinn.de\/wordpress\/wp-content\/uploads\/2022\/01\/Almweide-Stux.jpg","contentUrl":"https:\/\/www.florianschwinn.de\/wordpress\/wp-content\/uploads\/2022\/01\/Almweide-Stux.jpg","width":1910,"height":728},{"@type":"BreadcrumbList","@id":"https:\/\/www.florianschwinn.de\/wordpress\/mogeln-mit-milch\/#breadcrumb","itemListElement":[{"@type":"ListItem","position":1,"name":"Startseite","item":"https:\/\/www.florianschwinn.de\/wordpress\/"},{"@type":"ListItem","position":2,"name":"Mogeln mit Milch"}]},{"@type":"WebSite","@id":"https:\/\/www.florianschwinn.de\/wordpress\/#website","url":"https:\/\/www.florianschwinn.de\/wordpress\/","name":"F\u00fchrerschein f\u00fcr Einkaufswagen","description":"Hintergrundwissen f\u00fcr bewussten Konsum","publisher":{"@id":"https:\/\/www.florianschwinn.de\/wordpress\/#organization"},"potentialAction":[{"@type":"SearchAction","target":{"@type":"EntryPoint","urlTemplate":"https:\/\/www.florianschwinn.de\/wordpress\/?s={search_term_string}"},"query-input":{"@type":"PropertyValueSpecification","valueRequired":true,"valueName":"search_term_string"}}],"inLanguage":"de"},{"@type":"Organization","@id":"https:\/\/www.florianschwinn.de\/wordpress\/#organization","name":"F\u00fchrerschein f\u00fcr Einkaufswagen","url":"https:\/\/www.florianschwinn.de\/wordpress\/","logo":{"@type":"ImageObject","inLanguage":"de","@id":"https:\/\/www.florianschwinn.de\/wordpress\/#\/schema\/logo\/image\/","url":"https:\/\/www.florianschwinn.de\/wordpress\/wp-content\/uploads\/2021\/08\/PodcastCover-scaled.jpg","contentUrl":"https:\/\/www.florianschwinn.de\/wordpress\/wp-content\/uploads\/2021\/08\/PodcastCover-scaled.jpg","width":2560,"height":2560,"caption":"F\u00fchrerschein f\u00fcr Einkaufswagen"},"image":{"@id":"https:\/\/www.florianschwinn.de\/wordpress\/#\/schema\/logo\/image\/"},"sameAs":["https:\/\/x.com\/Journaille"]},{"@type":"Person","@id":"https:\/\/www.florianschwinn.de\/wordpress\/#\/schema\/person\/79b5d182d53386a59defbc7c19766aae","name":"Florian Schwinn","image":{"@type":"ImageObject","inLanguage":"de","@id":"https:\/\/secure.gravatar.com\/avatar\/015c7bb04f4a6b87161c1c34a5fa9dee51f9903ee033683f3fce49e1db8df547?s=96&d=mm&r=g","url":"https:\/\/secure.gravatar.com\/avatar\/015c7bb04f4a6b87161c1c34a5fa9dee51f9903ee033683f3fce49e1db8df547?s=96&d=mm&r=g","contentUrl":"https:\/\/secure.gravatar.com\/avatar\/015c7bb04f4a6b87161c1c34a5fa9dee51f9903ee033683f3fce49e1db8df547?s=96&d=mm&r=g","caption":"Florian Schwinn"},"sameAs":["https:\/\/www.florianschwinn.de\/wordpress"],"url":"https:\/\/www.florianschwinn.de\/wordpress\/author\/florianschwinn_wpkolum\/"}]}},"_links":{"self":[{"href":"https:\/\/www.florianschwinn.de\/wordpress\/wp-json\/wp\/v2\/posts\/1313","targetHints":{"allow":["GET"]}}],"collection":[{"href":"https:\/\/www.florianschwinn.de\/wordpress\/wp-json\/wp\/v2\/posts"}],"about":[{"href":"https:\/\/www.florianschwinn.de\/wordpress\/wp-json\/wp\/v2\/types\/post"}],"author":[{"embeddable":true,"href":"https:\/\/www.florianschwinn.de\/wordpress\/wp-json\/wp\/v2\/users\/1"}],"replies":[{"embeddable":true,"href":"https:\/\/www.florianschwinn.de\/wordpress\/wp-json\/wp\/v2\/comments?post=1313"}],"version-history":[{"count":19,"href":"https:\/\/www.florianschwinn.de\/wordpress\/wp-json\/wp\/v2\/posts\/1313\/revisions"}],"predecessor-version":[{"id":1567,"href":"https:\/\/www.florianschwinn.de\/wordpress\/wp-json\/wp\/v2\/posts\/1313\/revisions\/1567"}],"wp:attachment":[{"href":"https:\/\/www.florianschwinn.de\/wordpress\/wp-json\/wp\/v2\/media?parent=1313"}],"wp:term":[{"taxonomy":"category","embeddable":true,"href":"https:\/\/www.florianschwinn.de\/wordpress\/wp-json\/wp\/v2\/categories?post=1313"},{"taxonomy":"post_tag","embeddable":true,"href":"https:\/\/www.florianschwinn.de\/wordpress\/wp-json\/wp\/v2\/tags?post=1313"}],"curies":[{"name":"wp","href":"https:\/\/api.w.org\/{rel}","templated":true}]}}