{"id":1515,"date":"2022-03-31T08:00:00","date_gmt":"2022-03-31T06:00:00","guid":{"rendered":"https:\/\/www.florianschwinn.de\/wordpress\/?p=1515"},"modified":"2022-05-20T11:55:14","modified_gmt":"2022-05-20T09:55:14","slug":"krieg-gegen-klima-und-oekologie","status":"publish","type":"post","link":"https:\/\/www.florianschwinn.de\/wordpress\/krieg-gegen-klima-und-oekologie\/","title":{"rendered":"Krieg gegen Klima und \u00d6kologie"},"content":{"rendered":"\n<figure class=\"wp-block-image size-full\"><img loading=\"lazy\" decoding=\"async\" width=\"1000\" height=\"562\" src=\"https:\/\/www.florianschwinn.de\/wordpress\/wp-content\/uploads\/2022\/03\/BracheMarschland.jpg\" alt=\"\" class=\"wp-image-1519\" srcset=\"https:\/\/www.florianschwinn.de\/wordpress\/wp-content\/uploads\/2022\/03\/BracheMarschland.jpg 1000w, https:\/\/www.florianschwinn.de\/wordpress\/wp-content\/uploads\/2022\/03\/BracheMarschland-300x169.jpg 300w, https:\/\/www.florianschwinn.de\/wordpress\/wp-content\/uploads\/2022\/03\/BracheMarschland-768x432.jpg 768w\" sizes=\"auto, (max-width: 1000px) 100vw, 1000px\" \/><figcaption>Umpfl\u00fcgen, eins\u00e4en, Getreide ernten? Kann das weg, oder ist das ein Bollwerk gegen die Biodiversit\u00e4tskrise? Eine alte Brache im Marschland. | Foto: Florian Schwinn<\/figcaption><\/figure>\n\n\n\n<p><em>Der Krieg in der Ukraine ist in der Landwirtschaft der Europ\u00e4ischen Union angekommen. Angesichts des Mangels an Getreide auf dem bislang von der Ukraine und Russland ma\u00dfgeblich mitbedienten Weltmarkt, setzt die Europ\u00e4ische Kommission einen Teil ihrer eigenen \u00d6ko-Regeln au\u00dfer Kraft: Sie gibt vier Millionen Hektar \u00d6kologische Vorrangfl\u00e4chen zur Bewirtschaftung frei, inklusive Chemieeinsatz.&nbsp; Damit folgt die Kommission der Lobby der Agrarindustrie, die den Krieg gegen die Klimakrise und die Biodiversit\u00e4tskrise ins Feld f\u00fchrt.<\/em><\/p>\n\n\n\n<p>In Deutschland streitet die Agrarministerkonferenz von Bund und L\u00e4ndern dar\u00fcber, wie hier mit den Stilllegungsfl\u00e4chen umgegangen werden soll, die dann nicht mehr still liegen. Au\u00dferdem m\u00fcssen die Landwirtschaftsministerinnen und -minister sich dar\u00fcber klar werden, wie die Agrarsubventionen aus Br\u00fcssel in den n\u00e4chsten f\u00fcnf Jahren eingesetzt werden sollen. Auch hier dient der Krieg als Argument, alle zaghaften Reformen zur\u00fcckzudrehen. Dagegen regt sich allerdings Widerstand.<\/p>\n\n\n\n<h2 class=\"has-medium-font-size wp-block-heading\">Untergepfl\u00fcgt<\/h2>\n\n\n\n<p>\u201e<a href=\"https:\/\/www.abl-ev.de\/fileadmin\/Dokumente\/AbL_ev\/Publikationen\/2022-03-22_Stellungnahme_zum_GAP-Strategieplan_-_f%C3%BCr_ein_friedliches_soziales_und_umweltfreundliches_Europa_final.pdf\" target=\"_blank\" rel=\"noreferrer noopener\">F\u00fcr ein friedliches, soziales und umweltfreundliches Europa<\/a>\u201c hat ein breites B\u00fcndnis aus Bauern, Bio- und Umweltverb\u00e4nden ein Papier mit Forderungen an die AMK, die Agrarministerkonferenz, \u00fcberschrieben. Schon die \u00dcberschrift macht klar, dass sich die \u201eVerb\u00e4nde-Plattform\u201c gegen das Ausspielen der derzeitigen Krisen gegeneinander wendet. W\u00e4hrend Russland Krieg gegen die Ukraine f\u00fchrt, machen weder Klima- noch Biodiversit\u00e4tskrise Pause. Und auch die Landwirtschaft wird sich aus ihrer strukturellen Krise nicht befreien, indem sie einmal umpfl\u00fcgt, was bislang zur Entlastung der Umwelt stillgelegt war.<\/p>\n\n\n\n<p>F\u00fcr Deutschland hat das gr\u00fcn gef\u00fchrte Bundeslandwirtschaftsministerium, das in dieser Konstellation zum ersten Mal an einer AMK teilnimmt, die \u00d6kologischen Vorrangfl\u00e4chen zun\u00e4chst nur zum M\u00e4hen freigegeben, also zur Gewinnung von Gr\u00fcnfutter f\u00fcrs Vieh. Der Bauernverband will aber pfl\u00fcgen und s\u00e4en und Agrarchemie einsetzen, und wird dabei aus der CDU und der Ampelpartei FDP unterst\u00fctzt.<\/p>\n\n\n\n<p>Viel weiter geht allerdings die Forderung der Agrarlobby, gleich alle \u00d6ko-Regelungen \u00fcber Bord zu werfen, die f\u00fcr die n\u00e4chste Subventionsperiode der GAP, der Gemeinsamen Agrar-Politik, vorgesehen sind, oder den ganzen GAP-Prozess zu verschieben. Die \u201eVerb\u00e4nde-Plattform\u201c, zu der sich unter anderen die Arbeitsgemeinschaft b\u00e4uerliche Landwirtschaft AbL, Bioanbauverb\u00e4nde wie Bioland und Demeter, Umweltverb\u00e4nde wie BUND und WWF zusammengeschlossen haben, warnt genau davor. \u201eDas hat eine andere Tragweite, als das kurzfristige Freigeben der vorhandenen \u00f6kologischen Vorrangfl\u00e4chen\u201c, sagt Phillip Br\u00e4ndle vom AbL. &nbsp;Der und die anderen Verb\u00e4nde der Plattform fordern vielmehr Nachbesserungen am deutschen <a rel=\"noreferrer noopener\" href=\"https:\/\/www.bmel.de\/SharedDocs\/Downloads\/DE\/_Landwirtschaft\/EU-Agrarpolitik-Foerderung\/gap-strategieplan.pdf?__blob=publicationFile&amp;v=2\" target=\"_blank\">GAP-Strategieplan<\/a>: nicht weniger, sondern mehr \u00d6kologie! Der Strategieplan n\u00e4mlich, den die inzwischen abgew\u00e4hlte Bundesregierung mit den L\u00e4ndern 2021 beschlossen hatte, ist in vielen Teilen eine Mogelpackung. Bei genauerem Hinsehen h\u00e4lt er nicht, was er verspricht; insofern ist er ein typisches Erbe der ehemaligen Agrarank\u00fcndigungsministerin Julia Kl\u00f6ckner.<\/p>\n\n\n\n<figure class=\"wp-block-image size-large\"><img loading=\"lazy\" decoding=\"async\" width=\"1024\" height=\"789\" src=\"https:\/\/www.florianschwinn.de\/wordpress\/wp-content\/uploads\/2022\/03\/PhillipBraendleAbL-1024x789.jpg\" alt=\"\" class=\"wp-image-1521\" srcset=\"https:\/\/www.florianschwinn.de\/wordpress\/wp-content\/uploads\/2022\/03\/PhillipBraendleAbL-1024x789.jpg 1024w, https:\/\/www.florianschwinn.de\/wordpress\/wp-content\/uploads\/2022\/03\/PhillipBraendleAbL-300x231.jpg 300w, https:\/\/www.florianschwinn.de\/wordpress\/wp-content\/uploads\/2022\/03\/PhillipBraendleAbL-768x592.jpg 768w, https:\/\/www.florianschwinn.de\/wordpress\/wp-content\/uploads\/2022\/03\/PhillipBraendleAbL-1536x1184.jpg 1536w, https:\/\/www.florianschwinn.de\/wordpress\/wp-content\/uploads\/2022\/03\/PhillipBraendleAbL-2048x1578.jpg 2048w\" sizes=\"auto, (max-width: 1024px) 100vw, 1024px\" \/><figcaption>Statt bei der Agrarwende den R\u00fcckw\u00e4rtsgang einzulegen soll die Agrarministerkonferenz bei der F\u00f6rderung des \u00d6kolandbaus nachlegen, fordert Phillip Br\u00e4ndle vom AbL f\u00fcr eine Verb\u00e4nde-Plattform aus Landwirtschafts- und Umweltorganisationen. | Foto: privat<\/figcaption><\/figure>\n\n\n\n<h2 class=\"has-medium-font-size wp-block-heading\">Nachgerechnet<\/h2>\n\n\n\n<p>Um die Klimakrise und die Biodiversit\u00e4tskrise zu mildern, hat sich die Bundesregierung zum Ziel gesetzt, bis 2030 die \u00f6kologisch bewirtschaftete Landwirtschaftsfl\u00e4che in Deutschland auf drei\u00dfig Prozent zu steigern. Das w\u00e4re ein gewaltiger Sprung von derzeit knapp \u00fcber zehn Prozent Fl\u00e4chenanteil des \u00d6kolandbaus. Die n\u00e4chste f\u00fcnfj\u00e4hrige F\u00f6rderperiode der Gemeinsamen Agrarpolitik beginnt im n\u00e4chsten Jahr und endet folglich 2027. Im Strategieplan von Bund und L\u00e4ndern m\u00fcsste also soviel Biof\u00f6rderung vorgesehen sein, dass bis dahin die drei\u00dfig Prozent fast erreicht werden k\u00f6nnen. Das ist aber nicht der Fall. Die Verb\u00e4nde-Plattform rechnet vor, dass mit den im derzeitigen Strategieplan eingeplanten Mitteln nur vierzehn Prozent \u00d6kofl\u00e4che erreichbar sind. \u201eMan kann erz\u00e4hlen, dass man drei\u00dfig Prozent \u00d6kolandbau erreichen will\u201c, sagt Phillip Br\u00e4ndle, \u201ewenn man dann aber die daf\u00fcr notwendigen Mittel nicht bereitstellt, entstehen Zweifel am politischen Willen.\u201c Der gelernte Landwirt und Agrarwissenschaftler vom AbL sieht deshalb die Fr\u00fchjahrskonferenz der Agrarministerinnen und -minister \u201ein der Pflicht, bei der Finanzierung des \u00d6kologischen Landbaus nachzubessern.\u201c Sonst wird das nichts mit dem Verbraucherwunsch nach mehr Bio aus der Region.<\/p>\n\n\n\n<p>Auch beim direkten Klimaschutz in der Landwirtschaft haben Bund und L\u00e4nder offenbar gepfuscht. Die EU-Kommission hat das Ziel ausgegeben, dass mit mindestens vierzig Prozent der GAP-Gelder Ma\u00dfnahmen finanziert werden m\u00fcssen, die dem Klimaschutz dienen. Das Umweltbundesamt hat die GAP-Strategie in einem <a href=\"https:\/\/www.umweltbundesamt.de\/sites\/default\/files\/medien\/479\/publikationen\/uba_factsheet_wieviel_klimaschutz_steckt_in_der_1._saeule_der_gap.pdf\" target=\"_blank\" rel=\"noreferrer noopener\">Sachverst\u00e4ndigengutachten<\/a> unter die Lupe nehmen lassen. Das kam zu dem Ergebnis, dass die Basisf\u00f6rderung der sogenannten 1. S\u00e4ule der Gemeinsamen Agrar-Politik \u2013 also die Gie\u00dfkanne, mit der Geld \u00fcber jeden bewirtschafteten Hektar ausgegossen wird \u2013 praktisch keine klimawirksame Steuerung hat. Und auch die 2. S\u00e4ule, in der die Biof\u00f6rderung und die neuen \u00d6ko-Regelungen zusammengefasst sind, ist nur zu zwanzig Prozent positiv klimawirksam. \u201eDas ist angesichts der akuten Klimakrise, die ja gerade die Landwirtschaft ganz direkt bedroht, absolut kontraproduktiv\u201c, sagt Phillip Br\u00e4ndle. Aber der deutsche GAP-Plan sei ja noch nicht rechtswirksam. Das Landwirtschaftsministerium hat ihn \u2013 zu sp\u00e4t, aber dann doch \u2013 an die Kommission gesandt, und die muss nun innerhalb von drei Monaten reagieren. Phillip Br\u00e4ndle und die von ihm vertretenen Verb\u00e4nde hoffen darauf, dass die Kommission nachbessern l\u00e4sst. \u201eAus unserer Sicht ist das dringend notwendig.\u201c Nat\u00fcrlich k\u00f6nnte sich die Agrarministerkonferenz die Schmach des R\u00fcffels aus Br\u00fcssel auch ersparen, wenn sie jetzt selbst nachbessert.<\/p>\n\n\n\n<h2 class=\"has-medium-font-size wp-block-heading\">Nassgemacht<\/h2>\n\n\n\n<p>Besonderes Augenmerk legt die Verb\u00e4nde-Plattform auf die landwirtschaftlich genutzten Moorb\u00f6den. Wenn es nach der gr\u00fcnen Bundesumweltministerin und ihrem gr\u00fcnen Landwirtschaftsministerkollegen geht, sollte es irgendwann keinen Ackerbau auf Moorb\u00f6den mehr geben. Bis dahin ist\u2018s aber noch lange, deshalb schlagen AbL, BUND und Co., auf den bewirtschafteten Moorb\u00f6den statt des erlaubten drei\u00dfig Zentimeter tiefen Pfl\u00fcgens nur noch zehn Zentimeter Pflugtiefe zuzulassen. \u201eDas ist keine Ma\u00dfnahme, die die Wiedervern\u00e4ssung von Mooren voranbringt, aber eine, die den Schaden f\u00fcr das Klima begrenzt\u201c, sagt Phillip Br\u00e4ndle. \u201eDas ist technisch m\u00f6glich und ein kleiner, notwendiger Schritt, f\u00fcr den man nicht den ganzen GAP-Strategieplan umschreiben muss.\u201c<\/p>\n\n\n\n<p>In unseren Mooren steckt das gr\u00f6\u00dfte Klimapotenzial. Einerseits negativ: Wenn Moore trockengelegt und dauerhaft entw\u00e4ssert werden, damit auf ihnen Ackerbau betrieben werden kann, setzen sie die ganze Zeit die in ihnen gebundenen Treibhausgase frei. Und Moore sind der gr\u00f6\u00dfte Kohlenstoff-Speicher unter unseren B\u00f6den. Werden Moore dagegen wieder vern\u00e4sst, k\u00f6nnen sie stetig den Kohlenstoff aus dem CO2 der Luft in den Boden einlagern. Aktive Moore sind stetig arbeitende Kohlenstoffsenken. Deshalb haben Landwirtschaftsminister Cem \u00d6zdemir und Umweltministerin Steffi Lemke im Januar angek\u00fcndigt, Millionen F\u00f6rdergelder f\u00fcr die Wiedervern\u00e4ssung von Mooren und die Entwicklung der Paludikultur auszugeben. Paludikultur, abgeleitet von Sumpf und Bewirtschaftung aus dem Lateinischen, bezeichnet eben das: Landwirtschaft auf nassen Fl\u00e4chen. Wir k\u00f6nnten zum Beispiel das Schilf f\u00fcr unsere trendigen Reetd\u00e4cher selbst ziehen, statt es aus Ungarn und China einzuf\u00fchren. Wir k\u00f6nnten Torfmoos als Torfersatz f\u00fcr den Gartenbau ernten oder Biomasse f\u00fcr die Energiegewinnung. Bis das soweit ist, k\u00f6nnten wir einfach mal den Pflug flach halten.<\/p>\n\n\n\n<figure class=\"wp-block-image size-large\"><img loading=\"lazy\" decoding=\"async\" width=\"1024\" height=\"600\" src=\"https:\/\/www.florianschwinn.de\/wordpress\/wp-content\/uploads\/2022\/03\/Reet-HansBraxmeier-1-1024x600.jpg\" alt=\"\" class=\"wp-image-1523\" srcset=\"https:\/\/www.florianschwinn.de\/wordpress\/wp-content\/uploads\/2022\/03\/Reet-HansBraxmeier-1-1024x600.jpg 1024w, https:\/\/www.florianschwinn.de\/wordpress\/wp-content\/uploads\/2022\/03\/Reet-HansBraxmeier-1-300x176.jpg 300w, https:\/\/www.florianschwinn.de\/wordpress\/wp-content\/uploads\/2022\/03\/Reet-HansBraxmeier-1-768x450.jpg 768w, https:\/\/www.florianschwinn.de\/wordpress\/wp-content\/uploads\/2022\/03\/Reet-HansBraxmeier-1-1536x899.jpg 1536w, https:\/\/www.florianschwinn.de\/wordpress\/wp-content\/uploads\/2022\/03\/Reet-HansBraxmeier-1.jpg 1906w\" sizes=\"auto, (max-width: 1024px) 100vw, 1024px\" \/><figcaption>Wenn die Landwirtschaft aufh\u00f6rt, Moore zu entw\u00e4ssern, kann dort auch wieder geerntet werden, was nicht ges\u00e4t wurde: Aus Schilf wird Reet f\u00fcr die D\u00e4cher. | Foto: Hans Braxmeier<\/figcaption><\/figure>\n\n\n\n<h2 class=\"has-medium-font-size wp-block-heading\">Umverteilt<\/h2>\n\n\n\n<p>Fehlt noch der genauere Blick auf die gro\u00dfe Gie\u00dfkanne: auf den Teil der Br\u00fcsseler Agrargelder, die einfach pro Hektar ausgesch\u00fcttet werden. Wer Landwirtschaftsfl\u00e4che hat, bekommt Subvention, egal wie reich der Empf\u00e4nger ist. Was einmal als St\u00fctzung der Landwirtschaft nach dem Zweiten Weltkrieg begann, ist inzwischen zur Anpassung europ\u00e4ischer Agrarrohstoffe an die Weltmarktpreise geworden. Phillip Br\u00e4ndle fasst den Zweck der sogenannten Einkommensgrundst\u00fctzung so zusammen: \u201eWeil wir im Vergleich zu Lateinamerika oder Russland mit vergleichsweise kleinen Ackerfl\u00e4chen und teuren Arbeitskr\u00e4ften zu Weltmarktpreisen nicht produzieren k\u00f6nnen, werden unsere Agrarprodukte mit Steuergeldern preislich gest\u00fctzt, um sie dennoch exportieren zu k\u00f6nnen.\u201c Dass man das dann Einkommensgrundst\u00fctzung f\u00fcr die Bauern nennt, ist ein politisch gewollter Euphemismus; eine semantische Nebelkerze, die verschleiert, dass die Bauern von den Erzeugerpreisen nicht leben k\u00f6nnen. Sie k\u00f6nnen es auch mit der St\u00fctze aus Br\u00fcssel immer weniger, weil der Lebensmitteleinzelhandel ja wei\u00df, dass das EU-Geld kommt und immer weiter an der Preisschraube nach unten dreht.<\/p>\n\n\n\n<p>Aber die gro\u00dfen Landwirtschaftsbetriebe mit hunderten von Hektar Land, die k\u00f6nnen gut leben, weil sie entsprechend g\u00fcnstiger produzieren. Deshalb fragen AbL, BUND &amp; Co., wie auch viele andere Akteure: Warum mit der Gie\u00dfkanne das Geld an alle verteilen? Warum den Gro\u00dfen Geld nachwerfen, das die gar nicht brauchen? Das bundeseigene Th\u00fcnen-Institut hat die Einkommen bei kleinen und mittleren Betrieben mit denen der gro\u00dfen verglichen. Das Ergebnis: die B\u00e4uerinnen und Bauern in den kleinen und mittleren Betrieben verdienen zwischen 35.000 und 40.000 Euro im Jahr, w\u00e4hrend die gro\u00dfen sich leicht \u00fcber 100.000 Euro auszahlen k\u00f6nnen. \u201eDie EU bietet das Instrument der Kappung und Degression, mit dem die Bundesregierung die Einkommensgrundst\u00fctzung begrenzen k\u00f6nnte\u201c, sagt Phillip Br\u00e4ndle. Will sagen: einfach abschneiden bei 100.000 oder 150.000 Euro pro Betrieb, egal wie viele Hektar Land dann von der Br\u00fcsseler Gie\u00dfkanne nicht begossen sind. \u201eDieses Instrument steht jedem Mitgliedsstaat zur Verf\u00fcgung. Spanien und Irland zum Beispiel wenden es an. In Deutschland fehlte dazu bisher der politische Wille.\u201c<\/p>\n","protected":false},"excerpt":{"rendered":"<p>Der Krieg in der Ukraine ist in der Landwirtschaft der Europ\u00e4ischen Union angekommen. Angesichts des Mangels an Getreide auf dem bislang von der Ukraine und Russland ma\u00dfgeblich mitbedienten Weltmarkt, setzt die Europ\u00e4ische Kommission einen Teil ihrer eigenen \u00d6ko-Regeln au\u00dfer Kraft: Sie gibt vier Millionen Hektar \u00d6kologische Vorrangfl\u00e4chen zur Bewirtschaftung frei, inklusive Chemieeinsatz.&nbsp; Damit folgt die &#8230; <a title=\"Krieg gegen Klima und \u00d6kologie\" class=\"read-more\" href=\"https:\/\/www.florianschwinn.de\/wordpress\/krieg-gegen-klima-und-oekologie\/\" aria-label=\"Mehr zu Krieg gegen Klima und \u00d6kologie\">Weiterlesen &#8230;<\/a><\/p>\n","protected":false},"author":1,"featured_media":0,"comment_status":"closed","ping_status":"closed","sticky":false,"template":"","format":"standard","meta":{"footnotes":""},"categories":[8,89,48,3,28],"tags":[81,7,109],"class_list":["post-1515","post","type-post","status-publish","format-standard","hentry","category-agrarpolitik","category-biodiversitaet","category-klima","category-landwirtschaft","category-lebensmittelpreise","tag-agrarwende","tag-gemeinsame-agrarpolitik-gap","tag-ukraine","infinite-scroll-item"],"yoast_head":"<!-- This site is optimized with the Yoast SEO plugin v27.5 - https:\/\/yoast.com\/product\/yoast-seo-wordpress\/ -->\n<title>Krieg gegen Klima und \u00d6kologie<\/title>\n<meta name=\"description\" content=\"Wegen des Kriegs in der Ukraine setzt die EU einen Teil ihrer eigenen \u00d6ko-Regelungen a\u00dfer Kraft. Ob das die richtige Reaktion ist?\" \/>\n<meta name=\"robots\" content=\"index, follow, max-snippet:-1, max-image-preview:large, max-video-preview:-1\" \/>\n<link rel=\"canonical\" href=\"https:\/\/www.florianschwinn.de\/wordpress\/krieg-gegen-klima-und-oekologie\/\" \/>\n<meta property=\"og:locale\" content=\"de_DE\" \/>\n<meta property=\"og:type\" content=\"article\" \/>\n<meta property=\"og:title\" content=\"Krieg gegen Klima und \u00d6kologie\" \/>\n<meta property=\"og:description\" content=\"Wegen des Kriegs in der Ukraine setzt die EU einen Teil ihrer eigenen \u00d6ko-Regelungen a\u00dfer Kraft. Ob das die richtige Reaktion ist?\" \/>\n<meta property=\"og:url\" content=\"https:\/\/www.florianschwinn.de\/wordpress\/krieg-gegen-klima-und-oekologie\/\" \/>\n<meta property=\"og:site_name\" content=\"F\u00fchrerschein f\u00fcr Einkaufswagen\" \/>\n<meta property=\"article:published_time\" content=\"2022-03-31T06:00:00+00:00\" \/>\n<meta property=\"article:modified_time\" content=\"2022-05-20T09:55:14+00:00\" \/>\n<meta property=\"og:image\" content=\"https:\/\/www.florianschwinn.de\/wordpress\/wp-content\/uploads\/2022\/03\/BracheMarschland.jpg\" \/>\n<meta name=\"author\" content=\"Florian Schwinn\" \/>\n<meta name=\"twitter:card\" content=\"summary_large_image\" \/>\n<meta name=\"twitter:creator\" content=\"@Journaille\" \/>\n<meta name=\"twitter:site\" content=\"@Journaille\" \/>\n<meta name=\"twitter:label1\" content=\"Verfasst von\" \/>\n\t<meta name=\"twitter:data1\" content=\"Florian Schwinn\" \/>\n\t<meta name=\"twitter:label2\" content=\"Gesch\u00e4tzte Lesezeit\" \/>\n\t<meta name=\"twitter:data2\" content=\"9\u00a0Minuten\" \/>\n<script type=\"application\/ld+json\" class=\"yoast-schema-graph\">{\"@context\":\"https:\\\/\\\/schema.org\",\"@graph\":[{\"@type\":\"Article\",\"@id\":\"https:\\\/\\\/www.florianschwinn.de\\\/wordpress\\\/krieg-gegen-klima-und-oekologie\\\/#article\",\"isPartOf\":{\"@id\":\"https:\\\/\\\/www.florianschwinn.de\\\/wordpress\\\/krieg-gegen-klima-und-oekologie\\\/\"},\"author\":{\"name\":\"Florian Schwinn\",\"@id\":\"https:\\\/\\\/www.florianschwinn.de\\\/wordpress\\\/#\\\/schema\\\/person\\\/79b5d182d53386a59defbc7c19766aae\"},\"headline\":\"Krieg gegen Klima und \u00d6kologie\",\"datePublished\":\"2022-03-31T06:00:00+00:00\",\"dateModified\":\"2022-05-20T09:55:14+00:00\",\"mainEntityOfPage\":{\"@id\":\"https:\\\/\\\/www.florianschwinn.de\\\/wordpress\\\/krieg-gegen-klima-und-oekologie\\\/\"},\"wordCount\":1591,\"publisher\":{\"@id\":\"https:\\\/\\\/www.florianschwinn.de\\\/wordpress\\\/#organization\"},\"image\":{\"@id\":\"https:\\\/\\\/www.florianschwinn.de\\\/wordpress\\\/krieg-gegen-klima-und-oekologie\\\/#primaryimage\"},\"thumbnailUrl\":\"https:\\\/\\\/www.florianschwinn.de\\\/wordpress\\\/wp-content\\\/uploads\\\/2022\\\/03\\\/BracheMarschland.jpg\",\"keywords\":[\"Agrarwende\",\"Gemeinsame Agrarpolitik GAP\",\"Ukraine\"],\"articleSection\":[\"Agrarpolitik\",\"Biodiversit\u00e4t\",\"Klima\",\"Landwirtschaft\",\"Lebensmittelpreise\"],\"inLanguage\":\"de\"},{\"@type\":\"WebPage\",\"@id\":\"https:\\\/\\\/www.florianschwinn.de\\\/wordpress\\\/krieg-gegen-klima-und-oekologie\\\/\",\"url\":\"https:\\\/\\\/www.florianschwinn.de\\\/wordpress\\\/krieg-gegen-klima-und-oekologie\\\/\",\"name\":\"Krieg gegen Klima und \u00d6kologie\",\"isPartOf\":{\"@id\":\"https:\\\/\\\/www.florianschwinn.de\\\/wordpress\\\/#website\"},\"primaryImageOfPage\":{\"@id\":\"https:\\\/\\\/www.florianschwinn.de\\\/wordpress\\\/krieg-gegen-klima-und-oekologie\\\/#primaryimage\"},\"image\":{\"@id\":\"https:\\\/\\\/www.florianschwinn.de\\\/wordpress\\\/krieg-gegen-klima-und-oekologie\\\/#primaryimage\"},\"thumbnailUrl\":\"https:\\\/\\\/www.florianschwinn.de\\\/wordpress\\\/wp-content\\\/uploads\\\/2022\\\/03\\\/BracheMarschland.jpg\",\"datePublished\":\"2022-03-31T06:00:00+00:00\",\"dateModified\":\"2022-05-20T09:55:14+00:00\",\"description\":\"Wegen des Kriegs in der Ukraine setzt die EU einen Teil ihrer eigenen \u00d6ko-Regelungen a\u00dfer Kraft. Ob das die richtige Reaktion ist?\",\"breadcrumb\":{\"@id\":\"https:\\\/\\\/www.florianschwinn.de\\\/wordpress\\\/krieg-gegen-klima-und-oekologie\\\/#breadcrumb\"},\"inLanguage\":\"de\",\"potentialAction\":[{\"@type\":\"ReadAction\",\"target\":[\"https:\\\/\\\/www.florianschwinn.de\\\/wordpress\\\/krieg-gegen-klima-und-oekologie\\\/\"]}]},{\"@type\":\"ImageObject\",\"inLanguage\":\"de\",\"@id\":\"https:\\\/\\\/www.florianschwinn.de\\\/wordpress\\\/krieg-gegen-klima-und-oekologie\\\/#primaryimage\",\"url\":\"https:\\\/\\\/www.florianschwinn.de\\\/wordpress\\\/wp-content\\\/uploads\\\/2022\\\/03\\\/BracheMarschland.jpg\",\"contentUrl\":\"https:\\\/\\\/www.florianschwinn.de\\\/wordpress\\\/wp-content\\\/uploads\\\/2022\\\/03\\\/BracheMarschland.jpg\",\"width\":1000,\"height\":562},{\"@type\":\"BreadcrumbList\",\"@id\":\"https:\\\/\\\/www.florianschwinn.de\\\/wordpress\\\/krieg-gegen-klima-und-oekologie\\\/#breadcrumb\",\"itemListElement\":[{\"@type\":\"ListItem\",\"position\":1,\"name\":\"Startseite\",\"item\":\"https:\\\/\\\/www.florianschwinn.de\\\/wordpress\\\/\"},{\"@type\":\"ListItem\",\"position\":2,\"name\":\"Krieg gegen Klima und \u00d6kologie\"}]},{\"@type\":\"WebSite\",\"@id\":\"https:\\\/\\\/www.florianschwinn.de\\\/wordpress\\\/#website\",\"url\":\"https:\\\/\\\/www.florianschwinn.de\\\/wordpress\\\/\",\"name\":\"F\u00fchrerschein f\u00fcr Einkaufswagen\",\"description\":\"Hintergrundwissen f\u00fcr bewussten Konsum\",\"publisher\":{\"@id\":\"https:\\\/\\\/www.florianschwinn.de\\\/wordpress\\\/#organization\"},\"potentialAction\":[{\"@type\":\"SearchAction\",\"target\":{\"@type\":\"EntryPoint\",\"urlTemplate\":\"https:\\\/\\\/www.florianschwinn.de\\\/wordpress\\\/?s={search_term_string}\"},\"query-input\":{\"@type\":\"PropertyValueSpecification\",\"valueRequired\":true,\"valueName\":\"search_term_string\"}}],\"inLanguage\":\"de\"},{\"@type\":\"Organization\",\"@id\":\"https:\\\/\\\/www.florianschwinn.de\\\/wordpress\\\/#organization\",\"name\":\"F\u00fchrerschein f\u00fcr Einkaufswagen\",\"url\":\"https:\\\/\\\/www.florianschwinn.de\\\/wordpress\\\/\",\"logo\":{\"@type\":\"ImageObject\",\"inLanguage\":\"de\",\"@id\":\"https:\\\/\\\/www.florianschwinn.de\\\/wordpress\\\/#\\\/schema\\\/logo\\\/image\\\/\",\"url\":\"https:\\\/\\\/www.florianschwinn.de\\\/wordpress\\\/wp-content\\\/uploads\\\/2021\\\/08\\\/PodcastCover-scaled.jpg\",\"contentUrl\":\"https:\\\/\\\/www.florianschwinn.de\\\/wordpress\\\/wp-content\\\/uploads\\\/2021\\\/08\\\/PodcastCover-scaled.jpg\",\"width\":2560,\"height\":2560,\"caption\":\"F\u00fchrerschein f\u00fcr Einkaufswagen\"},\"image\":{\"@id\":\"https:\\\/\\\/www.florianschwinn.de\\\/wordpress\\\/#\\\/schema\\\/logo\\\/image\\\/\"},\"sameAs\":[\"https:\\\/\\\/x.com\\\/Journaille\"]},{\"@type\":\"Person\",\"@id\":\"https:\\\/\\\/www.florianschwinn.de\\\/wordpress\\\/#\\\/schema\\\/person\\\/79b5d182d53386a59defbc7c19766aae\",\"name\":\"Florian Schwinn\",\"image\":{\"@type\":\"ImageObject\",\"inLanguage\":\"de\",\"@id\":\"https:\\\/\\\/secure.gravatar.com\\\/avatar\\\/015c7bb04f4a6b87161c1c34a5fa9dee51f9903ee033683f3fce49e1db8df547?s=96&d=mm&r=g\",\"url\":\"https:\\\/\\\/secure.gravatar.com\\\/avatar\\\/015c7bb04f4a6b87161c1c34a5fa9dee51f9903ee033683f3fce49e1db8df547?s=96&d=mm&r=g\",\"contentUrl\":\"https:\\\/\\\/secure.gravatar.com\\\/avatar\\\/015c7bb04f4a6b87161c1c34a5fa9dee51f9903ee033683f3fce49e1db8df547?s=96&d=mm&r=g\",\"caption\":\"Florian Schwinn\"},\"sameAs\":[\"https:\\\/\\\/www.florianschwinn.de\\\/wordpress\"],\"url\":\"https:\\\/\\\/www.florianschwinn.de\\\/wordpress\\\/author\\\/florianschwinn_wpkolum\\\/\"}]}<\/script>\n<!-- \/ Yoast SEO plugin. -->","yoast_head_json":{"title":"Krieg gegen Klima und \u00d6kologie","description":"Wegen des Kriegs in der Ukraine setzt die EU einen Teil ihrer eigenen \u00d6ko-Regelungen a\u00dfer Kraft. Ob das die richtige Reaktion ist?","robots":{"index":"index","follow":"follow","max-snippet":"max-snippet:-1","max-image-preview":"max-image-preview:large","max-video-preview":"max-video-preview:-1"},"canonical":"https:\/\/www.florianschwinn.de\/wordpress\/krieg-gegen-klima-und-oekologie\/","og_locale":"de_DE","og_type":"article","og_title":"Krieg gegen Klima und \u00d6kologie","og_description":"Wegen des Kriegs in der Ukraine setzt die EU einen Teil ihrer eigenen \u00d6ko-Regelungen a\u00dfer Kraft. Ob das die richtige Reaktion ist?","og_url":"https:\/\/www.florianschwinn.de\/wordpress\/krieg-gegen-klima-und-oekologie\/","og_site_name":"F\u00fchrerschein f\u00fcr Einkaufswagen","article_published_time":"2022-03-31T06:00:00+00:00","article_modified_time":"2022-05-20T09:55:14+00:00","og_image":[{"url":"https:\/\/www.florianschwinn.de\/wordpress\/wp-content\/uploads\/2022\/03\/BracheMarschland.jpg","type":"","width":"","height":""}],"author":"Florian Schwinn","twitter_card":"summary_large_image","twitter_creator":"@Journaille","twitter_site":"@Journaille","twitter_misc":{"Verfasst von":"Florian Schwinn","Gesch\u00e4tzte Lesezeit":"9\u00a0Minuten"},"schema":{"@context":"https:\/\/schema.org","@graph":[{"@type":"Article","@id":"https:\/\/www.florianschwinn.de\/wordpress\/krieg-gegen-klima-und-oekologie\/#article","isPartOf":{"@id":"https:\/\/www.florianschwinn.de\/wordpress\/krieg-gegen-klima-und-oekologie\/"},"author":{"name":"Florian Schwinn","@id":"https:\/\/www.florianschwinn.de\/wordpress\/#\/schema\/person\/79b5d182d53386a59defbc7c19766aae"},"headline":"Krieg gegen Klima und \u00d6kologie","datePublished":"2022-03-31T06:00:00+00:00","dateModified":"2022-05-20T09:55:14+00:00","mainEntityOfPage":{"@id":"https:\/\/www.florianschwinn.de\/wordpress\/krieg-gegen-klima-und-oekologie\/"},"wordCount":1591,"publisher":{"@id":"https:\/\/www.florianschwinn.de\/wordpress\/#organization"},"image":{"@id":"https:\/\/www.florianschwinn.de\/wordpress\/krieg-gegen-klima-und-oekologie\/#primaryimage"},"thumbnailUrl":"https:\/\/www.florianschwinn.de\/wordpress\/wp-content\/uploads\/2022\/03\/BracheMarschland.jpg","keywords":["Agrarwende","Gemeinsame Agrarpolitik GAP","Ukraine"],"articleSection":["Agrarpolitik","Biodiversit\u00e4t","Klima","Landwirtschaft","Lebensmittelpreise"],"inLanguage":"de"},{"@type":"WebPage","@id":"https:\/\/www.florianschwinn.de\/wordpress\/krieg-gegen-klima-und-oekologie\/","url":"https:\/\/www.florianschwinn.de\/wordpress\/krieg-gegen-klima-und-oekologie\/","name":"Krieg gegen Klima und \u00d6kologie","isPartOf":{"@id":"https:\/\/www.florianschwinn.de\/wordpress\/#website"},"primaryImageOfPage":{"@id":"https:\/\/www.florianschwinn.de\/wordpress\/krieg-gegen-klima-und-oekologie\/#primaryimage"},"image":{"@id":"https:\/\/www.florianschwinn.de\/wordpress\/krieg-gegen-klima-und-oekologie\/#primaryimage"},"thumbnailUrl":"https:\/\/www.florianschwinn.de\/wordpress\/wp-content\/uploads\/2022\/03\/BracheMarschland.jpg","datePublished":"2022-03-31T06:00:00+00:00","dateModified":"2022-05-20T09:55:14+00:00","description":"Wegen des Kriegs in der Ukraine setzt die EU einen Teil ihrer eigenen \u00d6ko-Regelungen a\u00dfer Kraft. Ob das die richtige Reaktion ist?","breadcrumb":{"@id":"https:\/\/www.florianschwinn.de\/wordpress\/krieg-gegen-klima-und-oekologie\/#breadcrumb"},"inLanguage":"de","potentialAction":[{"@type":"ReadAction","target":["https:\/\/www.florianschwinn.de\/wordpress\/krieg-gegen-klima-und-oekologie\/"]}]},{"@type":"ImageObject","inLanguage":"de","@id":"https:\/\/www.florianschwinn.de\/wordpress\/krieg-gegen-klima-und-oekologie\/#primaryimage","url":"https:\/\/www.florianschwinn.de\/wordpress\/wp-content\/uploads\/2022\/03\/BracheMarschland.jpg","contentUrl":"https:\/\/www.florianschwinn.de\/wordpress\/wp-content\/uploads\/2022\/03\/BracheMarschland.jpg","width":1000,"height":562},{"@type":"BreadcrumbList","@id":"https:\/\/www.florianschwinn.de\/wordpress\/krieg-gegen-klima-und-oekologie\/#breadcrumb","itemListElement":[{"@type":"ListItem","position":1,"name":"Startseite","item":"https:\/\/www.florianschwinn.de\/wordpress\/"},{"@type":"ListItem","position":2,"name":"Krieg gegen Klima und \u00d6kologie"}]},{"@type":"WebSite","@id":"https:\/\/www.florianschwinn.de\/wordpress\/#website","url":"https:\/\/www.florianschwinn.de\/wordpress\/","name":"F\u00fchrerschein f\u00fcr Einkaufswagen","description":"Hintergrundwissen f\u00fcr bewussten Konsum","publisher":{"@id":"https:\/\/www.florianschwinn.de\/wordpress\/#organization"},"potentialAction":[{"@type":"SearchAction","target":{"@type":"EntryPoint","urlTemplate":"https:\/\/www.florianschwinn.de\/wordpress\/?s={search_term_string}"},"query-input":{"@type":"PropertyValueSpecification","valueRequired":true,"valueName":"search_term_string"}}],"inLanguage":"de"},{"@type":"Organization","@id":"https:\/\/www.florianschwinn.de\/wordpress\/#organization","name":"F\u00fchrerschein f\u00fcr Einkaufswagen","url":"https:\/\/www.florianschwinn.de\/wordpress\/","logo":{"@type":"ImageObject","inLanguage":"de","@id":"https:\/\/www.florianschwinn.de\/wordpress\/#\/schema\/logo\/image\/","url":"https:\/\/www.florianschwinn.de\/wordpress\/wp-content\/uploads\/2021\/08\/PodcastCover-scaled.jpg","contentUrl":"https:\/\/www.florianschwinn.de\/wordpress\/wp-content\/uploads\/2021\/08\/PodcastCover-scaled.jpg","width":2560,"height":2560,"caption":"F\u00fchrerschein f\u00fcr Einkaufswagen"},"image":{"@id":"https:\/\/www.florianschwinn.de\/wordpress\/#\/schema\/logo\/image\/"},"sameAs":["https:\/\/x.com\/Journaille"]},{"@type":"Person","@id":"https:\/\/www.florianschwinn.de\/wordpress\/#\/schema\/person\/79b5d182d53386a59defbc7c19766aae","name":"Florian Schwinn","image":{"@type":"ImageObject","inLanguage":"de","@id":"https:\/\/secure.gravatar.com\/avatar\/015c7bb04f4a6b87161c1c34a5fa9dee51f9903ee033683f3fce49e1db8df547?s=96&d=mm&r=g","url":"https:\/\/secure.gravatar.com\/avatar\/015c7bb04f4a6b87161c1c34a5fa9dee51f9903ee033683f3fce49e1db8df547?s=96&d=mm&r=g","contentUrl":"https:\/\/secure.gravatar.com\/avatar\/015c7bb04f4a6b87161c1c34a5fa9dee51f9903ee033683f3fce49e1db8df547?s=96&d=mm&r=g","caption":"Florian Schwinn"},"sameAs":["https:\/\/www.florianschwinn.de\/wordpress"],"url":"https:\/\/www.florianschwinn.de\/wordpress\/author\/florianschwinn_wpkolum\/"}]}},"_links":{"self":[{"href":"https:\/\/www.florianschwinn.de\/wordpress\/wp-json\/wp\/v2\/posts\/1515","targetHints":{"allow":["GET"]}}],"collection":[{"href":"https:\/\/www.florianschwinn.de\/wordpress\/wp-json\/wp\/v2\/posts"}],"about":[{"href":"https:\/\/www.florianschwinn.de\/wordpress\/wp-json\/wp\/v2\/types\/post"}],"author":[{"embeddable":true,"href":"https:\/\/www.florianschwinn.de\/wordpress\/wp-json\/wp\/v2\/users\/1"}],"replies":[{"embeddable":true,"href":"https:\/\/www.florianschwinn.de\/wordpress\/wp-json\/wp\/v2\/comments?post=1515"}],"version-history":[{"count":7,"href":"https:\/\/www.florianschwinn.de\/wordpress\/wp-json\/wp\/v2\/posts\/1515\/revisions"}],"predecessor-version":[{"id":1555,"href":"https:\/\/www.florianschwinn.de\/wordpress\/wp-json\/wp\/v2\/posts\/1515\/revisions\/1555"}],"wp:attachment":[{"href":"https:\/\/www.florianschwinn.de\/wordpress\/wp-json\/wp\/v2\/media?parent=1515"}],"wp:term":[{"taxonomy":"category","embeddable":true,"href":"https:\/\/www.florianschwinn.de\/wordpress\/wp-json\/wp\/v2\/categories?post=1515"},{"taxonomy":"post_tag","embeddable":true,"href":"https:\/\/www.florianschwinn.de\/wordpress\/wp-json\/wp\/v2\/tags?post=1515"}],"curies":[{"name":"wp","href":"https:\/\/api.w.org\/{rel}","templated":true}]}}