{"id":1760,"date":"2022-05-26T09:34:45","date_gmt":"2022-05-26T07:34:45","guid":{"rendered":"https:\/\/www.florianschwinn.de\/wordpress\/?p=1760"},"modified":"2022-05-26T16:37:24","modified_gmt":"2022-05-26T14:37:24","slug":"das-schweinesystem-hat-angst","status":"publish","type":"post","link":"https:\/\/www.florianschwinn.de\/wordpress\/das-schweinesystem-hat-angst\/","title":{"rendered":"Das Schweinesystem hat Angst"},"content":{"rendered":"\n<figure class=\"wp-block-image size-large\"><img loading=\"lazy\" decoding=\"async\" width=\"1024\" height=\"616\" src=\"https:\/\/www.florianschwinn.de\/wordpress\/wp-content\/uploads\/2022\/05\/Schwein-Masezdromaderi-Dreamstime-1-1024x616.jpg\" alt=\"\" class=\"wp-image-1764\" srcset=\"https:\/\/www.florianschwinn.de\/wordpress\/wp-content\/uploads\/2022\/05\/Schwein-Masezdromaderi-Dreamstime-1-1024x616.jpg 1024w, https:\/\/www.florianschwinn.de\/wordpress\/wp-content\/uploads\/2022\/05\/Schwein-Masezdromaderi-Dreamstime-1-300x180.jpg 300w, https:\/\/www.florianschwinn.de\/wordpress\/wp-content\/uploads\/2022\/05\/Schwein-Masezdromaderi-Dreamstime-1-768x462.jpg 768w, https:\/\/www.florianschwinn.de\/wordpress\/wp-content\/uploads\/2022\/05\/Schwein-Masezdromaderi-Dreamstime-1-1536x924.jpg 1536w, https:\/\/www.florianschwinn.de\/wordpress\/wp-content\/uploads\/2022\/05\/Schwein-Masezdromaderi-Dreamstime-1-2048x1232.jpg 2048w\" sizes=\"auto, (max-width: 1024px) 100vw, 1024px\" \/><figcaption>Massenprodukt im Portr\u00e4t: So sehen Fleischesser das Schwein eher nie. | Foto: Masezdromaderi \/ Dreamstime<\/figcaption><\/figure>\n\n\n\n<p><em>Der Deutschen und der Europ\u00e4er meistes Nutztier ist bedroht von einer Seuche \u2013 von der Afrikanischen Schweinepest, kurz ASP. Eine ganze Industrie hat Angst vor diesem Virus: die globale Fleischindustrie. Wenn wir uns anschauen, wie wir mit dieser Bedrohung umgehen, dann erfahren wir sehr viel auch \u00fcber unser Verh\u00e4ltnis zu dem empfindsamen und intelligenten Tier, das unser liebster Fleischlieferant ist und eines unserer gewichtigen Exportg\u00fcter im Weltmarkt der Lebensmittel.<\/em><\/p>\n\n\n\n<p>Nach der Vorstellung der beiden aktuellen \u201eSchweineb\u00fccher\u201c von <a href=\"https:\/\/www.florianschwinn.de\/wordpress\/das-unsichtbare-schwein\/\" target=\"_blank\" rel=\"noreferrer noopener\">Kristoffer Hatteland Endresen<\/a> und <a href=\"https:\/\/www.florianschwinn.de\/wordpress\/das-weltweite-schweinesystem\/\" target=\"_blank\" rel=\"noreferrer noopener\">Rudolf Buntzel<\/a> habe ich f\u00fcr diesen Beitrag \u00a0mit der Tier\u00e4rztin Anita Idel gesprochen, die sich in<a href=\"https:\/\/schweisfurth-stiftung.de\/wp-content\/uploads\/2021\/11\/Studie-ASP-Dr.-Anita-Idel-fin-17.05.2021.pdf\"> Gutachten<\/a> mit dem Umgang mit der Afrikanischen Schweinepest auseinandergesetzt hat und in einem Kommentar f\u00fcr den Kritischen Agrarbericht fordert: \u201e<a href=\"https:\/\/www.kritischer-agrarbericht.de\/fileadmin\/Daten-KAB\/KAB-2022\/KAB_2022_255_270_Betz.pdf\" target=\"_blank\" rel=\"noreferrer noopener\">Impfen statt Keulen<\/a>\u201c. Ob Europa, USA oder China, tats\u00e4chlich dreht die weltweite Impfstoffentwicklung auf Hochtouren. Und ein US-amerikanischer Impfstoff ist bereits auf dem Weg zur Marktreife.<\/p>\n\n\n\n<h2 class=\"has-medium-font-size wp-block-heading\">Tod am Zaun<\/h2>\n\n\n\n<p>In Deutschland haben wir bisher versucht, die Afrikanische Schweinepest mit Grenzz\u00e4unen in Brandenburg und Mecklenburg-Vorpommern, in Sachsen und Bayern einzud\u00e4mmen. Auch <a href=\"https:\/\/www.florianschwinn.de\/wordpress\/grenzzaun-ost\/\" target=\"_blank\" rel=\"noreferrer noopener\">hier im Blog<\/a> mehrfach berichtet. Z\u00e4une, die Naturr\u00e4ume durchschneiden, Wildwechsel unterbinden und tierische Wanderwege durchtrennen. Und die im Oderbruch dazu f\u00fchrten, dass viele Wildtiere im Hochwasser ertranken. Die Afrikanische Schweinepest aufgehalten haben die Z\u00e4une nicht. Im Gegenteil, zuletzt sprang sie von der polnischen Grenze \u00fcber zweihundert Kilometer weit direkt in den Landkreis Ludwigslust-Parchim im Westen Mecklenburg-Vorpommerns, also von der Oder bis zur Elbe.<\/p>\n\n\n\n<p>Eine Evaluierung der ASP-Grenzz\u00e4une hat Anita Idel schon vor einem Jahr gefordert. Sie steht nach wie vor aus. Und der letzte Ausbruch im Westen Mecklenburg-Vorpommerns spricht nicht daf\u00fcr, dass die Seuche von Wildschweinen oder aasfressenden V\u00f6geln \u00fcbertragen wird. Das spricht eher f\u00fcr autofahrende Menschen als Virustransporter. Zumal die Afrikanische Schweinepest am Nordufer der Elbe nicht etwa zuerst bei Wildschweinen nachgewiesen wurde, sondern gleich in einer Schweinemastanlage, in der dann viertausend Tiere gekeult wurden.<\/p>\n\n\n\n<p>Das ist unser Umgang mit Tierseuchen: Wir t\u00f6ten dort, wo sie ausbrechen, auch die gesunden Tiere. \u00dcbrigens auch dann, wenn es einen Impfstoff gibt, wie bei der Europ\u00e4ischen oder Klassischen Schweinepest. Offizielle Begr\u00fcndung: Um die weitere Ausbreitung der Seuche zu verhindern. Weniger offiziell, aber immer mal wieder am Rande auch genannt: die sogenannte Marktbereinigung, die eigentlich Keulung zur Preisst\u00fctzung bedeutet.<\/p>\n\n\n\n<p>Wenn wir uns mit unserem Umgang mit den Tieren besch\u00e4ftigen, dann lernen wir auch immer viel \u00fcber uns selbst \u2013 so wie im Gespr\u00e4ch mit Anita Idel \u2026<\/p>\n\n\n\n<figure class=\"wp-block-image size-large\"><img loading=\"lazy\" decoding=\"async\" width=\"1024\" height=\"632\" src=\"https:\/\/www.florianschwinn.de\/wordpress\/wp-content\/uploads\/2022\/05\/AnitaIdel-AndreasSchoelzel-1024x632.jpg\" alt=\"\" class=\"wp-image-1765\" srcset=\"https:\/\/www.florianschwinn.de\/wordpress\/wp-content\/uploads\/2022\/05\/AnitaIdel-AndreasSchoelzel-1024x632.jpg 1024w, https:\/\/www.florianschwinn.de\/wordpress\/wp-content\/uploads\/2022\/05\/AnitaIdel-AndreasSchoelzel-300x185.jpg 300w, https:\/\/www.florianschwinn.de\/wordpress\/wp-content\/uploads\/2022\/05\/AnitaIdel-AndreasSchoelzel-768x474.jpg 768w, https:\/\/www.florianschwinn.de\/wordpress\/wp-content\/uploads\/2022\/05\/AnitaIdel-AndreasSchoelzel-1536x949.jpg 1536w, https:\/\/www.florianschwinn.de\/wordpress\/wp-content\/uploads\/2022\/05\/AnitaIdel-AndreasSchoelzel-2048x1265.jpg 2048w\" sizes=\"auto, (max-width: 1024px) 100vw, 1024px\" \/><figcaption>Fordert die Vorbereitung einer Impfkampagne bei Wildschweinen, auch um diese hier zu sch\u00fctzen. Anita Idel bei den Angler-Sattelschweinen der Dom\u00e4ne Dahlem im S\u00fcdwesten Berlins. | Foto: Andreas Schoelzel<\/figcaption><\/figure>\n\n\n\n<h2 class=\"has-medium-font-size wp-block-heading\">Ablenken vom Faktor Mensch<\/h2>\n\n\n\n<p>?&nbsp;&nbsp;&nbsp;&nbsp;&nbsp;&nbsp;&nbsp; Bisher haben wir hunderte von Kilometern Z\u00e4une durch die Landschaft gezogen, um die Afrikanische Schweinepest aufzuhalten. Und die Veterin\u00e4r\u00e4mter in den betroffenen Gebieten weisen die Schweinehalter an, ihre Tiere aufzustallen. Biobetriebe und Freilandhaltungen sollten ihre Tiere nicht mehr rauslassen d\u00fcrfen. Ausgebrochen ist die Seuche aber in Deutschland bisher nur in Best\u00e4nden mit Hausschweinen, die im Stall gehalten wurden. Was soll also die Aufstallpflicht?<\/p>\n\n\n\n<p>!&nbsp;&nbsp;&nbsp;&nbsp;&nbsp;&nbsp;&nbsp;&nbsp; Das ist der Versuch, vom Faktor Mensch abzulenken! So soll der Eindruck erweckt werden, f\u00fcr Biobetriebe und Freilandhaltungen best\u00fcnde ein h\u00f6heres Risiko des Eintrags der Afrikanischen Schweinepest. Das wurde auch immer wieder vom Bauernverband und der Interessengemeinschaft der Schweinehalter Deutschlands ISN so kolportiert. Unterst\u00fctzung kommt vom Friedrich-Loeffler-Institut, das in seinen Risikobewertungen unterstellt, dass bei Auslauf- und Freilandhaltung von Hausschweinen ein erh\u00f6htes ASP-Risiko besteht.<\/p>\n\n\n\n<p>?\u00a0\u00a0\u00a0\u00a0\u00a0\u00a0\u00a0 Das Friedrich-Loeffler-Institut ist unser staatliches Referenzlabor f\u00fcr die ASP. Auch ich habe die <a href=\"https:\/\/www.openagrar.de\/servlets\/MCRFileNodeServlet\/openagrar_derivate_00045623\/ASP_Risikobewertung_Freiland_2022-04-13_bf_K.pdf\" target=\"_blank\" rel=\"noreferrer noopener\">j\u00fcngste Risikobewertung<\/a> des FLI gelesen. Die suggeriert erneut, Auslauf- und Freilandhaltung seien problematisch. Und am Schluss steht wieder nur die Aufstallpflicht als L\u00f6sung.<\/p>\n\n\n\n<p>!&nbsp;&nbsp;&nbsp;&nbsp;&nbsp;&nbsp;&nbsp;&nbsp; Vor allem wird auch immer wieder beschrieben, dass die meisten ASP-Ausbr\u00fcche in Freilandhaltungen aufgetreten sind. Aber, seit die Afrikanische Schweinepest 2007 erstmals in Eurasien aufgetreten ist, gab es \u00fcberhaupt keinen Fall in einem Betrieb, der mit unseren Freilandhaltungen vergleichbar w\u00e4re. Die m\u00fcssen n\u00e4mlich nach der Schweinehaltungs-Hygieneverordnung hohe Standards erf\u00fcllen \u2013 zum Beispiel mit Doppelz\u00e4unen. In einem solchen Betrieb hat es in ganz Eurasien noch nie einen ASP-Fall gegeben. Und auch f\u00fcr ein relevantes Risiko der \u00dcbertragung der Seuche durch V\u00f6gel oder Insekten, die Z\u00e4une \u00fcberwinden k\u00f6nnen, besteht keine wissenschaftliche Evidenz. Das st\u00e4ndige kampagnenartige Wiederholen dieses Narratives lenkt aber erfolgreich vom eigentlichen Problem ab \u2013 dem Faktor Mensch.<\/p>\n\n\n\n<ul class=\"wp-block-list\"><li><strong>Seit dem 25. Mai 2022 gibt es nun doch einen Ausbruch in einer Freilandhaltung in Deutschland. Aber es sieht so aus, dass wieder keine Wildtiere am Eintrag des Virus&#8216; beteiligt waren. Siehe hierzu das Update am Ende des Beitrags.<\/strong><\/li><\/ul>\n\n\n\n<h2 class=\"has-medium-font-size wp-block-heading\">Impfen statt Keulen<\/h2>\n\n\n\n<p>?&nbsp;&nbsp;&nbsp;&nbsp;&nbsp;&nbsp;&nbsp; Ich zitiere mal das FLI: \u201eBei der Bewertung des Risikos eines ASP-Eintrags in einen Schweinebetrieb mit Frei- bzw. Au\u00dfenfl\u00e4chen sind die Folgen, die ein Aufstallungsgebot f\u00fcr die betroffenen Schweinehaltungen h\u00e4tte, gegen die Konsequenzen abzuw\u00e4gen, die ein Eintrag in einen Hausschweinebestand f\u00fcr die gesamte Schweineproduktion in Deutschland hat.\u201c Zu Deutsch: Wenn die Schweine, die ihr Leben lang drau\u00dfen waren und jetzt in den Stall m\u00fcssen, dabei durchdrehen, dann ist das nicht so wichtig. Kann es sein, dass es weniger um Tierwohl und Seuchenschutz, als vielmehr um den weltweiten Schweinemarkt geht?<\/p>\n\n\n\n<p>!&nbsp;&nbsp;&nbsp;&nbsp;&nbsp;&nbsp;&nbsp;&nbsp; Ich f\u00fcrchte ja! Und das trifft ausgerechnet die Haltungsformen, die gesellschaftlich gewollt sind und von der Borchert-Kommission, die sich um die Tierhaltung der Zukunft gek\u00fcmmert hat, und von der Zukunftskommission Landwirtschaft vorgeschlagen werden \u2013 also die verantwortbare Haltung von morgen, n\u00e4mlich mit Auslauf oder in Freilandhaltung. Aber die Schweine, die so gehalten werden, haben schon heute gar nichts mit dem Weltmarkt zu tun. Sie werden nur f\u00fcr den regionalen oder nationalen Konsum erzeugt. Das Problem ist aber die massenhafte \u00dcberschussproduktion in den gro\u00dfen St\u00e4llen f\u00fcr den Export, weit \u00fcber den nationalen Bedarf hinaus.<\/p>\n\n\n\n<p>?&nbsp;&nbsp;&nbsp;&nbsp;&nbsp;&nbsp;&nbsp; Wie sollten wir also mit der Situation umgehen?<\/p>\n\n\n\n<p>!&nbsp;&nbsp;&nbsp;&nbsp;&nbsp;&nbsp;&nbsp;&nbsp; Wir sollten die Freilandhaltung auf keinen Fall dieser desastr\u00f6sen und ohnehin gescheiterten Weltmarktstrategie opfern. Die Afrikanische Schweinepest ist inzwischen endemisch in Deutschland und wird uns \u00fcber Jahre erhalten bleiben. Ich halte deshalb eine K\u00f6derimpfung von Wildschweinen f\u00fcr sinnvoll, sobald der Impfstoff verf\u00fcgbar ist. Ganz abgesehen davon m\u00fcssen wir Auslauf- und Freilandhaltungen von Schweinen ausbauen, und uns nicht st\u00e4ndig von abwegigen Argumenten gegen artgerechte Schweinehaltung verunsichern lassen.<\/p>\n\n\n\n<p>?&nbsp;&nbsp;&nbsp;&nbsp;&nbsp;&nbsp;&nbsp; Was nicht hei\u00dft, dass es keine Ausbr\u00fcche von Schweinepest mehr geben wird.<\/p>\n\n\n\n<p>!&nbsp;&nbsp;&nbsp;&nbsp;&nbsp;&nbsp;&nbsp;&nbsp; Genau. Was aber hei\u00dft, dass wir uns endlich um denjenigen k\u00fcmmern m\u00fcssen, der das ASP-Virus weltweit verbreitet, um den Menschen, um uns selbst.<\/p>\n\n\n\n<p>?&nbsp;&nbsp;&nbsp;&nbsp;&nbsp;&nbsp;&nbsp; K\u00f6nnte es auch hei\u00dfen, dass wir am Ende gar kein Schweinefleisch mehr f\u00fcr den Weltmarkt produzieren?<\/p>\n\n\n\n<p>!&nbsp;&nbsp;&nbsp;&nbsp;&nbsp;&nbsp;&nbsp;&nbsp; Wir m\u00fcssen weg von der \u00dcberschuss- und Exportstrategie. Das muss das Ziel sein. Und wir m\u00fcssen jetzt die rechtlichen und technischen Voraussetzungen f\u00fcr den Einsatz von K\u00f6derimpfstoffen bei Wildschweinen schaffen.<\/p>\n\n\n<div class=\"wp-block-image\">\n<figure class=\"alignright size-full is-resized\"><img loading=\"lazy\" decoding=\"async\" src=\"https:\/\/www.florianschwinn.de\/wordpress\/wp-content\/uploads\/2022\/05\/ASP-Karte-052022-FLI.jpg\" alt=\"\" class=\"wp-image-1766\" width=\"328\" height=\"464\" srcset=\"https:\/\/www.florianschwinn.de\/wordpress\/wp-content\/uploads\/2022\/05\/ASP-Karte-052022-FLI.jpg 637w, https:\/\/www.florianschwinn.de\/wordpress\/wp-content\/uploads\/2022\/05\/ASP-Karte-052022-FLI-212x300.jpg 212w\" sizes=\"auto, (max-width: 328px) 100vw, 328px\" \/><figcaption>FLI-Karte zur ASP in Deutschland. Blau die Wildschweine, rot die bis dahin vier Ausbr\u00fcche bei Hausschweinen. Man beachte den einsamen roten Punkt im Nordwesten. Keine ASP bei Wildschweinen dort. Wer hat die Seuche also wohl dorthin gebracht? Stand 20.05.2022<\/figcaption><\/figure>\n<\/div>\n\n\n<h2 class=\"has-medium-font-size wp-block-heading\">Impfstoff auf dem Weg<\/h2>\n\n\n\n<p>Wir sind gespannt, was geschieht, wenn es demn\u00e4chst dann tats\u00e4chlich den Impfstoff gegen die Afrikanische Schweinepest gibt. Und das k\u00f6nnte in absehbarer Zeit sein, denn Wissenschaftler des Agricultural Research Service des US-Landwirtschaftsministerium meldeten Ende April, der Impfstoff ASFV-G-DI177L habe die letzten Sicherheitstests bestanden und werde jetzt von dem Partner National Veterinary Joint Stock Company in Vietnam f\u00fcr die kommerzielle Nutzung weiterentwickelt.<\/p>\n\n\n\n<p>Was bedeutet das f\u00fcr unsere Schweine, wenn die Europ\u00e4ische Arzneimittel-Agentur EMA dann irgendwann den Impfstoff auch f\u00fcr Europa freigeben sollte? Ich zitiere abschlie\u00dfend noch einmal das Friedrich-Loeffler-Institut. Das schreibt in einer Bewertung <a href=\"https:\/\/www.openagrar.de\/servlets\/MCRFileNodeServlet\/openagrar_derivate_00042979\/FLI-Empfehlungen_ASP-Impfstoffe_bf.pdf\" target=\"_blank\" rel=\"noreferrer noopener\">zum Stand der Forschung beim ASP-Impfstoff<\/a>: \u201eAusbr\u00fcche der ASP beim Hausschwein konnten in den meisten L\u00e4ndern mit den etablierten Verfahren der Tierseuchenbek\u00e4mpfung erfolgreich unter Kontrolle gebracht werden. Die Akzeptanz eines Impfstoffeinsatzes in der Schweineproduktion, der mit Handelseinschr\u00e4nkungen verbunden w\u00e4re, ist daher fraglich.\u201c<\/p>\n\n\n\n<p>Was hei\u00dft: Wir impfen eher nicht und keulen weiter ganze Best\u00e4nde, also notfalls tausende von Schweinen. Aber wir impfen vielleicht die Wildschweine, wie Anita Idel das vorschl\u00e4gt. Und wir k\u00fcmmern uns endlich um das Tier, das die Afrikanische Schweinepest um die Welt tr\u00e4gt: um den Menschen.<\/p>\n\n\n\n<h2 class=\"wp-block-heading\">Update<\/h2>\n\n\n<div class=\"wp-block-image\">\n<figure class=\"alignleft size-full is-resized\"><img loading=\"lazy\" decoding=\"async\" src=\"https:\/\/www.florianschwinn.de\/wordpress\/wp-content\/uploads\/2022\/05\/ASP-Restriktionszonen-BW-20220526.png\" alt=\"\" class=\"wp-image-1775\" width=\"327\" height=\"327\" srcset=\"https:\/\/www.florianschwinn.de\/wordpress\/wp-content\/uploads\/2022\/05\/ASP-Restriktionszonen-BW-20220526.png 550w, https:\/\/www.florianschwinn.de\/wordpress\/wp-content\/uploads\/2022\/05\/ASP-Restriktionszonen-BW-20220526-300x300.png 300w, https:\/\/www.florianschwinn.de\/wordpress\/wp-content\/uploads\/2022\/05\/ASP-Restriktionszonen-BW-20220526-150x150.png 150w\" sizes=\"auto, (max-width: 327px) 100vw, 327px\" \/><figcaption>Der f\u00fcnfte Ausbruch der Afrikanischen Schweinepest in einer Schweinehaltung hunderte Kilometer vom bisherigen Seuchengeschehen entfernt. Restriktionszonen um Forchheim in Baden-W\u00fcrttemberg.<\/figcaption><\/figure>\n<\/div>\n\n\n<p>Der f\u00fcnfte Ausbruch der Afrikanischen Schweinepest in Deutschland wird am 26. Mai 2022 aus dem Landkreis Emmendingen in Baden-W\u00fcrttemberg berichtet. Am Tag zuvor hat das Friedrich-Loeffler-Institut bei einem verendeten Mastschwein aus einem Betrieb in Forchheim die Seuche diagnostiziert und neue Restriktionszonen um den Betrieb ausgewiesen. Landwirtschaftsminister Peter Hauk (CDU) sprach von einem &#8222;vorbildlichen Betrieb&#8220; mit strikter Einhaltung der Biosicherheitsma\u00dfnahmen, doppeltem, eingegrabenen Zaun und Hygieneschleuse. Schon am Morgen hie\u00df es aus dem Landwirtschaftsministerium in Stuttgart au\u00dferdem: \u201eBisher liegen keine Erkenntnisse vor, dass das Ausbruchsgeschehen auf Wildschweine \u00fcbergegangen ist.&#8220;<\/p>\n\n\n\n<p>Es wird deshalb im Betrieb selbst nach der Ursache gesucht. Der Minister erkl\u00e4rte, man m\u00fcsse vom Menschen als Eintr\u00e4ger des Virus ausgehen. Eine Gensequenzierung soll kl\u00e4ren, woher der Erreger kommt. Das neue ASP-Gebiet liegt ganz im S\u00fcdwesten Deutschlands, weitab von jeglichem bisherigen Seuchengeschehen bei Wildschweinen, aber in einer Spargelregion, in der zurzeit viele Saisonarbeiter aus Osteuropa besch\u00e4ftigt werden. Sie kommen aus Regionen, in denen die ASP weit verbreitet und teilweise au\u00dfer Kontrolle ist. Das kann, muss aber auch nicht der Weg des Virus&#8216; sein.<\/p>\n\n\n\n<figure class=\"wp-block-image size-full\"><img loading=\"lazy\" decoding=\"async\" width=\"400\" height=\"600\" src=\"https:\/\/www.florianschwinn.de\/wordpress\/wp-content\/uploads\/2022\/05\/AnitaIdel-Kuhbuch.jpg\" alt=\"\" class=\"wp-image-1790\" srcset=\"https:\/\/www.florianschwinn.de\/wordpress\/wp-content\/uploads\/2022\/05\/AnitaIdel-Kuhbuch.jpg 400w, https:\/\/www.florianschwinn.de\/wordpress\/wp-content\/uploads\/2022\/05\/AnitaIdel-Kuhbuch-200x300.jpg 200w\" sizes=\"auto, (max-width: 400px) 100vw, 400px\" \/><figcaption>Apropos: Anderes Thema, aber auch von Anita Idel &#8230;<\/figcaption><\/figure>\n","protected":false},"excerpt":{"rendered":"<p>Der Deutschen und der Europ\u00e4er meistes Nutztier ist bedroht von einer Seuche \u2013 von der Afrikanischen Schweinepest, kurz ASP. Eine ganze Industrie hat Angst vor diesem Virus: die globale Fleischindustrie. Wenn wir uns anschauen, wie wir mit dieser Bedrohung umgehen, dann erfahren wir sehr viel auch \u00fcber unser Verh\u00e4ltnis zu dem empfindsamen und intelligenten Tier, &#8230; <a title=\"Das Schweinesystem hat Angst\" class=\"read-more\" href=\"https:\/\/www.florianschwinn.de\/wordpress\/das-schweinesystem-hat-angst\/\" aria-label=\"Mehr zu Das Schweinesystem hat Angst\">Weiterlesen &#8230;<\/a><\/p>\n","protected":false},"author":1,"featured_media":0,"comment_status":"closed","ping_status":"closed","sticky":false,"template":"","format":"standard","meta":{"footnotes":""},"categories":[49,3,24,2,18],"tags":[25,54,79,71],"class_list":["post-1760","post","type-post","status-publish","format-standard","hentry","category-ernaehrung","category-landwirtschaft","category-tierethik","category-tierhaltung","category-tierseuche","tag-billigfleisch","tag-fleisch","tag-schweine","tag-tierwohl","infinite-scroll-item"],"yoast_head":"<!-- This site is optimized with the Yoast SEO plugin v27.5 - https:\/\/yoast.com\/product\/yoast-seo-wordpress\/ -->\n<title>Das Schweinesystem hat Angst<\/title>\n<meta name=\"description\" content=\"Der Europ\u00e4er meistes Nutztier ist bedroht von einer Seuche \u2013 von der Afrikanischen Schweinepest, kurz ASP. Eine ganze Industrie hat Angst vor diesem Virus: die globale Fleischindustrie.\" \/>\n<meta name=\"robots\" content=\"index, follow, max-snippet:-1, max-image-preview:large, max-video-preview:-1\" \/>\n<link rel=\"canonical\" href=\"https:\/\/www.florianschwinn.de\/wordpress\/das-schweinesystem-hat-angst\/\" \/>\n<meta property=\"og:locale\" content=\"de_DE\" \/>\n<meta property=\"og:type\" content=\"article\" \/>\n<meta property=\"og:title\" content=\"Das Schweinesystem hat Angst\" \/>\n<meta property=\"og:description\" content=\"Der Europ\u00e4er meistes Nutztier ist bedroht von einer Seuche \u2013 von der Afrikanischen Schweinepest, kurz ASP. Eine ganze Industrie hat Angst vor diesem Virus: die globale Fleischindustrie.\" \/>\n<meta property=\"og:url\" content=\"https:\/\/www.florianschwinn.de\/wordpress\/das-schweinesystem-hat-angst\/\" \/>\n<meta property=\"og:site_name\" content=\"F\u00fchrerschein f\u00fcr Einkaufswagen\" \/>\n<meta property=\"article:published_time\" content=\"2022-05-26T07:34:45+00:00\" \/>\n<meta property=\"article:modified_time\" content=\"2022-05-26T14:37:24+00:00\" \/>\n<meta property=\"og:image\" content=\"https:\/\/www.florianschwinn.de\/wordpress\/wp-content\/uploads\/2022\/05\/Schwein-Masezdromaderi-Dreamstime-1-1024x616.jpg\" \/>\n<meta name=\"author\" content=\"Florian Schwinn\" \/>\n<meta name=\"twitter:card\" content=\"summary_large_image\" \/>\n<meta name=\"twitter:creator\" content=\"@Journaille\" \/>\n<meta name=\"twitter:site\" content=\"@Journaille\" \/>\n<meta name=\"twitter:label1\" content=\"Verfasst von\" \/>\n\t<meta name=\"twitter:data1\" content=\"Florian Schwinn\" \/>\n\t<meta name=\"twitter:label2\" content=\"Gesch\u00e4tzte Lesezeit\" \/>\n\t<meta name=\"twitter:data2\" content=\"10\u00a0Minuten\" \/>\n<script type=\"application\/ld+json\" class=\"yoast-schema-graph\">{\"@context\":\"https:\\\/\\\/schema.org\",\"@graph\":[{\"@type\":\"Article\",\"@id\":\"https:\\\/\\\/www.florianschwinn.de\\\/wordpress\\\/das-schweinesystem-hat-angst\\\/#article\",\"isPartOf\":{\"@id\":\"https:\\\/\\\/www.florianschwinn.de\\\/wordpress\\\/das-schweinesystem-hat-angst\\\/\"},\"author\":{\"name\":\"Florian Schwinn\",\"@id\":\"https:\\\/\\\/www.florianschwinn.de\\\/wordpress\\\/#\\\/schema\\\/person\\\/79b5d182d53386a59defbc7c19766aae\"},\"headline\":\"Das Schweinesystem hat Angst\",\"datePublished\":\"2022-05-26T07:34:45+00:00\",\"dateModified\":\"2022-05-26T14:37:24+00:00\",\"mainEntityOfPage\":{\"@id\":\"https:\\\/\\\/www.florianschwinn.de\\\/wordpress\\\/das-schweinesystem-hat-angst\\\/\"},\"wordCount\":1699,\"publisher\":{\"@id\":\"https:\\\/\\\/www.florianschwinn.de\\\/wordpress\\\/#organization\"},\"image\":{\"@id\":\"https:\\\/\\\/www.florianschwinn.de\\\/wordpress\\\/das-schweinesystem-hat-angst\\\/#primaryimage\"},\"thumbnailUrl\":\"https:\\\/\\\/www.florianschwinn.de\\\/wordpress\\\/wp-content\\\/uploads\\\/2022\\\/05\\\/Schwein-Masezdromaderi-Dreamstime-1-1024x616.jpg\",\"keywords\":[\"Billigfleisch\",\"Fleisch\",\"Schweine\",\"Tierwohl\"],\"articleSection\":[\"Ern\u00e4hrung\",\"Landwirtschaft\",\"Tierethik\",\"Tierhaltung\",\"Tierseuche\"],\"inLanguage\":\"de\"},{\"@type\":\"WebPage\",\"@id\":\"https:\\\/\\\/www.florianschwinn.de\\\/wordpress\\\/das-schweinesystem-hat-angst\\\/\",\"url\":\"https:\\\/\\\/www.florianschwinn.de\\\/wordpress\\\/das-schweinesystem-hat-angst\\\/\",\"name\":\"Das Schweinesystem hat Angst\",\"isPartOf\":{\"@id\":\"https:\\\/\\\/www.florianschwinn.de\\\/wordpress\\\/#website\"},\"primaryImageOfPage\":{\"@id\":\"https:\\\/\\\/www.florianschwinn.de\\\/wordpress\\\/das-schweinesystem-hat-angst\\\/#primaryimage\"},\"image\":{\"@id\":\"https:\\\/\\\/www.florianschwinn.de\\\/wordpress\\\/das-schweinesystem-hat-angst\\\/#primaryimage\"},\"thumbnailUrl\":\"https:\\\/\\\/www.florianschwinn.de\\\/wordpress\\\/wp-content\\\/uploads\\\/2022\\\/05\\\/Schwein-Masezdromaderi-Dreamstime-1-1024x616.jpg\",\"datePublished\":\"2022-05-26T07:34:45+00:00\",\"dateModified\":\"2022-05-26T14:37:24+00:00\",\"description\":\"Der Europ\u00e4er meistes Nutztier ist bedroht von einer Seuche \u2013 von der Afrikanischen Schweinepest, kurz ASP. Eine ganze Industrie hat Angst vor diesem Virus: die globale Fleischindustrie.\",\"breadcrumb\":{\"@id\":\"https:\\\/\\\/www.florianschwinn.de\\\/wordpress\\\/das-schweinesystem-hat-angst\\\/#breadcrumb\"},\"inLanguage\":\"de\",\"potentialAction\":[{\"@type\":\"ReadAction\",\"target\":[\"https:\\\/\\\/www.florianschwinn.de\\\/wordpress\\\/das-schweinesystem-hat-angst\\\/\"]}]},{\"@type\":\"ImageObject\",\"inLanguage\":\"de\",\"@id\":\"https:\\\/\\\/www.florianschwinn.de\\\/wordpress\\\/das-schweinesystem-hat-angst\\\/#primaryimage\",\"url\":\"https:\\\/\\\/www.florianschwinn.de\\\/wordpress\\\/wp-content\\\/uploads\\\/2022\\\/05\\\/Schwein-Masezdromaderi-Dreamstime-1-1024x616.jpg\",\"contentUrl\":\"https:\\\/\\\/www.florianschwinn.de\\\/wordpress\\\/wp-content\\\/uploads\\\/2022\\\/05\\\/Schwein-Masezdromaderi-Dreamstime-1-1024x616.jpg\"},{\"@type\":\"BreadcrumbList\",\"@id\":\"https:\\\/\\\/www.florianschwinn.de\\\/wordpress\\\/das-schweinesystem-hat-angst\\\/#breadcrumb\",\"itemListElement\":[{\"@type\":\"ListItem\",\"position\":1,\"name\":\"Startseite\",\"item\":\"https:\\\/\\\/www.florianschwinn.de\\\/wordpress\\\/\"},{\"@type\":\"ListItem\",\"position\":2,\"name\":\"Das Schweinesystem hat Angst\"}]},{\"@type\":\"WebSite\",\"@id\":\"https:\\\/\\\/www.florianschwinn.de\\\/wordpress\\\/#website\",\"url\":\"https:\\\/\\\/www.florianschwinn.de\\\/wordpress\\\/\",\"name\":\"F\u00fchrerschein f\u00fcr Einkaufswagen\",\"description\":\"Hintergrundwissen f\u00fcr bewussten Konsum\",\"publisher\":{\"@id\":\"https:\\\/\\\/www.florianschwinn.de\\\/wordpress\\\/#organization\"},\"potentialAction\":[{\"@type\":\"SearchAction\",\"target\":{\"@type\":\"EntryPoint\",\"urlTemplate\":\"https:\\\/\\\/www.florianschwinn.de\\\/wordpress\\\/?s={search_term_string}\"},\"query-input\":{\"@type\":\"PropertyValueSpecification\",\"valueRequired\":true,\"valueName\":\"search_term_string\"}}],\"inLanguage\":\"de\"},{\"@type\":\"Organization\",\"@id\":\"https:\\\/\\\/www.florianschwinn.de\\\/wordpress\\\/#organization\",\"name\":\"F\u00fchrerschein f\u00fcr Einkaufswagen\",\"url\":\"https:\\\/\\\/www.florianschwinn.de\\\/wordpress\\\/\",\"logo\":{\"@type\":\"ImageObject\",\"inLanguage\":\"de\",\"@id\":\"https:\\\/\\\/www.florianschwinn.de\\\/wordpress\\\/#\\\/schema\\\/logo\\\/image\\\/\",\"url\":\"https:\\\/\\\/www.florianschwinn.de\\\/wordpress\\\/wp-content\\\/uploads\\\/2021\\\/08\\\/PodcastCover-scaled.jpg\",\"contentUrl\":\"https:\\\/\\\/www.florianschwinn.de\\\/wordpress\\\/wp-content\\\/uploads\\\/2021\\\/08\\\/PodcastCover-scaled.jpg\",\"width\":2560,\"height\":2560,\"caption\":\"F\u00fchrerschein f\u00fcr Einkaufswagen\"},\"image\":{\"@id\":\"https:\\\/\\\/www.florianschwinn.de\\\/wordpress\\\/#\\\/schema\\\/logo\\\/image\\\/\"},\"sameAs\":[\"https:\\\/\\\/x.com\\\/Journaille\"]},{\"@type\":\"Person\",\"@id\":\"https:\\\/\\\/www.florianschwinn.de\\\/wordpress\\\/#\\\/schema\\\/person\\\/79b5d182d53386a59defbc7c19766aae\",\"name\":\"Florian Schwinn\",\"image\":{\"@type\":\"ImageObject\",\"inLanguage\":\"de\",\"@id\":\"https:\\\/\\\/secure.gravatar.com\\\/avatar\\\/015c7bb04f4a6b87161c1c34a5fa9dee51f9903ee033683f3fce49e1db8df547?s=96&d=mm&r=g\",\"url\":\"https:\\\/\\\/secure.gravatar.com\\\/avatar\\\/015c7bb04f4a6b87161c1c34a5fa9dee51f9903ee033683f3fce49e1db8df547?s=96&d=mm&r=g\",\"contentUrl\":\"https:\\\/\\\/secure.gravatar.com\\\/avatar\\\/015c7bb04f4a6b87161c1c34a5fa9dee51f9903ee033683f3fce49e1db8df547?s=96&d=mm&r=g\",\"caption\":\"Florian Schwinn\"},\"sameAs\":[\"https:\\\/\\\/www.florianschwinn.de\\\/wordpress\"],\"url\":\"https:\\\/\\\/www.florianschwinn.de\\\/wordpress\\\/author\\\/florianschwinn_wpkolum\\\/\"}]}<\/script>\n<!-- \/ Yoast SEO plugin. -->","yoast_head_json":{"title":"Das Schweinesystem hat Angst","description":"Der Europ\u00e4er meistes Nutztier ist bedroht von einer Seuche \u2013 von der Afrikanischen Schweinepest, kurz ASP. Eine ganze Industrie hat Angst vor diesem Virus: die globale Fleischindustrie.","robots":{"index":"index","follow":"follow","max-snippet":"max-snippet:-1","max-image-preview":"max-image-preview:large","max-video-preview":"max-video-preview:-1"},"canonical":"https:\/\/www.florianschwinn.de\/wordpress\/das-schweinesystem-hat-angst\/","og_locale":"de_DE","og_type":"article","og_title":"Das Schweinesystem hat Angst","og_description":"Der Europ\u00e4er meistes Nutztier ist bedroht von einer Seuche \u2013 von der Afrikanischen Schweinepest, kurz ASP. Eine ganze Industrie hat Angst vor diesem Virus: die globale Fleischindustrie.","og_url":"https:\/\/www.florianschwinn.de\/wordpress\/das-schweinesystem-hat-angst\/","og_site_name":"F\u00fchrerschein f\u00fcr Einkaufswagen","article_published_time":"2022-05-26T07:34:45+00:00","article_modified_time":"2022-05-26T14:37:24+00:00","og_image":[{"url":"https:\/\/www.florianschwinn.de\/wordpress\/wp-content\/uploads\/2022\/05\/Schwein-Masezdromaderi-Dreamstime-1-1024x616.jpg","type":"","width":"","height":""}],"author":"Florian Schwinn","twitter_card":"summary_large_image","twitter_creator":"@Journaille","twitter_site":"@Journaille","twitter_misc":{"Verfasst von":"Florian Schwinn","Gesch\u00e4tzte Lesezeit":"10\u00a0Minuten"},"schema":{"@context":"https:\/\/schema.org","@graph":[{"@type":"Article","@id":"https:\/\/www.florianschwinn.de\/wordpress\/das-schweinesystem-hat-angst\/#article","isPartOf":{"@id":"https:\/\/www.florianschwinn.de\/wordpress\/das-schweinesystem-hat-angst\/"},"author":{"name":"Florian Schwinn","@id":"https:\/\/www.florianschwinn.de\/wordpress\/#\/schema\/person\/79b5d182d53386a59defbc7c19766aae"},"headline":"Das Schweinesystem hat Angst","datePublished":"2022-05-26T07:34:45+00:00","dateModified":"2022-05-26T14:37:24+00:00","mainEntityOfPage":{"@id":"https:\/\/www.florianschwinn.de\/wordpress\/das-schweinesystem-hat-angst\/"},"wordCount":1699,"publisher":{"@id":"https:\/\/www.florianschwinn.de\/wordpress\/#organization"},"image":{"@id":"https:\/\/www.florianschwinn.de\/wordpress\/das-schweinesystem-hat-angst\/#primaryimage"},"thumbnailUrl":"https:\/\/www.florianschwinn.de\/wordpress\/wp-content\/uploads\/2022\/05\/Schwein-Masezdromaderi-Dreamstime-1-1024x616.jpg","keywords":["Billigfleisch","Fleisch","Schweine","Tierwohl"],"articleSection":["Ern\u00e4hrung","Landwirtschaft","Tierethik","Tierhaltung","Tierseuche"],"inLanguage":"de"},{"@type":"WebPage","@id":"https:\/\/www.florianschwinn.de\/wordpress\/das-schweinesystem-hat-angst\/","url":"https:\/\/www.florianschwinn.de\/wordpress\/das-schweinesystem-hat-angst\/","name":"Das Schweinesystem hat Angst","isPartOf":{"@id":"https:\/\/www.florianschwinn.de\/wordpress\/#website"},"primaryImageOfPage":{"@id":"https:\/\/www.florianschwinn.de\/wordpress\/das-schweinesystem-hat-angst\/#primaryimage"},"image":{"@id":"https:\/\/www.florianschwinn.de\/wordpress\/das-schweinesystem-hat-angst\/#primaryimage"},"thumbnailUrl":"https:\/\/www.florianschwinn.de\/wordpress\/wp-content\/uploads\/2022\/05\/Schwein-Masezdromaderi-Dreamstime-1-1024x616.jpg","datePublished":"2022-05-26T07:34:45+00:00","dateModified":"2022-05-26T14:37:24+00:00","description":"Der Europ\u00e4er meistes Nutztier ist bedroht von einer Seuche \u2013 von der Afrikanischen Schweinepest, kurz ASP. Eine ganze Industrie hat Angst vor diesem Virus: die globale Fleischindustrie.","breadcrumb":{"@id":"https:\/\/www.florianschwinn.de\/wordpress\/das-schweinesystem-hat-angst\/#breadcrumb"},"inLanguage":"de","potentialAction":[{"@type":"ReadAction","target":["https:\/\/www.florianschwinn.de\/wordpress\/das-schweinesystem-hat-angst\/"]}]},{"@type":"ImageObject","inLanguage":"de","@id":"https:\/\/www.florianschwinn.de\/wordpress\/das-schweinesystem-hat-angst\/#primaryimage","url":"https:\/\/www.florianschwinn.de\/wordpress\/wp-content\/uploads\/2022\/05\/Schwein-Masezdromaderi-Dreamstime-1-1024x616.jpg","contentUrl":"https:\/\/www.florianschwinn.de\/wordpress\/wp-content\/uploads\/2022\/05\/Schwein-Masezdromaderi-Dreamstime-1-1024x616.jpg"},{"@type":"BreadcrumbList","@id":"https:\/\/www.florianschwinn.de\/wordpress\/das-schweinesystem-hat-angst\/#breadcrumb","itemListElement":[{"@type":"ListItem","position":1,"name":"Startseite","item":"https:\/\/www.florianschwinn.de\/wordpress\/"},{"@type":"ListItem","position":2,"name":"Das Schweinesystem hat Angst"}]},{"@type":"WebSite","@id":"https:\/\/www.florianschwinn.de\/wordpress\/#website","url":"https:\/\/www.florianschwinn.de\/wordpress\/","name":"F\u00fchrerschein f\u00fcr Einkaufswagen","description":"Hintergrundwissen f\u00fcr bewussten Konsum","publisher":{"@id":"https:\/\/www.florianschwinn.de\/wordpress\/#organization"},"potentialAction":[{"@type":"SearchAction","target":{"@type":"EntryPoint","urlTemplate":"https:\/\/www.florianschwinn.de\/wordpress\/?s={search_term_string}"},"query-input":{"@type":"PropertyValueSpecification","valueRequired":true,"valueName":"search_term_string"}}],"inLanguage":"de"},{"@type":"Organization","@id":"https:\/\/www.florianschwinn.de\/wordpress\/#organization","name":"F\u00fchrerschein f\u00fcr Einkaufswagen","url":"https:\/\/www.florianschwinn.de\/wordpress\/","logo":{"@type":"ImageObject","inLanguage":"de","@id":"https:\/\/www.florianschwinn.de\/wordpress\/#\/schema\/logo\/image\/","url":"https:\/\/www.florianschwinn.de\/wordpress\/wp-content\/uploads\/2021\/08\/PodcastCover-scaled.jpg","contentUrl":"https:\/\/www.florianschwinn.de\/wordpress\/wp-content\/uploads\/2021\/08\/PodcastCover-scaled.jpg","width":2560,"height":2560,"caption":"F\u00fchrerschein f\u00fcr Einkaufswagen"},"image":{"@id":"https:\/\/www.florianschwinn.de\/wordpress\/#\/schema\/logo\/image\/"},"sameAs":["https:\/\/x.com\/Journaille"]},{"@type":"Person","@id":"https:\/\/www.florianschwinn.de\/wordpress\/#\/schema\/person\/79b5d182d53386a59defbc7c19766aae","name":"Florian Schwinn","image":{"@type":"ImageObject","inLanguage":"de","@id":"https:\/\/secure.gravatar.com\/avatar\/015c7bb04f4a6b87161c1c34a5fa9dee51f9903ee033683f3fce49e1db8df547?s=96&d=mm&r=g","url":"https:\/\/secure.gravatar.com\/avatar\/015c7bb04f4a6b87161c1c34a5fa9dee51f9903ee033683f3fce49e1db8df547?s=96&d=mm&r=g","contentUrl":"https:\/\/secure.gravatar.com\/avatar\/015c7bb04f4a6b87161c1c34a5fa9dee51f9903ee033683f3fce49e1db8df547?s=96&d=mm&r=g","caption":"Florian Schwinn"},"sameAs":["https:\/\/www.florianschwinn.de\/wordpress"],"url":"https:\/\/www.florianschwinn.de\/wordpress\/author\/florianschwinn_wpkolum\/"}]}},"_links":{"self":[{"href":"https:\/\/www.florianschwinn.de\/wordpress\/wp-json\/wp\/v2\/posts\/1760","targetHints":{"allow":["GET"]}}],"collection":[{"href":"https:\/\/www.florianschwinn.de\/wordpress\/wp-json\/wp\/v2\/posts"}],"about":[{"href":"https:\/\/www.florianschwinn.de\/wordpress\/wp-json\/wp\/v2\/types\/post"}],"author":[{"embeddable":true,"href":"https:\/\/www.florianschwinn.de\/wordpress\/wp-json\/wp\/v2\/users\/1"}],"replies":[{"embeddable":true,"href":"https:\/\/www.florianschwinn.de\/wordpress\/wp-json\/wp\/v2\/comments?post=1760"}],"version-history":[{"count":14,"href":"https:\/\/www.florianschwinn.de\/wordpress\/wp-json\/wp\/v2\/posts\/1760\/revisions"}],"predecessor-version":[{"id":1793,"href":"https:\/\/www.florianschwinn.de\/wordpress\/wp-json\/wp\/v2\/posts\/1760\/revisions\/1793"}],"wp:attachment":[{"href":"https:\/\/www.florianschwinn.de\/wordpress\/wp-json\/wp\/v2\/media?parent=1760"}],"wp:term":[{"taxonomy":"category","embeddable":true,"href":"https:\/\/www.florianschwinn.de\/wordpress\/wp-json\/wp\/v2\/categories?post=1760"},{"taxonomy":"post_tag","embeddable":true,"href":"https:\/\/www.florianschwinn.de\/wordpress\/wp-json\/wp\/v2\/tags?post=1760"}],"curies":[{"name":"wp","href":"https:\/\/api.w.org\/{rel}","templated":true}]}}