{"id":199,"date":"2021-01-13T22:48:08","date_gmt":"2021-01-13T22:48:08","guid":{"rendered":"https:\/\/www.florianschwinn.de\/wordpress\/?p=199"},"modified":"2021-09-22T11:11:01","modified_gmt":"2021-09-22T09:11:01","slug":"essen-ist-politisch","status":"publish","type":"post","link":"https:\/\/www.florianschwinn.de\/wordpress\/essen-ist-politisch\/","title":{"rendered":"Essen ist politisch!"},"content":{"rendered":"\n<p><em>Corona hin oder her: Es ist Wahlkampfzeit in Deutschland. Das Superwahljahr 2021 hat kaum begonnen, schon zeichnet sich ab, dass die Landwirtschaft zum Wahlkampfthema wird. Das ist einerseits richtig so, weil zumindest die Bundestagswahl im September in Sachen Agrarwende eine Richtungsentscheidung sein kann. Das birgt aber auch Gefahren, denn in kaum einem Bereich wird so viel verborgen und verbogen wie bei der Lebensmittelproduktion.<\/em><\/p>\n\n\n\n<p class=\"has-text-align-right\">[nebenbei: Gendersternchen zum Einf\u00fcgen an gew\u00fcnschter Stelle: *****]<\/p>\n\n\n\n<figure class=\"wp-block-image size-large\"><img loading=\"lazy\" decoding=\"async\" width=\"1024\" height=\"768\" src=\"https:\/\/www.florianschwinn.de\/wordpress\/wp-content\/uploads\/2021\/08\/Schweine-Hans-Braxmeier-1024x768.jpg\" alt=\"\" class=\"wp-image-710\" srcset=\"https:\/\/www.florianschwinn.de\/wordpress\/wp-content\/uploads\/2021\/08\/Schweine-Hans-Braxmeier-1024x768.jpg 1024w, https:\/\/www.florianschwinn.de\/wordpress\/wp-content\/uploads\/2021\/08\/Schweine-Hans-Braxmeier-300x225.jpg 300w, https:\/\/www.florianschwinn.de\/wordpress\/wp-content\/uploads\/2021\/08\/Schweine-Hans-Braxmeier-768x576.jpg 768w, https:\/\/www.florianschwinn.de\/wordpress\/wp-content\/uploads\/2021\/08\/Schweine-Hans-Braxmeier-1536x1152.jpg 1536w, https:\/\/www.florianschwinn.de\/wordpress\/wp-content\/uploads\/2021\/08\/Schweine-Hans-Braxmeier-2048x1536.jpg 2048w\" sizes=\"auto, (max-width: 1024px) 100vw, 1024px\" \/><figcaption>Was w\u00e4re jetzt Tierwohl? Ein Schwein weniger in der Box oder der Einbau von Fenstern f\u00fcr Tageslicht? | Foto: Hans Braxmeier\/Pixabay <\/figcaption><\/figure>\n\n\n\n<p>Wir d\u00fcrfen uns darauf gefasst machen, dass uns zumindest Halbwahrheiten aufgetischt werden. Von Politikerinnen ebenso wie von Verbandsvertreterinnen, von der Industrie und gerne auch mal von Expertinnen. Denn wenn es um die Landwirtschaft und die Lebensmittelproduktion geht, befinden wir uns sehr schnell in bew\u00e4hrtem Schubladendenken wieder. Wobei es in der Schublade schwierig wird, \u00fcber den ber\u00fchmten Tellerrand zu schauen, weil Schubladen gerne mal geschlossen sind. Das war jetzt der Versuch, ohne milit\u00e4rische Metaphern auszukommen. \u00dcblicherweise werden in der landwirtschaftlichen Feldschlacht sonst gerne Gr\u00e4ben ausgehoben, mithin auch Sch\u00fctzengr\u00e4ben, oder es werden Fronten aufgemacht, semantische Nebelkerzen gez\u00fcndet, oder auch mal Glaubenskrieger geortet. Das alles werden wir erleben in diesem Superwahljahr. Was jetzt keine allzu schwierige Vorhersage war, denn der Anfang ist bereits gemacht.<\/p>\n\n\n\n<p><strong>Faire Gifte?<\/strong><\/p>\n\n\n\n<p>Das vergangene Jahr endete mit Blockadeaktionen von Landwirten, und das neue Jahr beginnt damit. Die j\u00fcngste Aktion ist die von Treckerfahrern im westf\u00e4lischen Gronau, wo eine lokale Supermarktkette die Produkte einer lokalen Molkerei ausgelistet hat. Das h\u00f6rt sich recht sinnvoll an, im Gegensatz zu den Blockaden von Aldi, Lidl und Rewe wegen zu billigen Fleischs und zu billiger Milch, die die Landwirte zuvor immer umstandslos geliefert hatten. Das Wahljahr d\u00fcrfte mehr solcher Aktionen zeitigen. \u00dcber ihre Sinnhaftigkeit darf dann jeweils gestritten werden. Der nieders\u00e4chsische Ministerpr\u00e4sident Weil, in dessen Bundesland 2021 nur Kommunalwahlen anstehen, legt vor. Er findet den Kampf der Landwirte f\u00fcr faire Preise \u201eausdr\u00fccklich berechtigt\u201c. Nur was ist fair in einer Industrielandwirtschaft, die sich seit Jahrzehnten auf Billigproduktion eingeschworen hat?<\/p>\n\n\n\n<figure class=\"wp-block-image size-large\"><img loading=\"lazy\" decoding=\"async\" width=\"1024\" height=\"711\" src=\"https:\/\/www.florianschwinn.de\/wordpress\/wp-content\/uploads\/2021\/08\/Weil-StK-Holger-Hollemann-1024x711.jpg\" alt=\"\" class=\"wp-image-944\" srcset=\"https:\/\/www.florianschwinn.de\/wordpress\/wp-content\/uploads\/2021\/08\/Weil-StK-Holger-Hollemann-1024x711.jpg 1024w, https:\/\/www.florianschwinn.de\/wordpress\/wp-content\/uploads\/2021\/08\/Weil-StK-Holger-Hollemann-300x208.jpg 300w, https:\/\/www.florianschwinn.de\/wordpress\/wp-content\/uploads\/2021\/08\/Weil-StK-Holger-Hollemann-768x533.jpg 768w, https:\/\/www.florianschwinn.de\/wordpress\/wp-content\/uploads\/2021\/08\/Weil-StK-Holger-Hollemann-1536x1067.jpg 1536w, https:\/\/www.florianschwinn.de\/wordpress\/wp-content\/uploads\/2021\/08\/Weil-StK-Holger-Hollemann.jpg 2019w\" sizes=\"auto, (max-width: 1024px) 100vw, 1024px\" \/><figcaption>Wei\u00df die Landwirtschaft hinter sich &#8211; als Kuh an der Wand: Stephan Weil findet den Kampf der Landwirte f\u00fcr bessere Preise gerechtfertigt. | Foto: Nieders\u00e4chsische Staatskanzlei\/Holger Hollemann <\/figcaption><\/figure>\n\n\n\n<p>Die Bundeslandwirtschaftsministerin sicherte zumindest den R\u00fcbenbauern auf ihre Weise den Ertrag. Sie lie\u00df zus\u00e4tzliche Neonicotinoide mit einer Notzulassung versehen, weitgehend unter Ausschluss der coronaverseuchten \u00d6ffentlichkeit. In diesem Fall ging es darum, das Saatgut noch schnell gebeizt werden durfte, weil da ein R\u00fcbensch\u00e4dling auf dem Vormarsch ist. Vielleicht, weil zu viel R\u00fcbenmonokultur dem Sch\u00e4dling nutzt? Vielleicht, weil zu wenig Fruchtfolge gepflegt wird? Egal, das Gift hilft. Gegen den gemeinten Sch\u00e4dling und vieles mehr. Neonicotinoide sind hochwirksame Insektengifte. Ein Wirkstoff ist vergangenes Jahr von der EU verboten worden, andere in einigen Mitgliedsl\u00e4ndern, auch weil die Gifte f\u00fcr das Bienensterben verantwortlich gemacht wurden. Aber wir haben ja noch mehr Wirkstoffe in petto. Wird mit ihnen schon das Saatgut gebeizt, ist danach die ganze Pflanze f\u00fcr die Insekten giftig, die sie anbohren wollen. Leider aber eben auch f\u00fcr die Best\u00e4uber, wie die Bienen. Einmal mehr trifft ein Pestizid nicht nur die, die es treffen soll, ganz zu schweigen von uns Menschen, f\u00fcr die die Lebensmittel am Ende hergestellt werden.<\/p>\n\n\n\n<p>Insektenschutz wird ganz sicher Wahlkampfthema. Albrecht Stegemann, der agrarpolitische Sprecher der CDU\/CSU-Bundestagsfraktion, hat schon mal vorgelegt. Er beklagt, dass der Entwurf f\u00fcr das Insektenschutzgesetz, das Bundesumweltministerin Svenja Schulze gerne noch in dieser Legislaturperiode durchbringen will, \u201ekalte Enteignungen von Bauernfamilien\u201c bedeute. Weil die dann auf ihrem eigenen Grund und Boden nicht mehr tun d\u00fcrfen, was sie wollen? Zum Beispiel Bienen vergiften. Weil ihr Land dann nicht mehr den gr\u00f6\u00dftm\u00f6glichen pestizidgetriebenen Ertrag abwirft? Solcherlei Einlassungen werden sich h\u00e4ufen im Superwahljahr.<\/p>\n\n\n\n<p><strong>Tierwohl als Label<\/strong><\/p>\n\n\n\n<p>Und dann noch das Tierwohl. Auch hier weist der nieders\u00e4chsische Ministerpr\u00e4sident Stephan Weil den Weg: Er ist f\u00fcr ein verbindliches staatliches Tierwohllabel. Retourkutsche der Bundeslandwirtschaftsministerin: Die SPD m\u00f6ge im Bundestag ihre Blockade gegen das \u2013 nicht verbindliche \u2013 Tierwohlkennzeichen aufgeben. Nun ja, Julia Kl\u00f6ckner hats nicht so mit der Abteilung Attacke. Daf\u00fcr kann sie gut drumrum reden oder auch gerne mal sch\u00f6nreden, so wie bei ihrem kl\u00e4glichen Scheitern in Sachen Agrarreform als landwirtschaftliche EU-Ratspr\u00e4sidentin im vergangenen Jahr. Wobei, man k\u00f6nnte auch unterstellen, dass sie bei der Agrarreform gerne scheitern wollte.<\/p>\n\n\n\n<figure class=\"wp-block-image size-large\"><img loading=\"lazy\" decoding=\"async\" width=\"1024\" height=\"683\" src=\"https:\/\/www.florianschwinn.de\/wordpress\/wp-content\/uploads\/2021\/08\/Kloeckner-BMEL-photothek.net_-1024x683.jpg\" alt=\"\" class=\"wp-image-945\" srcset=\"https:\/\/www.florianschwinn.de\/wordpress\/wp-content\/uploads\/2021\/08\/Kloeckner-BMEL-photothek.net_-1024x683.jpg 1024w, https:\/\/www.florianschwinn.de\/wordpress\/wp-content\/uploads\/2021\/08\/Kloeckner-BMEL-photothek.net_-300x200.jpg 300w, https:\/\/www.florianschwinn.de\/wordpress\/wp-content\/uploads\/2021\/08\/Kloeckner-BMEL-photothek.net_-768x512.jpg 768w, https:\/\/www.florianschwinn.de\/wordpress\/wp-content\/uploads\/2021\/08\/Kloeckner-BMEL-photothek.net_-1536x1024.jpg 1536w, https:\/\/www.florianschwinn.de\/wordpress\/wp-content\/uploads\/2021\/08\/Kloeckner-BMEL-photothek.net_-2048x1365.jpg 2048w\" sizes=\"auto, (max-width: 1024px) 100vw, 1024px\" \/><figcaption>Gute Figur gemacht, aber sonst nicht viel: Julia Kl\u00f6ckner als Pr\u00e4sidentin des Agrarministerrates im vergangenen Jahr. | Foto: BMEL\/photothek.net <\/figcaption><\/figure>\n\n\n\n<p>Also Tierwohl. Die Deutschen essen zwar immer weniger Fleisch, vor allem die J\u00fcngeren leben zunehmend vegetarischer und veganer. Aber das ist nur ein Trend, der den Tieren in den Stallungen gerade nicht hilft. Die CDU\/CSU setzt auf Freiwilligkeit, mit m\u00e4\u00dfigem Erfolg f\u00fcr ein wachsweiches Label. Der Lebensmitteleinzelhandel, gerade von den Landwirten ob des Preiskampfes gescholten, w\u00fcnscht sich das Tierwohllabel auch. Die Unionsparteien h\u00e4tten aber lieber eine europ\u00e4ische L\u00f6sung, die Julia Kl\u00f6ckner als Vorsitzende w\u00e4hrend der deutschen Ratspr\u00e4sidentschaft nicht angeschoben hat. Die CDU warnt jetzt davor, mit dem vom Koalitionspartner gew\u00fcnschten nationalen Label am Europ\u00e4ischen Gerichtshof zu scheitern. Dessen Anrufung sie h\u00e4tte vermeiden k\u00f6nnen, wenn sie die deutsche Ratspr\u00e4sidentschaft f\u00fcr eine einheitliche Regelung genutzt h\u00e4tte. Aber au\u00dfer einer Blockade der von der Kommission gew\u00fcnschten Agrarreform war da halt nichts drin im vergangenen Jahr.<\/p>\n\n\n\n<p>Und was, am Ende, haben oder h\u00e4tten die Tiere von einem solchen Label? Ein Schwein weniger in der Box, aber weiter auf Spaltenb\u00f6den leben, ohne Einstreu und ohne Auslauf. Tageslicht durch neue Fenster, aber nie hinausd\u00fcrfen aus dem Stall, au\u00dfer wenn\u2019s zum Schlachter geht. Ist das Tierwohl? Oder doch nur ein sch\u00f6nes Wahlkampfthema, mit dem man sich gut als K\u00e4mpfer f\u00fcr mehr Ethik im Stall darstellen kann?<\/p>\n\n\n\n<p>Wir merken schon: Es wird verworren. Die Nebelkerzen werden zahlreich sein. Noch so ein milit\u00e4rischer Spruch kommt mir da in den Sinn: The Fog of War. Das Feld als Feld \u2026 Naja, das lasse ich jetzt lieber. Wir hoffen, dabei wenigstens gesund zu bleiben. Was mit Corona und den Lebensmitteln, die uns aufgetischt werden, nicht ganz einfach ist.<\/p>\n\n\n\n<hr class=\"wp-block-separator\"\/>\n\n\n\n<figure class=\"wp-block-image size-large\"><img loading=\"lazy\" decoding=\"async\" width=\"1024\" height=\"512\" src=\"https:\/\/www.florianschwinn.de\/wordpress\/wp-content\/uploads\/2021\/08\/Wirhabenessatt2020-1024x512.jpg\" alt=\"\" class=\"wp-image-946\" srcset=\"https:\/\/www.florianschwinn.de\/wordpress\/wp-content\/uploads\/2021\/08\/Wirhabenessatt2020-1024x512.jpg 1024w, https:\/\/www.florianschwinn.de\/wordpress\/wp-content\/uploads\/2021\/08\/Wirhabenessatt2020-300x150.jpg 300w, https:\/\/www.florianschwinn.de\/wordpress\/wp-content\/uploads\/2021\/08\/Wirhabenessatt2020-768x384.jpg 768w, https:\/\/www.florianschwinn.de\/wordpress\/wp-content\/uploads\/2021\/08\/Wirhabenessatt2020.jpg 1200w\" sizes=\"auto, (max-width: 1024px) 100vw, 1024px\" \/><\/figure>\n\n\n\n<p>Apropos: Wir haben es satt! Die diesj\u00e4hrige Demo f\u00fcr eine Agrarwende findet am 16. Januar online statt, bis auf ein paar wenige Trecker vor dem Kanzleramt. Das traditionell anschlie\u00dfende \u201eSoup and Talk\u201c, bei dem dann Projekte und Initiativen vorgestellt werden, gibt\u2018s ebenfalls virtuell ab 15:30 Uhr. Anmeldung hier: <a href=\"http:\/\/www.wir-haben-es-satt.de\/soupntalk\" target=\"_blank\" rel=\"noreferrer noopener\">www.wir-haben-es-satt.de\/soupntalk<\/a><\/p>\n","protected":false},"excerpt":{"rendered":"<p>Corona hin oder her: Es ist Wahlkampfzeit in Deutschland. Das Superwahljahr 2021 hat kaum begonnen, schon zeichnet sich ab, dass die Landwirtschaft zum Wahlkampfthema wird. Das ist einerseits richtig so, weil zumindest die Bundestagswahl im September in Sachen Agrarwende eine Richtungsentscheidung sein kann. Das birgt aber auch Gefahren, denn in kaum einem Bereich wird so &#8230; <a title=\"Essen ist politisch!\" class=\"read-more\" href=\"https:\/\/www.florianschwinn.de\/wordpress\/essen-ist-politisch\/\" aria-label=\"Mehr zu Essen ist politisch!\">Weiterlesen &#8230;<\/a><\/p>\n","protected":false},"author":1,"featured_media":0,"comment_status":"closed","ping_status":"closed","sticky":false,"template":"","format":"standard","meta":{"footnotes":""},"categories":[8,13,16,6,3,28,2],"tags":[14,81,71,86],"class_list":["post-199","post","type-post","status-publish","format-standard","hentry","category-agrarpolitik","category-agrochemie","category-corona","category-europa","category-landwirtschaft","category-lebensmittelpreise","category-tierhaltung","tag-ackergift","tag-agrarwende","tag-tierwohl","tag-wahlkampf","infinite-scroll-item"],"yoast_head":"<!-- This site is optimized with the Yoast SEO plugin v27.5 - https:\/\/yoast.com\/product\/yoast-seo-wordpress\/ -->\n<title>Essen ist politisch! - F\u00fchrerschein f\u00fcr Einkaufswagen<\/title>\n<meta name=\"robots\" content=\"index, follow, max-snippet:-1, max-image-preview:large, max-video-preview:-1\" \/>\n<link rel=\"canonical\" href=\"https:\/\/www.florianschwinn.de\/wordpress\/essen-ist-politisch\/\" \/>\n<meta property=\"og:locale\" content=\"de_DE\" \/>\n<meta property=\"og:type\" content=\"article\" \/>\n<meta property=\"og:title\" content=\"Essen ist politisch! - F\u00fchrerschein f\u00fcr Einkaufswagen\" \/>\n<meta property=\"og:description\" content=\"Corona hin oder her: Es ist Wahlkampfzeit in Deutschland. Das Superwahljahr 2021 hat kaum begonnen, schon zeichnet sich ab, dass die Landwirtschaft zum Wahlkampfthema wird. Das ist einerseits richtig so, weil zumindest die Bundestagswahl im September in Sachen Agrarwende eine Richtungsentscheidung sein kann. Das birgt aber auch Gefahren, denn in kaum einem Bereich wird so ... Weiterlesen ...\" \/>\n<meta property=\"og:url\" content=\"https:\/\/www.florianschwinn.de\/wordpress\/essen-ist-politisch\/\" \/>\n<meta property=\"og:site_name\" content=\"F\u00fchrerschein f\u00fcr Einkaufswagen\" \/>\n<meta property=\"article:published_time\" content=\"2021-01-13T22:48:08+00:00\" \/>\n<meta property=\"article:modified_time\" content=\"2021-09-22T09:11:01+00:00\" \/>\n<meta property=\"og:image\" content=\"https:\/\/www.florianschwinn.de\/wordpress\/wp-content\/uploads\/2021\/08\/Schweine-Hans-Braxmeier-1024x768.jpg\" \/>\n<meta name=\"author\" content=\"Florian Schwinn\" \/>\n<meta name=\"twitter:card\" content=\"summary_large_image\" \/>\n<meta name=\"twitter:creator\" content=\"@Journaille\" \/>\n<meta name=\"twitter:site\" content=\"@Journaille\" \/>\n<meta name=\"twitter:label1\" content=\"Verfasst von\" \/>\n\t<meta name=\"twitter:data1\" content=\"Florian Schwinn\" \/>\n\t<meta name=\"twitter:label2\" content=\"Gesch\u00e4tzte Lesezeit\" \/>\n\t<meta name=\"twitter:data2\" content=\"6\u00a0Minuten\" \/>\n<script type=\"application\/ld+json\" class=\"yoast-schema-graph\">{\"@context\":\"https:\\\/\\\/schema.org\",\"@graph\":[{\"@type\":\"Article\",\"@id\":\"https:\\\/\\\/www.florianschwinn.de\\\/wordpress\\\/essen-ist-politisch\\\/#article\",\"isPartOf\":{\"@id\":\"https:\\\/\\\/www.florianschwinn.de\\\/wordpress\\\/essen-ist-politisch\\\/\"},\"author\":{\"name\":\"Florian Schwinn\",\"@id\":\"https:\\\/\\\/www.florianschwinn.de\\\/wordpress\\\/#\\\/schema\\\/person\\\/79b5d182d53386a59defbc7c19766aae\"},\"headline\":\"Essen ist politisch!\",\"datePublished\":\"2021-01-13T22:48:08+00:00\",\"dateModified\":\"2021-09-22T09:11:01+00:00\",\"mainEntityOfPage\":{\"@id\":\"https:\\\/\\\/www.florianschwinn.de\\\/wordpress\\\/essen-ist-politisch\\\/\"},\"wordCount\":1109,\"publisher\":{\"@id\":\"https:\\\/\\\/www.florianschwinn.de\\\/wordpress\\\/#organization\"},\"image\":{\"@id\":\"https:\\\/\\\/www.florianschwinn.de\\\/wordpress\\\/essen-ist-politisch\\\/#primaryimage\"},\"thumbnailUrl\":\"https:\\\/\\\/www.florianschwinn.de\\\/wordpress\\\/wp-content\\\/uploads\\\/2021\\\/08\\\/Schweine-Hans-Braxmeier-1024x768.jpg\",\"keywords\":[\"Ackergift\",\"Agrarwende\",\"Tierwohl\",\"Wahlkampf\"],\"articleSection\":[\"Agrarpolitik\",\"Agrochemie\",\"Corona\",\"Europa\",\"Landwirtschaft\",\"Lebensmittelpreise\",\"Tierhaltung\"],\"inLanguage\":\"de\"},{\"@type\":\"WebPage\",\"@id\":\"https:\\\/\\\/www.florianschwinn.de\\\/wordpress\\\/essen-ist-politisch\\\/\",\"url\":\"https:\\\/\\\/www.florianschwinn.de\\\/wordpress\\\/essen-ist-politisch\\\/\",\"name\":\"Essen ist politisch! - F\u00fchrerschein f\u00fcr Einkaufswagen\",\"isPartOf\":{\"@id\":\"https:\\\/\\\/www.florianschwinn.de\\\/wordpress\\\/#website\"},\"primaryImageOfPage\":{\"@id\":\"https:\\\/\\\/www.florianschwinn.de\\\/wordpress\\\/essen-ist-politisch\\\/#primaryimage\"},\"image\":{\"@id\":\"https:\\\/\\\/www.florianschwinn.de\\\/wordpress\\\/essen-ist-politisch\\\/#primaryimage\"},\"thumbnailUrl\":\"https:\\\/\\\/www.florianschwinn.de\\\/wordpress\\\/wp-content\\\/uploads\\\/2021\\\/08\\\/Schweine-Hans-Braxmeier-1024x768.jpg\",\"datePublished\":\"2021-01-13T22:48:08+00:00\",\"dateModified\":\"2021-09-22T09:11:01+00:00\",\"breadcrumb\":{\"@id\":\"https:\\\/\\\/www.florianschwinn.de\\\/wordpress\\\/essen-ist-politisch\\\/#breadcrumb\"},\"inLanguage\":\"de\",\"potentialAction\":[{\"@type\":\"ReadAction\",\"target\":[\"https:\\\/\\\/www.florianschwinn.de\\\/wordpress\\\/essen-ist-politisch\\\/\"]}]},{\"@type\":\"ImageObject\",\"inLanguage\":\"de\",\"@id\":\"https:\\\/\\\/www.florianschwinn.de\\\/wordpress\\\/essen-ist-politisch\\\/#primaryimage\",\"url\":\"https:\\\/\\\/www.florianschwinn.de\\\/wordpress\\\/wp-content\\\/uploads\\\/2021\\\/08\\\/Schweine-Hans-Braxmeier-1024x768.jpg\",\"contentUrl\":\"https:\\\/\\\/www.florianschwinn.de\\\/wordpress\\\/wp-content\\\/uploads\\\/2021\\\/08\\\/Schweine-Hans-Braxmeier-1024x768.jpg\"},{\"@type\":\"BreadcrumbList\",\"@id\":\"https:\\\/\\\/www.florianschwinn.de\\\/wordpress\\\/essen-ist-politisch\\\/#breadcrumb\",\"itemListElement\":[{\"@type\":\"ListItem\",\"position\":1,\"name\":\"Startseite\",\"item\":\"https:\\\/\\\/www.florianschwinn.de\\\/wordpress\\\/\"},{\"@type\":\"ListItem\",\"position\":2,\"name\":\"Essen ist politisch!\"}]},{\"@type\":\"WebSite\",\"@id\":\"https:\\\/\\\/www.florianschwinn.de\\\/wordpress\\\/#website\",\"url\":\"https:\\\/\\\/www.florianschwinn.de\\\/wordpress\\\/\",\"name\":\"F\u00fchrerschein f\u00fcr Einkaufswagen\",\"description\":\"Hintergrundwissen f\u00fcr bewussten Konsum\",\"publisher\":{\"@id\":\"https:\\\/\\\/www.florianschwinn.de\\\/wordpress\\\/#organization\"},\"potentialAction\":[{\"@type\":\"SearchAction\",\"target\":{\"@type\":\"EntryPoint\",\"urlTemplate\":\"https:\\\/\\\/www.florianschwinn.de\\\/wordpress\\\/?s={search_term_string}\"},\"query-input\":{\"@type\":\"PropertyValueSpecification\",\"valueRequired\":true,\"valueName\":\"search_term_string\"}}],\"inLanguage\":\"de\"},{\"@type\":\"Organization\",\"@id\":\"https:\\\/\\\/www.florianschwinn.de\\\/wordpress\\\/#organization\",\"name\":\"F\u00fchrerschein f\u00fcr Einkaufswagen\",\"url\":\"https:\\\/\\\/www.florianschwinn.de\\\/wordpress\\\/\",\"logo\":{\"@type\":\"ImageObject\",\"inLanguage\":\"de\",\"@id\":\"https:\\\/\\\/www.florianschwinn.de\\\/wordpress\\\/#\\\/schema\\\/logo\\\/image\\\/\",\"url\":\"https:\\\/\\\/www.florianschwinn.de\\\/wordpress\\\/wp-content\\\/uploads\\\/2021\\\/08\\\/PodcastCover-scaled.jpg\",\"contentUrl\":\"https:\\\/\\\/www.florianschwinn.de\\\/wordpress\\\/wp-content\\\/uploads\\\/2021\\\/08\\\/PodcastCover-scaled.jpg\",\"width\":2560,\"height\":2560,\"caption\":\"F\u00fchrerschein f\u00fcr Einkaufswagen\"},\"image\":{\"@id\":\"https:\\\/\\\/www.florianschwinn.de\\\/wordpress\\\/#\\\/schema\\\/logo\\\/image\\\/\"},\"sameAs\":[\"https:\\\/\\\/x.com\\\/Journaille\"]},{\"@type\":\"Person\",\"@id\":\"https:\\\/\\\/www.florianschwinn.de\\\/wordpress\\\/#\\\/schema\\\/person\\\/79b5d182d53386a59defbc7c19766aae\",\"name\":\"Florian Schwinn\",\"image\":{\"@type\":\"ImageObject\",\"inLanguage\":\"de\",\"@id\":\"https:\\\/\\\/secure.gravatar.com\\\/avatar\\\/015c7bb04f4a6b87161c1c34a5fa9dee51f9903ee033683f3fce49e1db8df547?s=96&d=mm&r=g\",\"url\":\"https:\\\/\\\/secure.gravatar.com\\\/avatar\\\/015c7bb04f4a6b87161c1c34a5fa9dee51f9903ee033683f3fce49e1db8df547?s=96&d=mm&r=g\",\"contentUrl\":\"https:\\\/\\\/secure.gravatar.com\\\/avatar\\\/015c7bb04f4a6b87161c1c34a5fa9dee51f9903ee033683f3fce49e1db8df547?s=96&d=mm&r=g\",\"caption\":\"Florian Schwinn\"},\"sameAs\":[\"https:\\\/\\\/www.florianschwinn.de\\\/wordpress\"],\"url\":\"https:\\\/\\\/www.florianschwinn.de\\\/wordpress\\\/author\\\/florianschwinn_wpkolum\\\/\"}]}<\/script>\n<!-- \/ Yoast SEO plugin. -->","yoast_head_json":{"title":"Essen ist politisch! - F\u00fchrerschein f\u00fcr Einkaufswagen","robots":{"index":"index","follow":"follow","max-snippet":"max-snippet:-1","max-image-preview":"max-image-preview:large","max-video-preview":"max-video-preview:-1"},"canonical":"https:\/\/www.florianschwinn.de\/wordpress\/essen-ist-politisch\/","og_locale":"de_DE","og_type":"article","og_title":"Essen ist politisch! - F\u00fchrerschein f\u00fcr Einkaufswagen","og_description":"Corona hin oder her: Es ist Wahlkampfzeit in Deutschland. Das Superwahljahr 2021 hat kaum begonnen, schon zeichnet sich ab, dass die Landwirtschaft zum Wahlkampfthema wird. Das ist einerseits richtig so, weil zumindest die Bundestagswahl im September in Sachen Agrarwende eine Richtungsentscheidung sein kann. Das birgt aber auch Gefahren, denn in kaum einem Bereich wird so ... Weiterlesen ...","og_url":"https:\/\/www.florianschwinn.de\/wordpress\/essen-ist-politisch\/","og_site_name":"F\u00fchrerschein f\u00fcr Einkaufswagen","article_published_time":"2021-01-13T22:48:08+00:00","article_modified_time":"2021-09-22T09:11:01+00:00","og_image":[{"url":"https:\/\/www.florianschwinn.de\/wordpress\/wp-content\/uploads\/2021\/08\/Schweine-Hans-Braxmeier-1024x768.jpg","type":"","width":"","height":""}],"author":"Florian Schwinn","twitter_card":"summary_large_image","twitter_creator":"@Journaille","twitter_site":"@Journaille","twitter_misc":{"Verfasst von":"Florian Schwinn","Gesch\u00e4tzte Lesezeit":"6\u00a0Minuten"},"schema":{"@context":"https:\/\/schema.org","@graph":[{"@type":"Article","@id":"https:\/\/www.florianschwinn.de\/wordpress\/essen-ist-politisch\/#article","isPartOf":{"@id":"https:\/\/www.florianschwinn.de\/wordpress\/essen-ist-politisch\/"},"author":{"name":"Florian Schwinn","@id":"https:\/\/www.florianschwinn.de\/wordpress\/#\/schema\/person\/79b5d182d53386a59defbc7c19766aae"},"headline":"Essen ist politisch!","datePublished":"2021-01-13T22:48:08+00:00","dateModified":"2021-09-22T09:11:01+00:00","mainEntityOfPage":{"@id":"https:\/\/www.florianschwinn.de\/wordpress\/essen-ist-politisch\/"},"wordCount":1109,"publisher":{"@id":"https:\/\/www.florianschwinn.de\/wordpress\/#organization"},"image":{"@id":"https:\/\/www.florianschwinn.de\/wordpress\/essen-ist-politisch\/#primaryimage"},"thumbnailUrl":"https:\/\/www.florianschwinn.de\/wordpress\/wp-content\/uploads\/2021\/08\/Schweine-Hans-Braxmeier-1024x768.jpg","keywords":["Ackergift","Agrarwende","Tierwohl","Wahlkampf"],"articleSection":["Agrarpolitik","Agrochemie","Corona","Europa","Landwirtschaft","Lebensmittelpreise","Tierhaltung"],"inLanguage":"de"},{"@type":"WebPage","@id":"https:\/\/www.florianschwinn.de\/wordpress\/essen-ist-politisch\/","url":"https:\/\/www.florianschwinn.de\/wordpress\/essen-ist-politisch\/","name":"Essen ist politisch! - F\u00fchrerschein f\u00fcr Einkaufswagen","isPartOf":{"@id":"https:\/\/www.florianschwinn.de\/wordpress\/#website"},"primaryImageOfPage":{"@id":"https:\/\/www.florianschwinn.de\/wordpress\/essen-ist-politisch\/#primaryimage"},"image":{"@id":"https:\/\/www.florianschwinn.de\/wordpress\/essen-ist-politisch\/#primaryimage"},"thumbnailUrl":"https:\/\/www.florianschwinn.de\/wordpress\/wp-content\/uploads\/2021\/08\/Schweine-Hans-Braxmeier-1024x768.jpg","datePublished":"2021-01-13T22:48:08+00:00","dateModified":"2021-09-22T09:11:01+00:00","breadcrumb":{"@id":"https:\/\/www.florianschwinn.de\/wordpress\/essen-ist-politisch\/#breadcrumb"},"inLanguage":"de","potentialAction":[{"@type":"ReadAction","target":["https:\/\/www.florianschwinn.de\/wordpress\/essen-ist-politisch\/"]}]},{"@type":"ImageObject","inLanguage":"de","@id":"https:\/\/www.florianschwinn.de\/wordpress\/essen-ist-politisch\/#primaryimage","url":"https:\/\/www.florianschwinn.de\/wordpress\/wp-content\/uploads\/2021\/08\/Schweine-Hans-Braxmeier-1024x768.jpg","contentUrl":"https:\/\/www.florianschwinn.de\/wordpress\/wp-content\/uploads\/2021\/08\/Schweine-Hans-Braxmeier-1024x768.jpg"},{"@type":"BreadcrumbList","@id":"https:\/\/www.florianschwinn.de\/wordpress\/essen-ist-politisch\/#breadcrumb","itemListElement":[{"@type":"ListItem","position":1,"name":"Startseite","item":"https:\/\/www.florianschwinn.de\/wordpress\/"},{"@type":"ListItem","position":2,"name":"Essen ist politisch!"}]},{"@type":"WebSite","@id":"https:\/\/www.florianschwinn.de\/wordpress\/#website","url":"https:\/\/www.florianschwinn.de\/wordpress\/","name":"F\u00fchrerschein f\u00fcr Einkaufswagen","description":"Hintergrundwissen f\u00fcr bewussten Konsum","publisher":{"@id":"https:\/\/www.florianschwinn.de\/wordpress\/#organization"},"potentialAction":[{"@type":"SearchAction","target":{"@type":"EntryPoint","urlTemplate":"https:\/\/www.florianschwinn.de\/wordpress\/?s={search_term_string}"},"query-input":{"@type":"PropertyValueSpecification","valueRequired":true,"valueName":"search_term_string"}}],"inLanguage":"de"},{"@type":"Organization","@id":"https:\/\/www.florianschwinn.de\/wordpress\/#organization","name":"F\u00fchrerschein f\u00fcr Einkaufswagen","url":"https:\/\/www.florianschwinn.de\/wordpress\/","logo":{"@type":"ImageObject","inLanguage":"de","@id":"https:\/\/www.florianschwinn.de\/wordpress\/#\/schema\/logo\/image\/","url":"https:\/\/www.florianschwinn.de\/wordpress\/wp-content\/uploads\/2021\/08\/PodcastCover-scaled.jpg","contentUrl":"https:\/\/www.florianschwinn.de\/wordpress\/wp-content\/uploads\/2021\/08\/PodcastCover-scaled.jpg","width":2560,"height":2560,"caption":"F\u00fchrerschein f\u00fcr Einkaufswagen"},"image":{"@id":"https:\/\/www.florianschwinn.de\/wordpress\/#\/schema\/logo\/image\/"},"sameAs":["https:\/\/x.com\/Journaille"]},{"@type":"Person","@id":"https:\/\/www.florianschwinn.de\/wordpress\/#\/schema\/person\/79b5d182d53386a59defbc7c19766aae","name":"Florian Schwinn","image":{"@type":"ImageObject","inLanguage":"de","@id":"https:\/\/secure.gravatar.com\/avatar\/015c7bb04f4a6b87161c1c34a5fa9dee51f9903ee033683f3fce49e1db8df547?s=96&d=mm&r=g","url":"https:\/\/secure.gravatar.com\/avatar\/015c7bb04f4a6b87161c1c34a5fa9dee51f9903ee033683f3fce49e1db8df547?s=96&d=mm&r=g","contentUrl":"https:\/\/secure.gravatar.com\/avatar\/015c7bb04f4a6b87161c1c34a5fa9dee51f9903ee033683f3fce49e1db8df547?s=96&d=mm&r=g","caption":"Florian Schwinn"},"sameAs":["https:\/\/www.florianschwinn.de\/wordpress"],"url":"https:\/\/www.florianschwinn.de\/wordpress\/author\/florianschwinn_wpkolum\/"}]}},"_links":{"self":[{"href":"https:\/\/www.florianschwinn.de\/wordpress\/wp-json\/wp\/v2\/posts\/199","targetHints":{"allow":["GET"]}}],"collection":[{"href":"https:\/\/www.florianschwinn.de\/wordpress\/wp-json\/wp\/v2\/posts"}],"about":[{"href":"https:\/\/www.florianschwinn.de\/wordpress\/wp-json\/wp\/v2\/types\/post"}],"author":[{"embeddable":true,"href":"https:\/\/www.florianschwinn.de\/wordpress\/wp-json\/wp\/v2\/users\/1"}],"replies":[{"embeddable":true,"href":"https:\/\/www.florianschwinn.de\/wordpress\/wp-json\/wp\/v2\/comments?post=199"}],"version-history":[{"count":4,"href":"https:\/\/www.florianschwinn.de\/wordpress\/wp-json\/wp\/v2\/posts\/199\/revisions"}],"predecessor-version":[{"id":947,"href":"https:\/\/www.florianschwinn.de\/wordpress\/wp-json\/wp\/v2\/posts\/199\/revisions\/947"}],"wp:attachment":[{"href":"https:\/\/www.florianschwinn.de\/wordpress\/wp-json\/wp\/v2\/media?parent=199"}],"wp:term":[{"taxonomy":"category","embeddable":true,"href":"https:\/\/www.florianschwinn.de\/wordpress\/wp-json\/wp\/v2\/categories?post=199"},{"taxonomy":"post_tag","embeddable":true,"href":"https:\/\/www.florianschwinn.de\/wordpress\/wp-json\/wp\/v2\/tags?post=199"}],"curies":[{"name":"wp","href":"https:\/\/api.w.org\/{rel}","templated":true}]}}