{"id":232,"date":"2021-02-04T06:55:43","date_gmt":"2021-02-04T06:55:43","guid":{"rendered":"https:\/\/www.florianschwinn.de\/wordpress\/?p=232"},"modified":"2021-08-27T16:09:57","modified_gmt":"2021-08-27T15:09:57","slug":"rettet-den-boden","status":"publish","type":"post","link":"https:\/\/www.florianschwinn.de\/wordpress\/rettet-den-boden\/","title":{"rendered":"Rettet den Boden!"},"content":{"rendered":"\n<p><em>Der fruchtbare Boden ist unsere Lebensgrundlage. Alles, was auf der festen Erde lebt, existiert nur durch das Bodenleben, durch die Arbeit von Milliarden Klein- und Kleinstlebewesen, die den Humus aufbauen und den Pflanzen die N\u00e4hrstoffe bereitstellen. Das Leben im Boden aber ist gef\u00e4hrdet durch unsere Art der intensiven Landwirtschaft. Das stellt der erste Bodenreport des Bundesamtes f\u00fcr Naturschutz fest.<\/em><\/p>\n\n\n\n<p class=\"has-text-align-right\">[nebenbei: Gendersternchen zum Einf\u00fcgen an gew\u00fcnschter Stelle: *****]<\/p>\n\n\n\n<p>Die staatlichen Natursch\u00fctzer warnen davor, dass die Biodiversit\u00e4t nicht nur auf den Ackerfl\u00e4chen gef\u00e4hrdet ist. Auch in den B\u00f6den ist die Artenvielfalt bedroht. Fr\u00fcher f\u00f6rderten die B\u00e4uerinnen mit ihren vielen verschieden bebauten \u00c4ckern, Obstg\u00e4rten und Weiden die Artenvielfalt geradezu. Das hat sich ge\u00e4ndert. Die industrialisierte Landwirtschaft mit ihren maschinengerechten Ackerfl\u00e4chen in weitgehend ausger\u00e4umten Landschaften ist das Gegenteil dessen, was die Landwirtschaft einmal war. Sie bietet keinen Raum mehr f\u00fcr Biodiversit\u00e4t. Weder auf dem Acker, noch darunter. Das Bundesamt f\u00fcr Naturschutz, BfN, warnt aber nicht nur vor dem Sterben der B\u00f6den, es sagt auch, was dagegen zu tun ist.<\/p>\n\n\n\n<p><strong>Unbekanntes Bodenleben<\/strong><\/p>\n\n\n\n<figure class=\"wp-block-image size-large\"><img loading=\"lazy\" decoding=\"async\" width=\"1024\" height=\"681\" src=\"https:\/\/www.florianschwinn.de\/wordpress\/wp-content\/uploads\/2021\/08\/Trockenboden-KerstinRiemer-1024x681.jpg\" alt=\"\" class=\"wp-image-927\" srcset=\"https:\/\/www.florianschwinn.de\/wordpress\/wp-content\/uploads\/2021\/08\/Trockenboden-KerstinRiemer-1024x681.jpg 1024w, https:\/\/www.florianschwinn.de\/wordpress\/wp-content\/uploads\/2021\/08\/Trockenboden-KerstinRiemer-300x199.jpg 300w, https:\/\/www.florianschwinn.de\/wordpress\/wp-content\/uploads\/2021\/08\/Trockenboden-KerstinRiemer-768x510.jpg 768w, https:\/\/www.florianschwinn.de\/wordpress\/wp-content\/uploads\/2021\/08\/Trockenboden-KerstinRiemer-1536x1021.jpg 1536w, https:\/\/www.florianschwinn.de\/wordpress\/wp-content\/uploads\/2021\/08\/Trockenboden-KerstinRiemer.jpg 1920w\" sizes=\"auto, (max-width: 1024px) 100vw, 1024px\" \/><figcaption>Ausgelaugt und ausgetrocknet: Wenn die Ackerb\u00f6den nicht ganzj\u00e4hrig eine Pflanzendecke tragen, stirbt das Bodenleben und mit ihm die Fruchtbarkeit. | Foto: Kerstin Riemer \/ Pixabay <\/figcaption><\/figure>\n\n\n\n<p>Auch nach hundert Jahren zoologischer Bodenforschung k\u00f6nnen wir die Vielfalt des Bodenlebens nur erahnen. Wir kennen nur einen Bruchteil der Arten, die unser \u00dcberleben auf der Erde m\u00f6glich machen. \u201eWenn ich mich als Taxonom hervortun wollte\u201c, also als ein Bestimmer neuer Arten, erz\u00e4hlte mir einmal einer der Bodenzoologen vom Senckenberg-Institut in G\u00f6rlitz, brauchte ich nur jeden Morgen ein wenig Erde aus dem Profil meiner Fahrradreifen zu kratzen und unters Mikroskop legen.\u201c Wenn nicht in jeder Bodenprobe, so doch in jeder zweiten oder dritten, w\u00fcrde er ein noch nicht beschriebenes, uns unbekanntes Bodenlebewesen finden.<\/p>\n\n\n\n<p>Es ist wie mit dem Regenwald. Durch dessen gro\u00dffl\u00e4chige Vernichtung verlieren wir Arten, bevor wir sie \u00fcberhaupt kennengelernt haben. So ist es auch beim Schwund der Biodiversit\u00e4t in den Ackerb\u00f6den. \u201eSollten Arten in unseren B\u00f6den aussterben, die uns teilweise noch gar nicht bekannt sind\u201c, sagte die Pr\u00e4sidentin des Bundesamtes bei der Vorstellung des Bodenreports, \u201eso sind die Folgen f\u00fcr die \u00d6kosysteme, aber auch f\u00fcr die Landwirtschaft in ihrer Tragweite noch gar nicht abzusehen.\u201c<\/p>\n\n\n\n<p>Immerhin wissen wir ungef\u00e4hr, wie viele Bodenlebewesen im Boden leben. Wir wissen, dass der fruchtbare Boden das gr\u00f6\u00dfte Biotop der festen Erde ist. Das Senckenberg-Museum f\u00fcr Naturkunde in G\u00f6rlitz hat das in einer sehenswerten Wanderausstellung, die zurzeit niemand sehen kann, an einem Kubikmeter Boden festgemacht. Darin leben \u2013 um bei den kleinsten anzufangen \u2013 allein hundert Millionen Algen, hundert Milliarden Pilze, zehn Billionen Strahlenpilze und hundert Billionen Bakterien. Weil wir uns das schwer vorstellen k\u00f6nnen, springen wir zu den gr\u00f6\u00dften der Bodentiere, zur sogenannten Makrofauna des Bodens. Und das sind in dem einen Kubikmeter dann immer noch drei\u00dfig Hundertf\u00fc\u00dfer, drei\u00dfig Asseln, f\u00fcnfzig Spinnen, f\u00fcnfzig Schnecken, hundert Zweifl\u00fcglerlarven, ebenso viele K\u00e4fer und K\u00e4ferlarven und Doppelf\u00fc\u00dfer. Und dann von den bekanntesten Bodenlebewesen, den Regenw\u00fcrmern, noch einmal hundert bis vierhundert. In einer Handvoll fruchtbarer Erde sind mehr Lebewesen als Menschen auf der Erde.<\/p>\n\n\n\n<p>Und diese ganze unvorstellbare Vielfalt ist bedroht: durch die Verdichtung der B\u00f6den mit schweren Maschinen, durch Erosion, durch Monokultur, durch Pestizideinsatz. In normalen, \u201ekonventionell\u201c bearbeiteten Ackerb\u00f6den finden sich \u00fcblicherweise nur noch sechzig Regenw\u00fcrmer pro Quadratmeter, wie die bayerische Landesanstalt f\u00fcr Landwirtschaft in langj\u00e4hrigen Untersuchungsreihen festgestellt hat. Die Regenw\u00fcrmer sind f\u00fcr die Bodenforscher die Art, die anzeigt, wie es einem Boden geht. Nicht gut, wenn nur noch sechzig von ihnen unter einem Quadratmeter Oberfl\u00e4che gez\u00e4hlt werden. Wenn es noch weniger werden, wird es gef\u00e4hrlich f\u00fcr die Zukunft der B\u00f6den. Und es gibt in Deutschland bereits viele tausend Hektar Ackerfl\u00e4che, in denen noch weniger Regenw\u00fcrmer f\u00fcr dauerhafte Fruchtbarkeit sorgen. Was wir nicht bemerken, so lange wir die Pflanzen mit Kunstd\u00fcnger p\u00e4ppeln.<\/p>\n\n\n\n<p>Wenn den B\u00f6den die nat\u00fcrliche Fruchtbarkeit verloren geht, wenn das Bodenleben immer mehr fehlt, l\u00e4sst sich das eine Weile ausgleichen mit Mineralien und Chemie. Es geht aber auch die Resilienz der B\u00f6den verloren, ihre Widerstandsf\u00e4higkeit gegen Trockenheit, ihre Aufnahmef\u00e4higkeit von Starkregen, ihre Pufferkraft gegen Schadstoffe, ihre Filterung des Grundwassers. Und das bemerken wir dann schon, wenn gleichzeitig das Klima extremer wird. Dann zahlen wir den B\u00e4uerinnen Ausgleich f\u00fcr Trockensch\u00e4den und Ernteausf\u00e4lle, wie in den letzten Jahren. Geld, das es in vielen F\u00e4llen nicht gebraucht h\u00e4tte, wenn die Ackerb\u00f6den lebendiger w\u00e4ren.<\/p>\n\n\n\n<p>BfN-Chefin Beate Jessel jedenfalls sieht dringenden Handlungsbedarf und fordert, dass bei den Verhandlungen zur k\u00fcnftigen Gemeinsamen Agrarpolitik der Europ\u00e4ischen Union der Bodenschutz gef\u00f6rdert wird. Und da diese GAP-Verhandlungen schon weit fortgeschritten sind, soll es der nationale Umsetzungsplan f\u00fcr Deutschland richten.<\/p>\n\n\n\n<figure class=\"wp-block-image size-large\"><img loading=\"lazy\" decoding=\"async\" width=\"1024\" height=\"576\" src=\"https:\/\/www.florianschwinn.de\/wordpress\/wp-content\/uploads\/2021\/08\/Acker-nach-Ruebenernte-1.-Jahr-6-1024x576.jpg\" alt=\"\" class=\"wp-image-929\" srcset=\"https:\/\/www.florianschwinn.de\/wordpress\/wp-content\/uploads\/2021\/08\/Acker-nach-Ruebenernte-1.-Jahr-6-1024x576.jpg 1024w, https:\/\/www.florianschwinn.de\/wordpress\/wp-content\/uploads\/2021\/08\/Acker-nach-Ruebenernte-1.-Jahr-6-300x169.jpg 300w, https:\/\/www.florianschwinn.de\/wordpress\/wp-content\/uploads\/2021\/08\/Acker-nach-Ruebenernte-1.-Jahr-6-768x432.jpg 768w, https:\/\/www.florianschwinn.de\/wordpress\/wp-content\/uploads\/2021\/08\/Acker-nach-Ruebenernte-1.-Jahr-6-1536x864.jpg 1536w, https:\/\/www.florianschwinn.de\/wordpress\/wp-content\/uploads\/2021\/08\/Acker-nach-Ruebenernte-1.-Jahr-6.jpg 2000w\" sizes=\"auto, (max-width: 1024px) 100vw, 1024px\" \/><figcaption>Es war einmal ein R\u00fcbenacker in einem nassen Herbst: Zerst\u00f6rt vom \u00fcber f\u00fcnfzig Tonnen schweren Ernteger\u00e4t. In den verdichteten B\u00f6den unter Wasser haben die Bodenlebewesen kaum eine \u00dcberlebenschance. | Foto: Florian Schwinn <\/figcaption><\/figure>\n\n\n\n<figure class=\"wp-block-image size-large\"><img loading=\"lazy\" decoding=\"async\" width=\"1024\" height=\"576\" src=\"https:\/\/www.florianschwinn.de\/wordpress\/wp-content\/uploads\/2021\/08\/Acker-Verdichtungsschaeden-2.-Jahr-1-1024x576.jpg\" alt=\"\" class=\"wp-image-930\" srcset=\"https:\/\/www.florianschwinn.de\/wordpress\/wp-content\/uploads\/2021\/08\/Acker-Verdichtungsschaeden-2.-Jahr-1-1024x576.jpg 1024w, https:\/\/www.florianschwinn.de\/wordpress\/wp-content\/uploads\/2021\/08\/Acker-Verdichtungsschaeden-2.-Jahr-1-300x169.jpg 300w, https:\/\/www.florianschwinn.de\/wordpress\/wp-content\/uploads\/2021\/08\/Acker-Verdichtungsschaeden-2.-Jahr-1-768x432.jpg 768w, https:\/\/www.florianschwinn.de\/wordpress\/wp-content\/uploads\/2021\/08\/Acker-Verdichtungsschaeden-2.-Jahr-1-1536x864.jpg 1536w, https:\/\/www.florianschwinn.de\/wordpress\/wp-content\/uploads\/2021\/08\/Acker-Verdichtungsschaeden-2.-Jahr-1-2048x1152.jpg 2048w\" sizes=\"auto, (max-width: 1024px) 100vw, 1024px\" \/><figcaption>Der ehemalige R\u00fcbenacker im Jahr darauf: Auch der nun einges\u00e4te Weizen hat da keine \u00dcberlebenschance, wo der Boden verdichtet und das Bodenleben tot ist. Da hilft kein Pflug und kein Kunstd\u00fcnger. | Foto: Florian Schwinn <\/figcaption><\/figure>\n\n\n\n<p><strong>Paradigmenwechsel<\/strong><\/p>\n\n\n\n<p>Schon wieder fordert jemand einen Paradigmen- oder gar Systemwechsel. Die meisten \u201ekonventionell\u201c wirtschaftenden Landwirtinnen d\u00fcrften es nicht mehr h\u00f6ren k\u00f6nnen und wollen. Obwohl sie gerade bei der sehr verbindlichen und niemals lauten Beate Jessel vielleicht doch mal hinh\u00f6ren sollten. Denn sie hat mit ihrem Team im Bodenreport konkrete Vorschl\u00e4ge vorgelegt, die sich gerade auch an die \u201eKonventionellen\u201c richten. Es geht in eine \u00e4hnliche Richtung, wie unl\u00e4ngst auch die Gr\u00fcnen, die eine \u00d6kologisierung der \u201ekonventionellen\u201c Landwirtschaft f\u00f6rdern m\u00f6chten. Der Bodenreport des Bundesamtes f\u00fcr Naturschutz l\u00e4sst auch nicht unerw\u00e4hnt, dass der im \u00f6kologischen Landbau als Pflanzenschutzmittel erlaubte Kupfer das Bodenleben sch\u00e4digt, nachweislich bei Pilzen und Regenw\u00fcrmern. Ebenso die auch im \u00d6kolandbau erlaubten BT-Pr\u00e4parate, also Spritzmittel mit dem Bacillus thuringiensis.<\/p>\n\n\n\n<div class=\"wp-block-image\"><figure class=\"alignleft size-large is-resized\"><img loading=\"lazy\" decoding=\"async\" src=\"https:\/\/www.florianschwinn.de\/wordpress\/wp-content\/uploads\/2021\/08\/Beate_Jessel_kl_04_c_Ursula_Euler-1024x683.jpg\" alt=\"\" class=\"wp-image-931\" width=\"327\" height=\"217\" srcset=\"https:\/\/www.florianschwinn.de\/wordpress\/wp-content\/uploads\/2021\/08\/Beate_Jessel_kl_04_c_Ursula_Euler-1024x683.jpg 1024w, https:\/\/www.florianschwinn.de\/wordpress\/wp-content\/uploads\/2021\/08\/Beate_Jessel_kl_04_c_Ursula_Euler-300x200.jpg 300w, https:\/\/www.florianschwinn.de\/wordpress\/wp-content\/uploads\/2021\/08\/Beate_Jessel_kl_04_c_Ursula_Euler-768x512.jpg 768w, https:\/\/www.florianschwinn.de\/wordpress\/wp-content\/uploads\/2021\/08\/Beate_Jessel_kl_04_c_Ursula_Euler-1536x1025.jpg 1536w, https:\/\/www.florianschwinn.de\/wordpress\/wp-content\/uploads\/2021\/08\/Beate_Jessel_kl_04_c_Ursula_Euler.jpg 2000w\" sizes=\"auto, (max-width: 327px) 100vw, 327px\" \/><figcaption>Will mit dem ersten Bodenreport des Bundesamtes f\u00fcr Naturschutz einen gemeinsamen Weg zusammen mit der Landwirtschaft aufzeigen: BfN-Pr\u00e4sidentin Beate Jessel. | Foto: Ursula Euler \/ BfN <\/figcaption><\/figure><\/div>\n\n\n\n<p>Das Bundesamt f\u00fcr Naturschutz schl\u00e4gt vor, auf konservierende Bodenbearbeitungsformen umzusteigen und Landwirte daf\u00fcr zu bezahlen. Also weniger pfl\u00fcgen, den Boden niemals blo\u00df liegen lassen, sondern immer f\u00fcr Bedeckung und Durchwurzelung sorgen. Das bedeutet das Eins\u00e4hen von Zwischenfr\u00fcchten, eine vielf\u00e4ltige Fruchtfolge, Futter f\u00fcr das Bodenleben. Au\u00dferdem sollten die gro\u00dfen Schl\u00e4ge verschwinden, durch dauerhafte Hecken oder Baumreihen getrennt werden, um der Erosion vorzubeugen und das Bodenleben durch mehr Vielfalt \u00fcber der Erde zu f\u00f6rdern. Dann pl\u00e4diert das BfN daf\u00fcr, bei der D\u00fcngung wieder auf Festmist umzusteigen, weil der das Bodenleben mit viel mehr organischer Substanz versorge. Alles Ans\u00e4tze, die zum Beispiel aus der \u201eRegenerativen Landwirtschaft\u201c bekannt sind. Allerdings nicht vielen Landwirtinnen. Weshalb Beate Jessel auch fordert, dass \u201edas Wissen um den Wert des Bodenlebens in Zukunft noch umfassender in die Praxis vermittelt wird\u201c.<\/p>\n\n\n\n<p>Kleiner Hinweis an die Wissenschaft, die viel geforscht hat \u00fcber das Bodenleben in den letzten Jahrzehnten, aber wenig davon an die Menschen weitergegeben hat, die den Boden bearbeiten. Das k\u00f6nnte sich \u00e4ndern, wenn das Wissen um das billionenfache Leben im Boden auch in die landwirtschaftliche Aus- und Fortbildung einflie\u00dft und das funktioniert, was Beate Jessel mit ihrem Bodenreport will, n\u00e4mlich \u201eeinen gemeinsamen Weg von Naturschutz und Landwirtschaft aufzeigen\u201c. Eine angenehm ruhige, sachliche Stimme in einer l\u00e4ngst \u00fcberhitzten Debatte.<\/p>\n\n\n\n<hr class=\"wp-block-separator\"\/>\n\n\n\n<p>Der Bodenreport des Bundesamtes f\u00fcr Naturschutz: <a href=\"https:\/\/www.bfn.de\/fileadmin\/BfN\/landwirtschaft\/Dokumente\/210108_BodenBioDiv-Report.pdf\" target=\"_blank\" rel=\"noreferrer noopener\">https:\/\/www.bfn.de\/fileadmin\/BfN\/landwirtschaft\/Dokumente\/210108_BodenBioDiv-Report.pdf<\/a><\/p>\n","protected":false},"excerpt":{"rendered":"<p>Der fruchtbare Boden ist unsere Lebensgrundlage. Alles, was auf der festen Erde lebt, existiert nur durch das Bodenleben, durch die Arbeit von Milliarden Klein- und Kleinstlebewesen, die den Humus aufbauen und den Pflanzen die N\u00e4hrstoffe bereitstellen. Das Leben im Boden aber ist gef\u00e4hrdet durch unsere Art der intensiven Landwirtschaft. Das stellt der erste Bodenreport des &#8230; <a title=\"Rettet den Boden!\" class=\"read-more\" href=\"https:\/\/www.florianschwinn.de\/wordpress\/rettet-den-boden\/\" aria-label=\"Mehr zu Rettet den Boden!\">Weiterlesen &#8230;<\/a><\/p>\n","protected":false},"author":1,"featured_media":0,"comment_status":"closed","ping_status":"closed","sticky":false,"template":"","format":"standard","meta":{"footnotes":""},"categories":[8,35,6,3],"tags":[37,36],"class_list":["post-232","post","type-post","status-publish","format-standard","hentry","category-agrarpolitik","category-bodenfruchtbarkeit","category-europa","category-landwirtschaft","tag-bodenleben","tag-erosion","infinite-scroll-item"],"yoast_head":"<!-- This site is optimized with the Yoast SEO plugin v27.5 - https:\/\/yoast.com\/product\/yoast-seo-wordpress\/ -->\n<title>Rettet den Boden! - F\u00fchrerschein f\u00fcr Einkaufswagen<\/title>\n<meta name=\"robots\" content=\"index, follow, max-snippet:-1, max-image-preview:large, max-video-preview:-1\" \/>\n<link rel=\"canonical\" href=\"https:\/\/www.florianschwinn.de\/wordpress\/rettet-den-boden\/\" \/>\n<meta property=\"og:locale\" content=\"de_DE\" \/>\n<meta property=\"og:type\" content=\"article\" \/>\n<meta property=\"og:title\" content=\"Rettet den Boden! - F\u00fchrerschein f\u00fcr Einkaufswagen\" \/>\n<meta property=\"og:description\" content=\"Der fruchtbare Boden ist unsere Lebensgrundlage. Alles, was auf der festen Erde lebt, existiert nur durch das Bodenleben, durch die Arbeit von Milliarden Klein- und Kleinstlebewesen, die den Humus aufbauen und den Pflanzen die N\u00e4hrstoffe bereitstellen. Das Leben im Boden aber ist gef\u00e4hrdet durch unsere Art der intensiven Landwirtschaft. Das stellt der erste Bodenreport des ... Weiterlesen ...\" \/>\n<meta property=\"og:url\" content=\"https:\/\/www.florianschwinn.de\/wordpress\/rettet-den-boden\/\" \/>\n<meta property=\"og:site_name\" content=\"F\u00fchrerschein f\u00fcr Einkaufswagen\" \/>\n<meta property=\"article:published_time\" content=\"2021-02-04T06:55:43+00:00\" \/>\n<meta property=\"article:modified_time\" content=\"2021-08-27T15:09:57+00:00\" \/>\n<meta property=\"og:image\" content=\"https:\/\/www.florianschwinn.de\/wordpress\/wp-content\/uploads\/2021\/08\/Trockenboden-KerstinRiemer-1024x681.jpg\" \/>\n<meta name=\"author\" content=\"Florian Schwinn\" \/>\n<meta name=\"twitter:card\" content=\"summary_large_image\" \/>\n<meta name=\"twitter:creator\" content=\"@Journaille\" \/>\n<meta name=\"twitter:site\" content=\"@Journaille\" \/>\n<meta name=\"twitter:label1\" content=\"Verfasst von\" \/>\n\t<meta name=\"twitter:data1\" content=\"Florian Schwinn\" \/>\n\t<meta name=\"twitter:label2\" content=\"Gesch\u00e4tzte Lesezeit\" \/>\n\t<meta name=\"twitter:data2\" content=\"7\u00a0Minuten\" \/>\n<script type=\"application\/ld+json\" class=\"yoast-schema-graph\">{\"@context\":\"https:\\\/\\\/schema.org\",\"@graph\":[{\"@type\":\"Article\",\"@id\":\"https:\\\/\\\/www.florianschwinn.de\\\/wordpress\\\/rettet-den-boden\\\/#article\",\"isPartOf\":{\"@id\":\"https:\\\/\\\/www.florianschwinn.de\\\/wordpress\\\/rettet-den-boden\\\/\"},\"author\":{\"name\":\"Florian Schwinn\",\"@id\":\"https:\\\/\\\/www.florianschwinn.de\\\/wordpress\\\/#\\\/schema\\\/person\\\/79b5d182d53386a59defbc7c19766aae\"},\"headline\":\"Rettet den Boden!\",\"datePublished\":\"2021-02-04T06:55:43+00:00\",\"dateModified\":\"2021-08-27T15:09:57+00:00\",\"mainEntityOfPage\":{\"@id\":\"https:\\\/\\\/www.florianschwinn.de\\\/wordpress\\\/rettet-den-boden\\\/\"},\"wordCount\":1311,\"publisher\":{\"@id\":\"https:\\\/\\\/www.florianschwinn.de\\\/wordpress\\\/#organization\"},\"image\":{\"@id\":\"https:\\\/\\\/www.florianschwinn.de\\\/wordpress\\\/rettet-den-boden\\\/#primaryimage\"},\"thumbnailUrl\":\"https:\\\/\\\/www.florianschwinn.de\\\/wordpress\\\/wp-content\\\/uploads\\\/2021\\\/08\\\/Trockenboden-KerstinRiemer-1024x681.jpg\",\"keywords\":[\"Bodenleben\",\"Erosion\"],\"articleSection\":[\"Agrarpolitik\",\"Bodenfruchtbarkeit\",\"Europa\",\"Landwirtschaft\"],\"inLanguage\":\"de\"},{\"@type\":\"WebPage\",\"@id\":\"https:\\\/\\\/www.florianschwinn.de\\\/wordpress\\\/rettet-den-boden\\\/\",\"url\":\"https:\\\/\\\/www.florianschwinn.de\\\/wordpress\\\/rettet-den-boden\\\/\",\"name\":\"Rettet den Boden! - F\u00fchrerschein f\u00fcr Einkaufswagen\",\"isPartOf\":{\"@id\":\"https:\\\/\\\/www.florianschwinn.de\\\/wordpress\\\/#website\"},\"primaryImageOfPage\":{\"@id\":\"https:\\\/\\\/www.florianschwinn.de\\\/wordpress\\\/rettet-den-boden\\\/#primaryimage\"},\"image\":{\"@id\":\"https:\\\/\\\/www.florianschwinn.de\\\/wordpress\\\/rettet-den-boden\\\/#primaryimage\"},\"thumbnailUrl\":\"https:\\\/\\\/www.florianschwinn.de\\\/wordpress\\\/wp-content\\\/uploads\\\/2021\\\/08\\\/Trockenboden-KerstinRiemer-1024x681.jpg\",\"datePublished\":\"2021-02-04T06:55:43+00:00\",\"dateModified\":\"2021-08-27T15:09:57+00:00\",\"breadcrumb\":{\"@id\":\"https:\\\/\\\/www.florianschwinn.de\\\/wordpress\\\/rettet-den-boden\\\/#breadcrumb\"},\"inLanguage\":\"de\",\"potentialAction\":[{\"@type\":\"ReadAction\",\"target\":[\"https:\\\/\\\/www.florianschwinn.de\\\/wordpress\\\/rettet-den-boden\\\/\"]}]},{\"@type\":\"ImageObject\",\"inLanguage\":\"de\",\"@id\":\"https:\\\/\\\/www.florianschwinn.de\\\/wordpress\\\/rettet-den-boden\\\/#primaryimage\",\"url\":\"https:\\\/\\\/www.florianschwinn.de\\\/wordpress\\\/wp-content\\\/uploads\\\/2021\\\/08\\\/Trockenboden-KerstinRiemer.jpg\",\"contentUrl\":\"https:\\\/\\\/www.florianschwinn.de\\\/wordpress\\\/wp-content\\\/uploads\\\/2021\\\/08\\\/Trockenboden-KerstinRiemer.jpg\",\"width\":1920,\"height\":1276},{\"@type\":\"BreadcrumbList\",\"@id\":\"https:\\\/\\\/www.florianschwinn.de\\\/wordpress\\\/rettet-den-boden\\\/#breadcrumb\",\"itemListElement\":[{\"@type\":\"ListItem\",\"position\":1,\"name\":\"Startseite\",\"item\":\"https:\\\/\\\/www.florianschwinn.de\\\/wordpress\\\/\"},{\"@type\":\"ListItem\",\"position\":2,\"name\":\"Rettet den Boden!\"}]},{\"@type\":\"WebSite\",\"@id\":\"https:\\\/\\\/www.florianschwinn.de\\\/wordpress\\\/#website\",\"url\":\"https:\\\/\\\/www.florianschwinn.de\\\/wordpress\\\/\",\"name\":\"F\u00fchrerschein f\u00fcr Einkaufswagen\",\"description\":\"Hintergrundwissen f\u00fcr bewussten Konsum\",\"publisher\":{\"@id\":\"https:\\\/\\\/www.florianschwinn.de\\\/wordpress\\\/#organization\"},\"potentialAction\":[{\"@type\":\"SearchAction\",\"target\":{\"@type\":\"EntryPoint\",\"urlTemplate\":\"https:\\\/\\\/www.florianschwinn.de\\\/wordpress\\\/?s={search_term_string}\"},\"query-input\":{\"@type\":\"PropertyValueSpecification\",\"valueRequired\":true,\"valueName\":\"search_term_string\"}}],\"inLanguage\":\"de\"},{\"@type\":\"Organization\",\"@id\":\"https:\\\/\\\/www.florianschwinn.de\\\/wordpress\\\/#organization\",\"name\":\"F\u00fchrerschein f\u00fcr Einkaufswagen\",\"url\":\"https:\\\/\\\/www.florianschwinn.de\\\/wordpress\\\/\",\"logo\":{\"@type\":\"ImageObject\",\"inLanguage\":\"de\",\"@id\":\"https:\\\/\\\/www.florianschwinn.de\\\/wordpress\\\/#\\\/schema\\\/logo\\\/image\\\/\",\"url\":\"https:\\\/\\\/www.florianschwinn.de\\\/wordpress\\\/wp-content\\\/uploads\\\/2021\\\/08\\\/PodcastCover-scaled.jpg\",\"contentUrl\":\"https:\\\/\\\/www.florianschwinn.de\\\/wordpress\\\/wp-content\\\/uploads\\\/2021\\\/08\\\/PodcastCover-scaled.jpg\",\"width\":2560,\"height\":2560,\"caption\":\"F\u00fchrerschein f\u00fcr Einkaufswagen\"},\"image\":{\"@id\":\"https:\\\/\\\/www.florianschwinn.de\\\/wordpress\\\/#\\\/schema\\\/logo\\\/image\\\/\"},\"sameAs\":[\"https:\\\/\\\/x.com\\\/Journaille\"]},{\"@type\":\"Person\",\"@id\":\"https:\\\/\\\/www.florianschwinn.de\\\/wordpress\\\/#\\\/schema\\\/person\\\/79b5d182d53386a59defbc7c19766aae\",\"name\":\"Florian Schwinn\",\"image\":{\"@type\":\"ImageObject\",\"inLanguage\":\"de\",\"@id\":\"https:\\\/\\\/secure.gravatar.com\\\/avatar\\\/015c7bb04f4a6b87161c1c34a5fa9dee51f9903ee033683f3fce49e1db8df547?s=96&d=mm&r=g\",\"url\":\"https:\\\/\\\/secure.gravatar.com\\\/avatar\\\/015c7bb04f4a6b87161c1c34a5fa9dee51f9903ee033683f3fce49e1db8df547?s=96&d=mm&r=g\",\"contentUrl\":\"https:\\\/\\\/secure.gravatar.com\\\/avatar\\\/015c7bb04f4a6b87161c1c34a5fa9dee51f9903ee033683f3fce49e1db8df547?s=96&d=mm&r=g\",\"caption\":\"Florian Schwinn\"},\"sameAs\":[\"https:\\\/\\\/www.florianschwinn.de\\\/wordpress\"],\"url\":\"https:\\\/\\\/www.florianschwinn.de\\\/wordpress\\\/author\\\/florianschwinn_wpkolum\\\/\"}]}<\/script>\n<!-- \/ Yoast SEO plugin. -->","yoast_head_json":{"title":"Rettet den Boden! - F\u00fchrerschein f\u00fcr Einkaufswagen","robots":{"index":"index","follow":"follow","max-snippet":"max-snippet:-1","max-image-preview":"max-image-preview:large","max-video-preview":"max-video-preview:-1"},"canonical":"https:\/\/www.florianschwinn.de\/wordpress\/rettet-den-boden\/","og_locale":"de_DE","og_type":"article","og_title":"Rettet den Boden! - F\u00fchrerschein f\u00fcr Einkaufswagen","og_description":"Der fruchtbare Boden ist unsere Lebensgrundlage. Alles, was auf der festen Erde lebt, existiert nur durch das Bodenleben, durch die Arbeit von Milliarden Klein- und Kleinstlebewesen, die den Humus aufbauen und den Pflanzen die N\u00e4hrstoffe bereitstellen. Das Leben im Boden aber ist gef\u00e4hrdet durch unsere Art der intensiven Landwirtschaft. Das stellt der erste Bodenreport des ... Weiterlesen ...","og_url":"https:\/\/www.florianschwinn.de\/wordpress\/rettet-den-boden\/","og_site_name":"F\u00fchrerschein f\u00fcr Einkaufswagen","article_published_time":"2021-02-04T06:55:43+00:00","article_modified_time":"2021-08-27T15:09:57+00:00","og_image":[{"url":"https:\/\/www.florianschwinn.de\/wordpress\/wp-content\/uploads\/2021\/08\/Trockenboden-KerstinRiemer-1024x681.jpg","type":"","width":"","height":""}],"author":"Florian Schwinn","twitter_card":"summary_large_image","twitter_creator":"@Journaille","twitter_site":"@Journaille","twitter_misc":{"Verfasst von":"Florian Schwinn","Gesch\u00e4tzte Lesezeit":"7\u00a0Minuten"},"schema":{"@context":"https:\/\/schema.org","@graph":[{"@type":"Article","@id":"https:\/\/www.florianschwinn.de\/wordpress\/rettet-den-boden\/#article","isPartOf":{"@id":"https:\/\/www.florianschwinn.de\/wordpress\/rettet-den-boden\/"},"author":{"name":"Florian Schwinn","@id":"https:\/\/www.florianschwinn.de\/wordpress\/#\/schema\/person\/79b5d182d53386a59defbc7c19766aae"},"headline":"Rettet den Boden!","datePublished":"2021-02-04T06:55:43+00:00","dateModified":"2021-08-27T15:09:57+00:00","mainEntityOfPage":{"@id":"https:\/\/www.florianschwinn.de\/wordpress\/rettet-den-boden\/"},"wordCount":1311,"publisher":{"@id":"https:\/\/www.florianschwinn.de\/wordpress\/#organization"},"image":{"@id":"https:\/\/www.florianschwinn.de\/wordpress\/rettet-den-boden\/#primaryimage"},"thumbnailUrl":"https:\/\/www.florianschwinn.de\/wordpress\/wp-content\/uploads\/2021\/08\/Trockenboden-KerstinRiemer-1024x681.jpg","keywords":["Bodenleben","Erosion"],"articleSection":["Agrarpolitik","Bodenfruchtbarkeit","Europa","Landwirtschaft"],"inLanguage":"de"},{"@type":"WebPage","@id":"https:\/\/www.florianschwinn.de\/wordpress\/rettet-den-boden\/","url":"https:\/\/www.florianschwinn.de\/wordpress\/rettet-den-boden\/","name":"Rettet den Boden! - F\u00fchrerschein f\u00fcr Einkaufswagen","isPartOf":{"@id":"https:\/\/www.florianschwinn.de\/wordpress\/#website"},"primaryImageOfPage":{"@id":"https:\/\/www.florianschwinn.de\/wordpress\/rettet-den-boden\/#primaryimage"},"image":{"@id":"https:\/\/www.florianschwinn.de\/wordpress\/rettet-den-boden\/#primaryimage"},"thumbnailUrl":"https:\/\/www.florianschwinn.de\/wordpress\/wp-content\/uploads\/2021\/08\/Trockenboden-KerstinRiemer-1024x681.jpg","datePublished":"2021-02-04T06:55:43+00:00","dateModified":"2021-08-27T15:09:57+00:00","breadcrumb":{"@id":"https:\/\/www.florianschwinn.de\/wordpress\/rettet-den-boden\/#breadcrumb"},"inLanguage":"de","potentialAction":[{"@type":"ReadAction","target":["https:\/\/www.florianschwinn.de\/wordpress\/rettet-den-boden\/"]}]},{"@type":"ImageObject","inLanguage":"de","@id":"https:\/\/www.florianschwinn.de\/wordpress\/rettet-den-boden\/#primaryimage","url":"https:\/\/www.florianschwinn.de\/wordpress\/wp-content\/uploads\/2021\/08\/Trockenboden-KerstinRiemer.jpg","contentUrl":"https:\/\/www.florianschwinn.de\/wordpress\/wp-content\/uploads\/2021\/08\/Trockenboden-KerstinRiemer.jpg","width":1920,"height":1276},{"@type":"BreadcrumbList","@id":"https:\/\/www.florianschwinn.de\/wordpress\/rettet-den-boden\/#breadcrumb","itemListElement":[{"@type":"ListItem","position":1,"name":"Startseite","item":"https:\/\/www.florianschwinn.de\/wordpress\/"},{"@type":"ListItem","position":2,"name":"Rettet den Boden!"}]},{"@type":"WebSite","@id":"https:\/\/www.florianschwinn.de\/wordpress\/#website","url":"https:\/\/www.florianschwinn.de\/wordpress\/","name":"F\u00fchrerschein f\u00fcr Einkaufswagen","description":"Hintergrundwissen f\u00fcr bewussten Konsum","publisher":{"@id":"https:\/\/www.florianschwinn.de\/wordpress\/#organization"},"potentialAction":[{"@type":"SearchAction","target":{"@type":"EntryPoint","urlTemplate":"https:\/\/www.florianschwinn.de\/wordpress\/?s={search_term_string}"},"query-input":{"@type":"PropertyValueSpecification","valueRequired":true,"valueName":"search_term_string"}}],"inLanguage":"de"},{"@type":"Organization","@id":"https:\/\/www.florianschwinn.de\/wordpress\/#organization","name":"F\u00fchrerschein f\u00fcr Einkaufswagen","url":"https:\/\/www.florianschwinn.de\/wordpress\/","logo":{"@type":"ImageObject","inLanguage":"de","@id":"https:\/\/www.florianschwinn.de\/wordpress\/#\/schema\/logo\/image\/","url":"https:\/\/www.florianschwinn.de\/wordpress\/wp-content\/uploads\/2021\/08\/PodcastCover-scaled.jpg","contentUrl":"https:\/\/www.florianschwinn.de\/wordpress\/wp-content\/uploads\/2021\/08\/PodcastCover-scaled.jpg","width":2560,"height":2560,"caption":"F\u00fchrerschein f\u00fcr Einkaufswagen"},"image":{"@id":"https:\/\/www.florianschwinn.de\/wordpress\/#\/schema\/logo\/image\/"},"sameAs":["https:\/\/x.com\/Journaille"]},{"@type":"Person","@id":"https:\/\/www.florianschwinn.de\/wordpress\/#\/schema\/person\/79b5d182d53386a59defbc7c19766aae","name":"Florian Schwinn","image":{"@type":"ImageObject","inLanguage":"de","@id":"https:\/\/secure.gravatar.com\/avatar\/015c7bb04f4a6b87161c1c34a5fa9dee51f9903ee033683f3fce49e1db8df547?s=96&d=mm&r=g","url":"https:\/\/secure.gravatar.com\/avatar\/015c7bb04f4a6b87161c1c34a5fa9dee51f9903ee033683f3fce49e1db8df547?s=96&d=mm&r=g","contentUrl":"https:\/\/secure.gravatar.com\/avatar\/015c7bb04f4a6b87161c1c34a5fa9dee51f9903ee033683f3fce49e1db8df547?s=96&d=mm&r=g","caption":"Florian Schwinn"},"sameAs":["https:\/\/www.florianschwinn.de\/wordpress"],"url":"https:\/\/www.florianschwinn.de\/wordpress\/author\/florianschwinn_wpkolum\/"}]}},"_links":{"self":[{"href":"https:\/\/www.florianschwinn.de\/wordpress\/wp-json\/wp\/v2\/posts\/232","targetHints":{"allow":["GET"]}}],"collection":[{"href":"https:\/\/www.florianschwinn.de\/wordpress\/wp-json\/wp\/v2\/posts"}],"about":[{"href":"https:\/\/www.florianschwinn.de\/wordpress\/wp-json\/wp\/v2\/types\/post"}],"author":[{"embeddable":true,"href":"https:\/\/www.florianschwinn.de\/wordpress\/wp-json\/wp\/v2\/users\/1"}],"replies":[{"embeddable":true,"href":"https:\/\/www.florianschwinn.de\/wordpress\/wp-json\/wp\/v2\/comments?post=232"}],"version-history":[{"count":7,"href":"https:\/\/www.florianschwinn.de\/wordpress\/wp-json\/wp\/v2\/posts\/232\/revisions"}],"predecessor-version":[{"id":932,"href":"https:\/\/www.florianschwinn.de\/wordpress\/wp-json\/wp\/v2\/posts\/232\/revisions\/932"}],"wp:attachment":[{"href":"https:\/\/www.florianschwinn.de\/wordpress\/wp-json\/wp\/v2\/media?parent=232"}],"wp:term":[{"taxonomy":"category","embeddable":true,"href":"https:\/\/www.florianschwinn.de\/wordpress\/wp-json\/wp\/v2\/categories?post=232"},{"taxonomy":"post_tag","embeddable":true,"href":"https:\/\/www.florianschwinn.de\/wordpress\/wp-json\/wp\/v2\/tags?post=232"}],"curies":[{"name":"wp","href":"https:\/\/api.w.org\/{rel}","templated":true}]}}