{"id":248,"date":"2021-02-10T15:23:18","date_gmt":"2021-02-10T14:23:18","guid":{"rendered":"https:\/\/www.florianschwinn.de\/wordpress\/?p=248"},"modified":"2021-09-05T17:21:03","modified_gmt":"2021-09-05T15:21:03","slug":"maskenpflicht-gift-im-gesicht","status":"publish","type":"post","link":"https:\/\/www.florianschwinn.de\/wordpress\/maskenpflicht-gift-im-gesicht\/","title":{"rendered":"Maskenpflicht: Gift im Gesicht"},"content":{"rendered":"\n<p><em>Es war die Angst vor den Mutanten des SARS-CoV2-Virus\u2018, die die Ministerpr\u00e4sidentinnen Mitte Januar dazu brachte, die Maskenpflicht noch einmal zu versch\u00e4rfen. Seitdem m\u00fcssen wir in Gesch\u00e4ften und \u00f6ffentlichen Verkehrsmitteln FFP2- oder OP-Masken tragen. Und genau diese Masken sind f\u00fcr diese Anwendung nicht geeignet, denn \u201ewas wir da \u00fcber Mund und Nase ziehen, ist eigentlich Sonderm\u00fcll\u201c, sagt Prof. Michael Braungart, der wissenschaftliche Leiter des Hamburger Umweltinstituts.<\/em><\/p>\n\n\n\n<figure class=\"wp-block-image size-large\"><img loading=\"lazy\" decoding=\"async\" width=\"1024\" height=\"681\" src=\"https:\/\/www.florianschwinn.de\/wordpress\/wp-content\/uploads\/2021\/08\/OP-Maskenmuell-Mariya-1024x681.jpg\" alt=\"\" class=\"wp-image-919\" srcset=\"https:\/\/www.florianschwinn.de\/wordpress\/wp-content\/uploads\/2021\/08\/OP-Maskenmuell-Mariya-1024x681.jpg 1024w, https:\/\/www.florianschwinn.de\/wordpress\/wp-content\/uploads\/2021\/08\/OP-Maskenmuell-Mariya-300x200.jpg 300w, https:\/\/www.florianschwinn.de\/wordpress\/wp-content\/uploads\/2021\/08\/OP-Maskenmuell-Mariya-768x511.jpg 768w, https:\/\/www.florianschwinn.de\/wordpress\/wp-content\/uploads\/2021\/08\/OP-Maskenmuell-Mariya-1536x1022.jpg 1536w, https:\/\/www.florianschwinn.de\/wordpress\/wp-content\/uploads\/2021\/08\/OP-Maskenmuell-Mariya.jpg 1920w\" sizes=\"auto, (max-width: 1024px) 100vw, 1024px\" \/><figcaption>Sonderm\u00fcll: Op-Maske als Wegwerfartikel. Gesch\u00e4tzt 1,5 Milliarden Plastikmasken sind in der Pandemie bisher in den Meeren gelandet. Verweildauer dort: 300 Jahre. Verweildauer der Abriebpartikel in unseren K\u00f6rpern: ein Leben lang. | Foto: Mariya \/ Pixabay <\/figcaption><\/figure>\n\n\n\n<p class=\"has-text-align-right\">[nebenbei: Gendersternchen zum Einf\u00fcgen an gew\u00fcnschter Stelle: *****]<\/p>\n\n\n\n<p>Auch wenn das Vlies der meisten FFP2-Masken wie Papier erscheint, es handelt sich um einen thermoplastischen Kunststoff: Polypropylen. Dazu kommen Klebstoffe, Bindemittel, Antioxidantien, UV-Stabilisatoren in gro\u00dfen Mengen. Au\u00dferdem haben die Forscher vom Hamburger Umweltinstitut und der Leuphana-Universit\u00e4t in L\u00fcneburg, wo Michael Braungart Professor f\u00fcr Eco-Design ist, fl\u00fcchtige organische Kohlenwasserstoffe in den zertifizierten Masken gefunden. In manchen waren auch gro\u00dfe Mengen Formaldehyd oder Anilin, und dann zus\u00e4tzlich k\u00fcnstliche Duftstoffe, die den unangenehmen Chemiegeruch \u00fcberlagern sollen. Bei den blau eingef\u00e4rbten OP-Masken wird zus\u00e4tzlich meistens noch Cobalt als Farbstoff verwendet. Alles in allem tragen wir einen Chemiecocktail vor Nase und Mund, der nie auf seine Giftigkeit und niemals auf etwaige Langzeitwirkungen untersucht wurde. Und weil die Chemie alleine nicht auszureichen scheint, atmen wir auch noch Mikrofaserpartikel ein, die genau die richtige Gr\u00f6\u00dfe haben, um sich in unserer Lunge festzusetzen oder von dort aus weiter durch den K\u00f6rper zu wandern.<\/p>\n\n\n\n<h3 class=\"wp-block-heading\">Jeder Dreck der Welt<\/h3>\n\n\n\n<p>Die Politikerinnen, die uns diesen Chemiecocktail mit Mikroplastik als Masken verordnen, gehen von v\u00f6llig falschen Voraussetzungen aus, so Michael Braungart. Ebenso die Menschen, die die Masken tragen: \u201eWir denken, da das OP-Ausr\u00fcstung ist, m\u00fcsste das gesund sein. Aber da die meisten Menschen in China, wo die meisten Masken produziert werden, noch nie \u00fcber Umwelt nachgedacht haben, verwenden sie halt alles, was funktioniert. Da ist jeder Dreck der Welt drin.\u201c<\/p>\n\n\n\n<div class=\"wp-block-image\"><figure class=\"alignleft size-large is-resized\"><img loading=\"lazy\" decoding=\"async\" src=\"https:\/\/www.florianschwinn.de\/wordpress\/wp-content\/uploads\/2021\/08\/Michael_Braungart_0056_Web-1-641x1024.jpg\" alt=\"\" class=\"wp-image-922\" width=\"337\" height=\"538\" srcset=\"https:\/\/www.florianschwinn.de\/wordpress\/wp-content\/uploads\/2021\/08\/Michael_Braungart_0056_Web-1-641x1024.jpg 641w, https:\/\/www.florianschwinn.de\/wordpress\/wp-content\/uploads\/2021\/08\/Michael_Braungart_0056_Web-1-188x300.jpg 188w, https:\/\/www.florianschwinn.de\/wordpress\/wp-content\/uploads\/2021\/08\/Michael_Braungart_0056_Web-1-768x1226.jpg 768w, https:\/\/www.florianschwinn.de\/wordpress\/wp-content\/uploads\/2021\/08\/Michael_Braungart_0056_Web-1-962x1536.jpg 962w, https:\/\/www.florianschwinn.de\/wordpress\/wp-content\/uploads\/2021\/08\/Michael_Braungart_0056_Web-1-1283x2048.jpg 1283w, https:\/\/www.florianschwinn.de\/wordpress\/wp-content\/uploads\/2021\/08\/Michael_Braungart_0056_Web-1.jpg 1348w\" sizes=\"auto, (max-width: 337px) 100vw, 337px\" \/><figcaption>&#8222;Jeder Dreck der Welt&#8220; finde sich in den vorgeschriebenen FFP2- und OP-Masken, sagt Prof. Michael Braungart: &#8222;Wir tragen Sonderm\u00fcll im Gesicht.&#8220; | Foto: Raphael Gabauer <\/figcaption><\/figure><\/div>\n\n\n\n<p>Das grunds\u00e4tzliche Problem: Die Inhaltstoffe der Masken sind von der Zulassung nicht betroffen. Es wird nur die Funktionsf\u00e4higkeit getestet. Wenn die Maske eine ausreichende Filterwirkung zeigt, wird sie zertifiziert. Und dann bekommen haupts\u00e4chlich die \u00c4lteren auch noch einen Brief von der Bundesregierung mit zwei Gutscheinen, mit denen sie sich jeweils sechs Masken gegen Zuzahlung von zwei Euro in der Apotheke abholen k\u00f6nnen. Ausgerechnet die Apothekerinnen sorgen daf\u00fcr, dass die Menschen ihren Giftcocktail bekommen.<\/p>\n\n\n\n<p>Besonders problematisch sind die Mikroplastikfasern, die sich von dem Maskenvlies l\u00f6sen. Die Teams um Michael Braungart haben die Masken untersuchen lassen und genau die Fasern gefunden, die nach der Definition der Deutschen Gesetzlichen Unfallversicherung die gef\u00e4hrlichsten sind. Im \u201eStaub-Info\u201c der DGUV hei\u00dft es: \u201eAls Faserst\u00e4ube werden luftgetragene Partikel aus anorganischen oder organischen Stoffen bezeichnet, die eine l\u00e4ngliche Geometrie besitzen. Eine besondere Rolle spielen dabei Fasern, die eine L\u00e4nge von &gt; 5 \u00b5m, einen Durchmesser &lt; 3 \u00b5m haben und ein L\u00e4nge-Durchmesser-Verh\u00e4ltnis von 3:1 \u00fcberschreiten, da nur sie in die tieferen Atemwege vordringen k\u00f6nnen. Fasern dieser Geometrie werden auch als WHO-Faser bezeichnet.\u201c Auf der Netzseite der Unfallversicherung finden sich lange Anleitungen der Berufsgenossenschaften zum Arbeitsschutz beim Umgang mit solchen Fasern und Links zur Bundesanstalt f\u00fcr Arbeitsschutz und Arbeitsmedizin, die die verschiedenen TRGS auflisten, die technischen Regeln zum Umgang mit Gefahrstoffen. Und uns werden genau diese Gefahrstoffe ins Gesicht verordnet. Lungenschaden geht auch ohne Virus.<\/p>\n\n\n\n<h3 class=\"wp-block-heading\">Abhilfe?<\/h3>\n\n\n\n<p>Was tun? Der Chemiker und Verfahrenstechniker Michael Braungart empfiehlt, die FFP2- und OP-Masken vor dem Benutzen eine halbe Stunde lang in den Backofen zu legen und auf f\u00fcnfzig Grad zu erhitzen. Mehr h\u00e4lt das Plastik nicht aus, aber diese Temperatur reicht, damit sich ein Gro\u00dfteil des enthaltenen Schadstoffcocktails verfl\u00fcchtigt. Dann tr\u00e4gt man wenigstens den nicht mehr direkt vor der Nase.<\/p>\n\n\n\n<figure class=\"wp-block-image size-full\"><img loading=\"lazy\" decoding=\"async\" width=\"1000\" height=\"800\" src=\"https:\/\/www.florianschwinn.de\/wordpress\/wp-content\/uploads\/2021\/08\/PP-Schnitt_I.jpg\" alt=\"\" class=\"wp-image-923\" srcset=\"https:\/\/www.florianschwinn.de\/wordpress\/wp-content\/uploads\/2021\/08\/PP-Schnitt_I.jpg 1000w, https:\/\/www.florianschwinn.de\/wordpress\/wp-content\/uploads\/2021\/08\/PP-Schnitt_I-300x240.jpg 300w, https:\/\/www.florianschwinn.de\/wordpress\/wp-content\/uploads\/2021\/08\/PP-Schnitt_I-768x614.jpg 768w\" sizes=\"auto, (max-width: 1000px) 100vw, 1000px\" \/><figcaption>Das Polypropylen-Gewebe einer der vorgeschriebenen Masken unter dem Mikroskop. Vele Fasern sind nicht fest mit dem sehr feinen Vlies verbunden. <\/figcaption><\/figure>\n\n\n\n<p>Au\u00dferdem sollten wir die Masken nicht lange tragen. Versuche haben gezeigt, dass sich der Abrieb der Mikroplastikfasern aus dem Maskenvlies mit der Zeit deutlich erh\u00f6ht. Auch die mechanische Beanspruchung beim Auf- und Absetzen f\u00fchrt zu einem erh\u00f6hten Faserabrieb. Medizinerinnen oder Pflegerinnen, die die Masken nur tragen, wenn sie in den OP gehen oder in die Intensivstation, und die die Masken beim Herauskommen entsorgen, sind viel weniger Mikrofasern ausgesetzt als Menschen, die die Masken bei l\u00e4ngeren Fahrten oder am Arbeitsplatz \u00fcber Stunden aufhaben m\u00fcssen. In jedem Fall sind die Masken nicht f\u00fcr mehrfache Nutzung geeignet. Was der Bundesregierung nicht klar zu sein scheint, da sie den Rentnerinnen nur sechs verg\u00fcnstigte Masken f\u00fcr zwei volle Monate zur Verf\u00fcgung stellt.<\/p>\n\n\n\n<p>Wir k\u00f6nnten nat\u00fcrlich auch noch eine der in Gesch\u00e4ften und \u00f6ffentlichen Verkehrsmitteln nicht mehr erlaubten Community-Masken unter die verordneten Chemiecocktails ziehen und dabei hoffen, dass sie als Filter gegen Mikroplastik wirkt. Dann hat man allerdings zwei Masken auf der Nase, und das macht das Atmen nicht leichter, wie man vermuten darf und der Selbstversuch zeigt. Aber mit einer besonders d\u00fcnnen Stoffmaske k\u00f6nnte es funktionieren.<\/p>\n\n\n\n<figure class=\"wp-block-image size-full\"><img loading=\"lazy\" decoding=\"async\" width=\"1000\" height=\"800\" src=\"https:\/\/www.florianschwinn.de\/wordpress\/wp-content\/uploads\/2021\/08\/PP-Streu_I.jpg\" alt=\"\" class=\"wp-image-924\" srcset=\"https:\/\/www.florianschwinn.de\/wordpress\/wp-content\/uploads\/2021\/08\/PP-Streu_I.jpg 1000w, https:\/\/www.florianschwinn.de\/wordpress\/wp-content\/uploads\/2021\/08\/PP-Streu_I-300x240.jpg 300w, https:\/\/www.florianschwinn.de\/wordpress\/wp-content\/uploads\/2021\/08\/PP-Streu_I-768x614.jpg 768w\" sizes=\"auto, (max-width: 1000px) 100vw, 1000px\" \/><figcaption>Mikroplastik: Eine der frei aufliegenden Fasern in &#8222;lungeng\u00e4ngiger&#8220; Gr\u00f6\u00dfe aus dem Kunsttoffvlies einer OP-Maske. Diese Fasern, vor denen die WHO ausdr\u00fccklich warnt, haben genau die &#8222;richtige&#8220; Gr\u00f6\u00dfe, um in die tieferen Atemwege einzudringen. <\/figcaption><\/figure>\n\n\n\n<h3 class=\"wp-block-heading\">Abhilfe!<\/h3>\n\n\n\n<p>\u201eDer einzige Know-how-Vorsprung, den wir Europ\u00e4er haben, ist Umwelt- und Gesundheit\u201c, sagt Michael Braungart: \u201eUnd den sollten wir nutzen!\u201c Also hat der Professor im Mai zusammen mit Studentinnen der Leuphana Universit\u00e4t eine gemeinn\u00fctzige GmbH gegr\u00fcndet, die das Wissen \u00fcber Stoffkreisl\u00e4ufe und Materialien, das in den Studieng\u00e4ngen angesammelt und in Facharbeiten aufgearbeitet wird, in praktische Anwendungen umsetzen will. Das Start-up hei\u00dft \u201eHoly Shit.\u201c und ist zun\u00e4chst eine Beratungsgesellschaft f\u00fcr Firmen, die ihre Produkte auf den \u201eCradle to Cradle\u201c Standard umstellen wollen. Das Cradle-to-Cradle-Prinzip organisiert Stoffstr\u00f6me so, dass kein Abfall entsteht, mithin auch kein Schadstoff.<\/p>\n\n\n\n<p>Mitten in der Pandemie gegr\u00fcndet, hat das Start-up Holy Shit als erstes eigenes Produkt nun au\u00dferdem eine schadstofffreie Gesichtsmaske entwickelt, die vollst\u00e4ndig biologisch abbaubar ist. In Zusammenarbeit mit der Schweizer Climatex AG wird diese Viva Mask inzwischen produziert und von der bayerischen Viotrade GmbH vertrieben. Sie besteht \u2013 nein, nicht aus Baumwolle, sondern aus FSC-zertifiziertem Zellstoff. Weil der, anders als Baumwolle, sich auch bei l\u00e4ngerem Tragen nicht als Anzuchtort f\u00fcr Bakterien eignet. Lange haben die jungen Entwickler nach einem geeigneten Stoff gesucht und der Maske dann eine doppellagige Form gegeben, in die sich nun noch ein Vlies einschieben l\u00e4sst, das den FFP2-Standard erf\u00fcllt. Das gibt es noch nicht biologisch abbaubar, aber man kann es vor dem Waschen der Maske herausnehmen und zum Tragen wieder einsetzen. Apropos waschen: f\u00fcnfzig Mal soll die Maske das aushalten. Danach k\u00f6nne man sie in den Kompost geben, oder direkt in den Blumentopf, sagen die Entwickler.<\/p>\n\n\n\n<figure class=\"wp-block-image size-large\"><img loading=\"lazy\" decoding=\"async\" width=\"1024\" height=\"629\" src=\"https:\/\/www.florianschwinn.de\/wordpress\/wp-content\/uploads\/2021\/08\/LeaVictorHolyShit-1024x629.jpg\" alt=\"\" class=\"wp-image-925\" srcset=\"https:\/\/www.florianschwinn.de\/wordpress\/wp-content\/uploads\/2021\/08\/LeaVictorHolyShit-1024x629.jpg 1024w, https:\/\/www.florianschwinn.de\/wordpress\/wp-content\/uploads\/2021\/08\/LeaVictorHolyShit-300x184.jpg 300w, https:\/\/www.florianschwinn.de\/wordpress\/wp-content\/uploads\/2021\/08\/LeaVictorHolyShit-768x472.jpg 768w, https:\/\/www.florianschwinn.de\/wordpress\/wp-content\/uploads\/2021\/08\/LeaVictorHolyShit-1536x944.jpg 1536w, https:\/\/www.florianschwinn.de\/wordpress\/wp-content\/uploads\/2021\/08\/LeaVictorHolyShit.jpg 2000w\" sizes=\"auto, (max-width: 1024px) 100vw, 1024px\" \/><figcaption>Die beiden studentischen Gr\u00fcnder des Start-ups &#8222;Holy Shit.&#8220;, das die erste vollst\u00e4ndig biologisch abbaubare und schadstofffreie Gesichtsmaske entwickelt hat: Lea Lensky und Victor B\u00fcchner. | Foto: privat <\/figcaption><\/figure>\n\n\n\n<p>Derzeit arbeiten die Hersteller daran, die Masken-Kombination aus Zellstoff und FFP2-Vlies zertifizieren zu lassen. Wenn das geschafft ist, gibt es eine Alternative zu den Schadstoffcocktails der Mikroplastik-Masken, die auch einer polizeilichen Kontrolle standh\u00e4lt. Inzwischen w\u00e4re es doch eine sch\u00f6ne Aufgabe f\u00fcr das Bundesgesundheitsministerium, mal die von Bund und L\u00e4ndern verordneten Masken auf ihre Gesundheitssch\u00e4dlichkeit zu \u00fcberpr\u00fcfen. Vielleicht m\u00f6chten ja auch Jens Spahn und Lothar Wieler wissen, was sie da im Gesicht haben. Und mit welchen Langzeitsch\u00e4den durch die Maskenverordnung sich unser Gesundheitswesen dann in ein paar Jahren auseinandersetzen darf.<\/p>\n\n\n\n<hr class=\"wp-block-separator\"\/>\n\n\n\n<p>Hamburger Umwelt-Institut: Das Hamburger Umweltinstitut: <a href=\"http:\/\/hamburger-umweltinst.org\/de\" target=\"_blank\" rel=\"noreferrer noopener\">http:\/\/hamburger-umweltinst.org\/de<\/a><\/p>\n\n\n\n<p>WHO-Fasern auf der DGUV-Website Staub-Info: <a rel=\"noopener\" href=\"https:\/\/www.dguv.de\/staub-info\/was-ist-staub\/fasern\/index.jsp\" target=\"_blank\">https:\/\/www.dguv.de\/staub-info\/was-ist-staub\/fasern\/index.jsp<\/a><\/p>\n\n\n\n<p>Cradle to Cradle: <a href=\"https:\/\/c2c.ngo\/\" target=\"_blank\" rel=\"noopener\">https:\/\/c2c.ngo\/<\/a><\/p>\n\n\n\n<p>Holy Shit.: <a href=\"http:\/\/hs-c2c.info\/index.html\" target=\"_blank\" rel=\"noopener\">http:\/\/hs-c2c.info\/index.html<\/a><\/p>\n\n\n\n<p>Viva Mask: <a href=\"https:\/\/vivamask.de\/\" target=\"_blank\" rel=\"noopener\">https:\/\/vivamask.de\/<\/a><\/p>\n","protected":false},"excerpt":{"rendered":"<p>Es war die Angst vor den Mutanten des SARS-CoV2-Virus\u2018, die die Ministerpr\u00e4sidentinnen Mitte Januar dazu brachte, die Maskenpflicht noch einmal zu versch\u00e4rfen. Seitdem m\u00fcssen wir in Gesch\u00e4ften und \u00f6ffentlichen Verkehrsmitteln FFP2- oder OP-Masken tragen. Und genau diese Masken sind f\u00fcr diese Anwendung nicht geeignet, denn \u201ewas wir da \u00fcber Mund und Nase ziehen, ist eigentlich &#8230; <a title=\"Maskenpflicht: Gift im Gesicht\" class=\"read-more\" href=\"https:\/\/www.florianschwinn.de\/wordpress\/maskenpflicht-gift-im-gesicht\/\" aria-label=\"Mehr zu Maskenpflicht: Gift im Gesicht\">Weiterlesen &#8230;<\/a><\/p>\n","protected":false},"author":1,"featured_media":0,"comment_status":"closed","ping_status":"closed","sticky":false,"template":"","format":"standard","meta":{"footnotes":""},"categories":[16,38,39],"tags":[82,40],"class_list":["post-248","post","type-post","status-publish","format-standard","hentry","category-corona","category-gesundheit","category-schadstoffe","tag-corona","tag-maskenpflicht","infinite-scroll-item"],"yoast_head":"<!-- This site is optimized with the Yoast SEO plugin v27.5 - https:\/\/yoast.com\/product\/yoast-seo-wordpress\/ -->\n<title>Maskenpflicht: Gift im Gesicht - F\u00fchrerschein f\u00fcr Einkaufswagen<\/title>\n<meta name=\"robots\" content=\"index, follow, max-snippet:-1, max-image-preview:large, max-video-preview:-1\" \/>\n<link rel=\"canonical\" href=\"https:\/\/www.florianschwinn.de\/wordpress\/maskenpflicht-gift-im-gesicht\/\" \/>\n<meta property=\"og:locale\" content=\"de_DE\" \/>\n<meta property=\"og:type\" content=\"article\" \/>\n<meta property=\"og:title\" content=\"Maskenpflicht: Gift im Gesicht - F\u00fchrerschein f\u00fcr Einkaufswagen\" \/>\n<meta property=\"og:description\" content=\"Es war die Angst vor den Mutanten des SARS-CoV2-Virus\u2018, die die Ministerpr\u00e4sidentinnen Mitte Januar dazu brachte, die Maskenpflicht noch einmal zu versch\u00e4rfen. Seitdem m\u00fcssen wir in Gesch\u00e4ften und \u00f6ffentlichen Verkehrsmitteln FFP2- oder OP-Masken tragen. Und genau diese Masken sind f\u00fcr diese Anwendung nicht geeignet, denn \u201ewas wir da \u00fcber Mund und Nase ziehen, ist eigentlich ... Weiterlesen ...\" \/>\n<meta property=\"og:url\" content=\"https:\/\/www.florianschwinn.de\/wordpress\/maskenpflicht-gift-im-gesicht\/\" \/>\n<meta property=\"og:site_name\" content=\"F\u00fchrerschein f\u00fcr Einkaufswagen\" \/>\n<meta property=\"article:published_time\" content=\"2021-02-10T14:23:18+00:00\" \/>\n<meta property=\"article:modified_time\" content=\"2021-09-05T15:21:03+00:00\" \/>\n<meta property=\"og:image\" content=\"https:\/\/www.florianschwinn.de\/wordpress\/wp-content\/uploads\/2021\/08\/OP-Maskenmuell-Mariya-1024x681.jpg\" \/>\n<meta name=\"author\" content=\"Florian Schwinn\" \/>\n<meta name=\"twitter:card\" content=\"summary_large_image\" \/>\n<meta name=\"twitter:creator\" content=\"@Journaille\" \/>\n<meta name=\"twitter:site\" content=\"@Journaille\" \/>\n<meta name=\"twitter:label1\" content=\"Verfasst von\" \/>\n\t<meta name=\"twitter:data1\" content=\"Florian Schwinn\" \/>\n\t<meta name=\"twitter:label2\" content=\"Gesch\u00e4tzte Lesezeit\" \/>\n\t<meta name=\"twitter:data2\" content=\"7\u00a0Minuten\" \/>\n<script type=\"application\/ld+json\" class=\"yoast-schema-graph\">{\"@context\":\"https:\\\/\\\/schema.org\",\"@graph\":[{\"@type\":\"Article\",\"@id\":\"https:\\\/\\\/www.florianschwinn.de\\\/wordpress\\\/maskenpflicht-gift-im-gesicht\\\/#article\",\"isPartOf\":{\"@id\":\"https:\\\/\\\/www.florianschwinn.de\\\/wordpress\\\/maskenpflicht-gift-im-gesicht\\\/\"},\"author\":{\"name\":\"Florian Schwinn\",\"@id\":\"https:\\\/\\\/www.florianschwinn.de\\\/wordpress\\\/#\\\/schema\\\/person\\\/79b5d182d53386a59defbc7c19766aae\"},\"headline\":\"Maskenpflicht: Gift im Gesicht\",\"datePublished\":\"2021-02-10T14:23:18+00:00\",\"dateModified\":\"2021-09-05T15:21:03+00:00\",\"mainEntityOfPage\":{\"@id\":\"https:\\\/\\\/www.florianschwinn.de\\\/wordpress\\\/maskenpflicht-gift-im-gesicht\\\/\"},\"wordCount\":1375,\"publisher\":{\"@id\":\"https:\\\/\\\/www.florianschwinn.de\\\/wordpress\\\/#organization\"},\"image\":{\"@id\":\"https:\\\/\\\/www.florianschwinn.de\\\/wordpress\\\/maskenpflicht-gift-im-gesicht\\\/#primaryimage\"},\"thumbnailUrl\":\"https:\\\/\\\/www.florianschwinn.de\\\/wordpress\\\/wp-content\\\/uploads\\\/2021\\\/08\\\/OP-Maskenmuell-Mariya-1024x681.jpg\",\"keywords\":[\"Corona\",\"Maskenpflicht\"],\"articleSection\":[\"Corona\",\"Gesundheit\",\"Schadstoffe\"],\"inLanguage\":\"de\"},{\"@type\":\"WebPage\",\"@id\":\"https:\\\/\\\/www.florianschwinn.de\\\/wordpress\\\/maskenpflicht-gift-im-gesicht\\\/\",\"url\":\"https:\\\/\\\/www.florianschwinn.de\\\/wordpress\\\/maskenpflicht-gift-im-gesicht\\\/\",\"name\":\"Maskenpflicht: Gift im Gesicht - F\u00fchrerschein f\u00fcr Einkaufswagen\",\"isPartOf\":{\"@id\":\"https:\\\/\\\/www.florianschwinn.de\\\/wordpress\\\/#website\"},\"primaryImageOfPage\":{\"@id\":\"https:\\\/\\\/www.florianschwinn.de\\\/wordpress\\\/maskenpflicht-gift-im-gesicht\\\/#primaryimage\"},\"image\":{\"@id\":\"https:\\\/\\\/www.florianschwinn.de\\\/wordpress\\\/maskenpflicht-gift-im-gesicht\\\/#primaryimage\"},\"thumbnailUrl\":\"https:\\\/\\\/www.florianschwinn.de\\\/wordpress\\\/wp-content\\\/uploads\\\/2021\\\/08\\\/OP-Maskenmuell-Mariya-1024x681.jpg\",\"datePublished\":\"2021-02-10T14:23:18+00:00\",\"dateModified\":\"2021-09-05T15:21:03+00:00\",\"breadcrumb\":{\"@id\":\"https:\\\/\\\/www.florianschwinn.de\\\/wordpress\\\/maskenpflicht-gift-im-gesicht\\\/#breadcrumb\"},\"inLanguage\":\"de\",\"potentialAction\":[{\"@type\":\"ReadAction\",\"target\":[\"https:\\\/\\\/www.florianschwinn.de\\\/wordpress\\\/maskenpflicht-gift-im-gesicht\\\/\"]}]},{\"@type\":\"ImageObject\",\"inLanguage\":\"de\",\"@id\":\"https:\\\/\\\/www.florianschwinn.de\\\/wordpress\\\/maskenpflicht-gift-im-gesicht\\\/#primaryimage\",\"url\":\"https:\\\/\\\/www.florianschwinn.de\\\/wordpress\\\/wp-content\\\/uploads\\\/2021\\\/08\\\/OP-Maskenmuell-Mariya.jpg\",\"contentUrl\":\"https:\\\/\\\/www.florianschwinn.de\\\/wordpress\\\/wp-content\\\/uploads\\\/2021\\\/08\\\/OP-Maskenmuell-Mariya.jpg\",\"width\":1920,\"height\":1277},{\"@type\":\"BreadcrumbList\",\"@id\":\"https:\\\/\\\/www.florianschwinn.de\\\/wordpress\\\/maskenpflicht-gift-im-gesicht\\\/#breadcrumb\",\"itemListElement\":[{\"@type\":\"ListItem\",\"position\":1,\"name\":\"Startseite\",\"item\":\"https:\\\/\\\/www.florianschwinn.de\\\/wordpress\\\/\"},{\"@type\":\"ListItem\",\"position\":2,\"name\":\"Maskenpflicht: Gift im Gesicht\"}]},{\"@type\":\"WebSite\",\"@id\":\"https:\\\/\\\/www.florianschwinn.de\\\/wordpress\\\/#website\",\"url\":\"https:\\\/\\\/www.florianschwinn.de\\\/wordpress\\\/\",\"name\":\"F\u00fchrerschein f\u00fcr Einkaufswagen\",\"description\":\"Hintergrundwissen f\u00fcr bewussten Konsum\",\"publisher\":{\"@id\":\"https:\\\/\\\/www.florianschwinn.de\\\/wordpress\\\/#organization\"},\"potentialAction\":[{\"@type\":\"SearchAction\",\"target\":{\"@type\":\"EntryPoint\",\"urlTemplate\":\"https:\\\/\\\/www.florianschwinn.de\\\/wordpress\\\/?s={search_term_string}\"},\"query-input\":{\"@type\":\"PropertyValueSpecification\",\"valueRequired\":true,\"valueName\":\"search_term_string\"}}],\"inLanguage\":\"de\"},{\"@type\":\"Organization\",\"@id\":\"https:\\\/\\\/www.florianschwinn.de\\\/wordpress\\\/#organization\",\"name\":\"F\u00fchrerschein f\u00fcr Einkaufswagen\",\"url\":\"https:\\\/\\\/www.florianschwinn.de\\\/wordpress\\\/\",\"logo\":{\"@type\":\"ImageObject\",\"inLanguage\":\"de\",\"@id\":\"https:\\\/\\\/www.florianschwinn.de\\\/wordpress\\\/#\\\/schema\\\/logo\\\/image\\\/\",\"url\":\"https:\\\/\\\/www.florianschwinn.de\\\/wordpress\\\/wp-content\\\/uploads\\\/2021\\\/08\\\/PodcastCover-scaled.jpg\",\"contentUrl\":\"https:\\\/\\\/www.florianschwinn.de\\\/wordpress\\\/wp-content\\\/uploads\\\/2021\\\/08\\\/PodcastCover-scaled.jpg\",\"width\":2560,\"height\":2560,\"caption\":\"F\u00fchrerschein f\u00fcr Einkaufswagen\"},\"image\":{\"@id\":\"https:\\\/\\\/www.florianschwinn.de\\\/wordpress\\\/#\\\/schema\\\/logo\\\/image\\\/\"},\"sameAs\":[\"https:\\\/\\\/x.com\\\/Journaille\"]},{\"@type\":\"Person\",\"@id\":\"https:\\\/\\\/www.florianschwinn.de\\\/wordpress\\\/#\\\/schema\\\/person\\\/79b5d182d53386a59defbc7c19766aae\",\"name\":\"Florian Schwinn\",\"image\":{\"@type\":\"ImageObject\",\"inLanguage\":\"de\",\"@id\":\"https:\\\/\\\/secure.gravatar.com\\\/avatar\\\/015c7bb04f4a6b87161c1c34a5fa9dee51f9903ee033683f3fce49e1db8df547?s=96&d=mm&r=g\",\"url\":\"https:\\\/\\\/secure.gravatar.com\\\/avatar\\\/015c7bb04f4a6b87161c1c34a5fa9dee51f9903ee033683f3fce49e1db8df547?s=96&d=mm&r=g\",\"contentUrl\":\"https:\\\/\\\/secure.gravatar.com\\\/avatar\\\/015c7bb04f4a6b87161c1c34a5fa9dee51f9903ee033683f3fce49e1db8df547?s=96&d=mm&r=g\",\"caption\":\"Florian Schwinn\"},\"sameAs\":[\"https:\\\/\\\/www.florianschwinn.de\\\/wordpress\"],\"url\":\"https:\\\/\\\/www.florianschwinn.de\\\/wordpress\\\/author\\\/florianschwinn_wpkolum\\\/\"}]}<\/script>\n<!-- \/ Yoast SEO plugin. -->","yoast_head_json":{"title":"Maskenpflicht: Gift im Gesicht - F\u00fchrerschein f\u00fcr Einkaufswagen","robots":{"index":"index","follow":"follow","max-snippet":"max-snippet:-1","max-image-preview":"max-image-preview:large","max-video-preview":"max-video-preview:-1"},"canonical":"https:\/\/www.florianschwinn.de\/wordpress\/maskenpflicht-gift-im-gesicht\/","og_locale":"de_DE","og_type":"article","og_title":"Maskenpflicht: Gift im Gesicht - F\u00fchrerschein f\u00fcr Einkaufswagen","og_description":"Es war die Angst vor den Mutanten des SARS-CoV2-Virus\u2018, die die Ministerpr\u00e4sidentinnen Mitte Januar dazu brachte, die Maskenpflicht noch einmal zu versch\u00e4rfen. Seitdem m\u00fcssen wir in Gesch\u00e4ften und \u00f6ffentlichen Verkehrsmitteln FFP2- oder OP-Masken tragen. Und genau diese Masken sind f\u00fcr diese Anwendung nicht geeignet, denn \u201ewas wir da \u00fcber Mund und Nase ziehen, ist eigentlich ... Weiterlesen ...","og_url":"https:\/\/www.florianschwinn.de\/wordpress\/maskenpflicht-gift-im-gesicht\/","og_site_name":"F\u00fchrerschein f\u00fcr Einkaufswagen","article_published_time":"2021-02-10T14:23:18+00:00","article_modified_time":"2021-09-05T15:21:03+00:00","og_image":[{"url":"https:\/\/www.florianschwinn.de\/wordpress\/wp-content\/uploads\/2021\/08\/OP-Maskenmuell-Mariya-1024x681.jpg","type":"","width":"","height":""}],"author":"Florian Schwinn","twitter_card":"summary_large_image","twitter_creator":"@Journaille","twitter_site":"@Journaille","twitter_misc":{"Verfasst von":"Florian Schwinn","Gesch\u00e4tzte Lesezeit":"7\u00a0Minuten"},"schema":{"@context":"https:\/\/schema.org","@graph":[{"@type":"Article","@id":"https:\/\/www.florianschwinn.de\/wordpress\/maskenpflicht-gift-im-gesicht\/#article","isPartOf":{"@id":"https:\/\/www.florianschwinn.de\/wordpress\/maskenpflicht-gift-im-gesicht\/"},"author":{"name":"Florian Schwinn","@id":"https:\/\/www.florianschwinn.de\/wordpress\/#\/schema\/person\/79b5d182d53386a59defbc7c19766aae"},"headline":"Maskenpflicht: Gift im Gesicht","datePublished":"2021-02-10T14:23:18+00:00","dateModified":"2021-09-05T15:21:03+00:00","mainEntityOfPage":{"@id":"https:\/\/www.florianschwinn.de\/wordpress\/maskenpflicht-gift-im-gesicht\/"},"wordCount":1375,"publisher":{"@id":"https:\/\/www.florianschwinn.de\/wordpress\/#organization"},"image":{"@id":"https:\/\/www.florianschwinn.de\/wordpress\/maskenpflicht-gift-im-gesicht\/#primaryimage"},"thumbnailUrl":"https:\/\/www.florianschwinn.de\/wordpress\/wp-content\/uploads\/2021\/08\/OP-Maskenmuell-Mariya-1024x681.jpg","keywords":["Corona","Maskenpflicht"],"articleSection":["Corona","Gesundheit","Schadstoffe"],"inLanguage":"de"},{"@type":"WebPage","@id":"https:\/\/www.florianschwinn.de\/wordpress\/maskenpflicht-gift-im-gesicht\/","url":"https:\/\/www.florianschwinn.de\/wordpress\/maskenpflicht-gift-im-gesicht\/","name":"Maskenpflicht: Gift im Gesicht - F\u00fchrerschein f\u00fcr Einkaufswagen","isPartOf":{"@id":"https:\/\/www.florianschwinn.de\/wordpress\/#website"},"primaryImageOfPage":{"@id":"https:\/\/www.florianschwinn.de\/wordpress\/maskenpflicht-gift-im-gesicht\/#primaryimage"},"image":{"@id":"https:\/\/www.florianschwinn.de\/wordpress\/maskenpflicht-gift-im-gesicht\/#primaryimage"},"thumbnailUrl":"https:\/\/www.florianschwinn.de\/wordpress\/wp-content\/uploads\/2021\/08\/OP-Maskenmuell-Mariya-1024x681.jpg","datePublished":"2021-02-10T14:23:18+00:00","dateModified":"2021-09-05T15:21:03+00:00","breadcrumb":{"@id":"https:\/\/www.florianschwinn.de\/wordpress\/maskenpflicht-gift-im-gesicht\/#breadcrumb"},"inLanguage":"de","potentialAction":[{"@type":"ReadAction","target":["https:\/\/www.florianschwinn.de\/wordpress\/maskenpflicht-gift-im-gesicht\/"]}]},{"@type":"ImageObject","inLanguage":"de","@id":"https:\/\/www.florianschwinn.de\/wordpress\/maskenpflicht-gift-im-gesicht\/#primaryimage","url":"https:\/\/www.florianschwinn.de\/wordpress\/wp-content\/uploads\/2021\/08\/OP-Maskenmuell-Mariya.jpg","contentUrl":"https:\/\/www.florianschwinn.de\/wordpress\/wp-content\/uploads\/2021\/08\/OP-Maskenmuell-Mariya.jpg","width":1920,"height":1277},{"@type":"BreadcrumbList","@id":"https:\/\/www.florianschwinn.de\/wordpress\/maskenpflicht-gift-im-gesicht\/#breadcrumb","itemListElement":[{"@type":"ListItem","position":1,"name":"Startseite","item":"https:\/\/www.florianschwinn.de\/wordpress\/"},{"@type":"ListItem","position":2,"name":"Maskenpflicht: Gift im Gesicht"}]},{"@type":"WebSite","@id":"https:\/\/www.florianschwinn.de\/wordpress\/#website","url":"https:\/\/www.florianschwinn.de\/wordpress\/","name":"F\u00fchrerschein f\u00fcr Einkaufswagen","description":"Hintergrundwissen f\u00fcr bewussten Konsum","publisher":{"@id":"https:\/\/www.florianschwinn.de\/wordpress\/#organization"},"potentialAction":[{"@type":"SearchAction","target":{"@type":"EntryPoint","urlTemplate":"https:\/\/www.florianschwinn.de\/wordpress\/?s={search_term_string}"},"query-input":{"@type":"PropertyValueSpecification","valueRequired":true,"valueName":"search_term_string"}}],"inLanguage":"de"},{"@type":"Organization","@id":"https:\/\/www.florianschwinn.de\/wordpress\/#organization","name":"F\u00fchrerschein f\u00fcr Einkaufswagen","url":"https:\/\/www.florianschwinn.de\/wordpress\/","logo":{"@type":"ImageObject","inLanguage":"de","@id":"https:\/\/www.florianschwinn.de\/wordpress\/#\/schema\/logo\/image\/","url":"https:\/\/www.florianschwinn.de\/wordpress\/wp-content\/uploads\/2021\/08\/PodcastCover-scaled.jpg","contentUrl":"https:\/\/www.florianschwinn.de\/wordpress\/wp-content\/uploads\/2021\/08\/PodcastCover-scaled.jpg","width":2560,"height":2560,"caption":"F\u00fchrerschein f\u00fcr Einkaufswagen"},"image":{"@id":"https:\/\/www.florianschwinn.de\/wordpress\/#\/schema\/logo\/image\/"},"sameAs":["https:\/\/x.com\/Journaille"]},{"@type":"Person","@id":"https:\/\/www.florianschwinn.de\/wordpress\/#\/schema\/person\/79b5d182d53386a59defbc7c19766aae","name":"Florian Schwinn","image":{"@type":"ImageObject","inLanguage":"de","@id":"https:\/\/secure.gravatar.com\/avatar\/015c7bb04f4a6b87161c1c34a5fa9dee51f9903ee033683f3fce49e1db8df547?s=96&d=mm&r=g","url":"https:\/\/secure.gravatar.com\/avatar\/015c7bb04f4a6b87161c1c34a5fa9dee51f9903ee033683f3fce49e1db8df547?s=96&d=mm&r=g","contentUrl":"https:\/\/secure.gravatar.com\/avatar\/015c7bb04f4a6b87161c1c34a5fa9dee51f9903ee033683f3fce49e1db8df547?s=96&d=mm&r=g","caption":"Florian Schwinn"},"sameAs":["https:\/\/www.florianschwinn.de\/wordpress"],"url":"https:\/\/www.florianschwinn.de\/wordpress\/author\/florianschwinn_wpkolum\/"}]}},"_links":{"self":[{"href":"https:\/\/www.florianschwinn.de\/wordpress\/wp-json\/wp\/v2\/posts\/248","targetHints":{"allow":["GET"]}}],"collection":[{"href":"https:\/\/www.florianschwinn.de\/wordpress\/wp-json\/wp\/v2\/posts"}],"about":[{"href":"https:\/\/www.florianschwinn.de\/wordpress\/wp-json\/wp\/v2\/types\/post"}],"author":[{"embeddable":true,"href":"https:\/\/www.florianschwinn.de\/wordpress\/wp-json\/wp\/v2\/users\/1"}],"replies":[{"embeddable":true,"href":"https:\/\/www.florianschwinn.de\/wordpress\/wp-json\/wp\/v2\/comments?post=248"}],"version-history":[{"count":16,"href":"https:\/\/www.florianschwinn.de\/wordpress\/wp-json\/wp\/v2\/posts\/248\/revisions"}],"predecessor-version":[{"id":926,"href":"https:\/\/www.florianschwinn.de\/wordpress\/wp-json\/wp\/v2\/posts\/248\/revisions\/926"}],"wp:attachment":[{"href":"https:\/\/www.florianschwinn.de\/wordpress\/wp-json\/wp\/v2\/media?parent=248"}],"wp:term":[{"taxonomy":"category","embeddable":true,"href":"https:\/\/www.florianschwinn.de\/wordpress\/wp-json\/wp\/v2\/categories?post=248"},{"taxonomy":"post_tag","embeddable":true,"href":"https:\/\/www.florianschwinn.de\/wordpress\/wp-json\/wp\/v2\/tags?post=248"}],"curies":[{"name":"wp","href":"https:\/\/api.w.org\/{rel}","templated":true}]}}