{"id":2570,"date":"2023-11-02T08:00:00","date_gmt":"2023-11-02T07:00:00","guid":{"rendered":"https:\/\/www.florianschwinn.de\/wordpress\/?p=2570"},"modified":"2023-11-01T16:36:12","modified_gmt":"2023-11-01T15:36:12","slug":"buchbaustelle","status":"publish","type":"post","link":"https:\/\/www.florianschwinn.de\/wordpress\/buchbaustelle\/","title":{"rendered":"Buchbaustelle"},"content":{"rendered":"\n<figure class=\"wp-block-image size-large\"><img loading=\"lazy\" decoding=\"async\" width=\"1024\" height=\"481\" src=\"https:\/\/www.florianschwinn.de\/wordpress\/wp-content\/uploads\/2022\/07\/BundeWischen-GallowayKuh-1024x481.jpg\" alt=\"\" class=\"wp-image-1903\" srcset=\"https:\/\/www.florianschwinn.de\/wordpress\/wp-content\/uploads\/2022\/07\/BundeWischen-GallowayKuh-1024x481.jpg 1024w, https:\/\/www.florianschwinn.de\/wordpress\/wp-content\/uploads\/2022\/07\/BundeWischen-GallowayKuh-300x141.jpg 300w, https:\/\/www.florianschwinn.de\/wordpress\/wp-content\/uploads\/2022\/07\/BundeWischen-GallowayKuh-768x361.jpg 768w, https:\/\/www.florianschwinn.de\/wordpress\/wp-content\/uploads\/2022\/07\/BundeWischen-GallowayKuh-1536x722.jpg 1536w, https:\/\/www.florianschwinn.de\/wordpress\/wp-content\/uploads\/2022\/07\/BundeWischen-GallowayKuh-2048x962.jpg 2048w\" sizes=\"auto, (max-width: 1024px) 100vw, 1024px\" \/><figcaption class=\"wp-element-caption\">Das ganze Jahr drau\u00dfen: Hier arbeiten Rinder im Naturschutz und sind gleichzeitig Teil eines landwirtschaftlichen Projekts, das Landschaft und Biodiversit\u00e4t wiederherstellt. | Foto: Florian Schwinn<\/figcaption><\/figure>\n\n\n\n<p><em>In diesem Monat gibt es keinen Blog und keinen Podcast. Das ist hoffentlich schade f\u00fcr viele, die gerne gelesen oder geh\u00f6rt h\u00e4tten. Aber es gibt einen guten Grund daf\u00fcr: Ich bin in der Endfertigung des n\u00e4chsten Buches. Das soll im Januar erscheinen und es hat mir keine Zeit gelassen f\u00fcr Blog und Podcast.<\/em><\/p>\n\n\n\n<h2 class=\"wp-block-heading has-medium-font-size\">Die Klima Kuh<\/h2>\n\n\n\n<p>Es geht um eine Ehrenrettung der Kuh und um Tierwohl und Artenschutz und die Klimakrise. Und darum, wie uns Rinder dabei helfen k\u00f6nnen, die Mehrfachkrisen zu bew\u00e4ltigen.<\/p>\n\n\n\n<p>Wieso ausgerechnet Rinder? Sie sind doch verantwortlich f\u00fcr all die Krisen: Die Kuh ist ein Klimakiller, weil sie das hochwirksame Treibhausgas Methan ausst\u00f6\u00dft. Bei der Produktion eines Kilos Rindfleisch werden 15 000 Liter Wasser verbraucht. Die G\u00fclle der Rinder verseucht Gew\u00e4sser und belastet das Trinkwasser.<\/p>\n\n\n\n<p>Es gibt viele Narrative \u00fcber die Landwirtschaft, die schlicht falsch sind oder die gerne mal falsch verstanden werden. Das bisweilen auch absichtlich. Gezieltes Missverstehen ist eine Form der politischen Auseinandersetzung. Entsprechend schwer sind solche Erz\u00e4hlungen als M\u00e4rchen zu entlarven und aus der Welt zu schaffen.<\/p>\n\n\n\n<p>Also versuchen wir es mal andersherum: Das Buch zeigt, wie wir mit K\u00fchen den Klimawandel aufhalten, die Biodiversit\u00e4t wieder herstellen, die Landschaft versch\u00f6nern und den Naturschutz st\u00e4rken k\u00f6nnen. Nebenbei retten wir die W\u00e4lder und schaffen neue, vernetzte Lebensr\u00e4ume f\u00fcr Wildpflanzen und Wildtiere und Erholungsgebiete f\u00fcr gestresste St\u00e4dter.<\/p>\n\n\n\n<p>So wie die Kuh der Nukleus unserer ganzen Kultur ist, weil wir unsere Zivilisation auf dem R\u00fccken der Rinder aufgebaut haben, so kann die \u201eKuhwende\u201c der Nukleus einer umfassenden Agrarwende werden. Mit der sichern wir unsere Zukunft \u2013 die Landwirtschaft.<\/p>\n\n\n\n<p>Darum geht\u2019s. Als Thema ein wenig zu gro\u00df f\u00fcr einen Blog oder einen Podcast. Deshalb dann halt als Buch.<\/p>\n\n\n\n<h2 class=\"wp-block-heading has-medium-font-size\">Nur Muht!<\/h2>\n\n\n\n<p>Was wir dazu brauchen: den Mut, diese Landwirtschaft neu zu denken und neu aufzustellen, sie aus der Sackgasse der Industrialisierung herauszuholen und regional angepasst auch mal kleinr\u00e4umiger zu gestalten. Au\u00dferdem brauchen wir robuste K\u00fche, die ganzj\u00e4hrig drau\u00dfen leben k\u00f6nnen, die ohne Kraftfutter auskommen und dennoch Milch geben und Fleisch ansetzen.<\/p>\n\n\n\n<p>Die gute Nachricht: Den Mut gibt es schon. Allerdings nur bei einzelnen B\u00e4uerinnen und Bauern. Und die Rinderrassen, die das mitmachen, gibt es auch \u2013 noch. Die schlechte Nachricht: Wir entwerfen hier gerade einen kompletten Umbau der Landwirtschaft. Und der wird viele Feinde haben, die mit b\u00e4uerlichen Strukturen gebrochen und sich der Agrarindustrie verschrieben haben. Das macht aber nichts, weil wir im Falle der gro\u00dfen \u201eKuhwende\u201c klein anfangen k\u00f6nnen und anschauliche Beispiele generieren, die viele Nachahmer finden werden. Manche dieser Beispiele gibt es schon. Sie m\u00fcssen nur breiter bekannt gemacht und dargestellt werden. Das unter anderem soll dieses Buch tun.<\/p>\n\n\n<div class=\"wp-block-image\">\n<figure class=\"aligncenter size-large is-resized\"><a href=\"https:\/\/www.westendverlag.de\/buch\/die-klima-kuh\/\" target=\"_blank\" rel=\"noreferrer noopener\"><img loading=\"lazy\" decoding=\"async\" width=\"643\" height=\"1024\" src=\"https:\/\/www.florianschwinn.de\/wordpress\/wp-content\/uploads\/2023\/11\/Cover-DieKlimaKuh-643x1024.jpg\" alt=\"\" class=\"wp-image-2571\" style=\"aspect-ratio:0.6279296875;width:237px;height:auto\" srcset=\"https:\/\/www.florianschwinn.de\/wordpress\/wp-content\/uploads\/2023\/11\/Cover-DieKlimaKuh-643x1024.jpg 643w, https:\/\/www.florianschwinn.de\/wordpress\/wp-content\/uploads\/2023\/11\/Cover-DieKlimaKuh-188x300.jpg 188w, https:\/\/www.florianschwinn.de\/wordpress\/wp-content\/uploads\/2023\/11\/Cover-DieKlimaKuh-768x1224.jpg 768w, https:\/\/www.florianschwinn.de\/wordpress\/wp-content\/uploads\/2023\/11\/Cover-DieKlimaKuh-964x1536.jpg 964w, https:\/\/www.florianschwinn.de\/wordpress\/wp-content\/uploads\/2023\/11\/Cover-DieKlimaKuh-1285x2048.jpg 1285w, https:\/\/www.florianschwinn.de\/wordpress\/wp-content\/uploads\/2023\/11\/Cover-DieKlimaKuh-scaled.jpg 1607w\" sizes=\"auto, (max-width: 643px) 100vw, 643px\" \/><\/a><\/figure>\n<\/div>","protected":false},"excerpt":{"rendered":"<p>In diesem Monat gibt es keinen Blog und keinen Podcast. Das ist hoffentlich schade f\u00fcr viele, die gerne gelesen oder geh\u00f6rt h\u00e4tten. Aber es gibt einen guten Grund daf\u00fcr: Ich bin in der Endfertigung des n\u00e4chsten Buches. Das soll im Januar erscheinen und es hat mir keine Zeit gelassen f\u00fcr Blog und Podcast. Die Klima &#8230; <a title=\"Buchbaustelle\" class=\"read-more\" href=\"https:\/\/www.florianschwinn.de\/wordpress\/buchbaustelle\/\" aria-label=\"Mehr zu Buchbaustelle\">Weiterlesen &#8230;<\/a><\/p>\n","protected":false},"author":1,"featured_media":0,"comment_status":"closed","ping_status":"closed","sticky":false,"template":"","format":"standard","meta":{"footnotes":""},"categories":[8,146,89,49,3,44,2,120,68],"tags":[96,117],"class_list":["post-2570","post","type-post","status-publish","format-standard","hentry","category-agrarpolitik","category-agrarwende","category-biodiversitaet","category-ernaehrung","category-landwirtschaft","category-naturschutz","category-tierhaltung","category-tierwohl","category-weidehaltung","tag-milchvieh","tag-rinder","infinite-scroll-item"],"yoast_head":"<!-- This site is optimized with the Yoast SEO plugin v27.5 - https:\/\/yoast.com\/product\/yoast-seo-wordpress\/ -->\n<title>Buchbaustelle<\/title>\n<meta name=\"description\" content=\"Es geht um eine Ehrenrettung der Kuh und um Tierwohl und Artenschutz und die Klimakrise. Und darum, wie uns Rinder dabei helfen k\u00f6nnen, die Mehrfachkrisen zu bew\u00e4ltigen.\" \/>\n<meta name=\"robots\" content=\"index, follow, max-snippet:-1, max-image-preview:large, max-video-preview:-1\" \/>\n<link rel=\"canonical\" href=\"https:\/\/www.florianschwinn.de\/wordpress\/buchbaustelle\/\" \/>\n<meta property=\"og:locale\" content=\"de_DE\" \/>\n<meta property=\"og:type\" content=\"article\" \/>\n<meta property=\"og:title\" content=\"Buchbaustelle\" \/>\n<meta property=\"og:description\" content=\"Es geht um eine Ehrenrettung der Kuh und um Tierwohl und Artenschutz und die Klimakrise. Und darum, wie uns Rinder dabei helfen k\u00f6nnen, die Mehrfachkrisen zu bew\u00e4ltigen.\" \/>\n<meta property=\"og:url\" content=\"https:\/\/www.florianschwinn.de\/wordpress\/buchbaustelle\/\" \/>\n<meta property=\"og:site_name\" content=\"F\u00fchrerschein f\u00fcr Einkaufswagen\" \/>\n<meta property=\"article:published_time\" content=\"2023-11-02T07:00:00+00:00\" \/>\n<meta property=\"og:image\" content=\"https:\/\/www.florianschwinn.de\/wordpress\/wp-content\/uploads\/2022\/07\/BundeWischen-GallowayKuh-1024x481.jpg\" \/>\n<meta name=\"author\" content=\"Florian Schwinn\" \/>\n<meta name=\"twitter:card\" content=\"summary_large_image\" \/>\n<meta name=\"twitter:creator\" content=\"@Journaille\" \/>\n<meta name=\"twitter:site\" content=\"@Journaille\" \/>\n<meta name=\"twitter:label1\" content=\"Verfasst von\" \/>\n\t<meta name=\"twitter:data1\" content=\"Florian Schwinn\" \/>\n\t<meta name=\"twitter:label2\" content=\"Gesch\u00e4tzte Lesezeit\" \/>\n\t<meta name=\"twitter:data2\" content=\"3\u00a0Minuten\" \/>\n<script type=\"application\/ld+json\" class=\"yoast-schema-graph\">{\"@context\":\"https:\\\/\\\/schema.org\",\"@graph\":[{\"@type\":\"Article\",\"@id\":\"https:\\\/\\\/www.florianschwinn.de\\\/wordpress\\\/buchbaustelle\\\/#article\",\"isPartOf\":{\"@id\":\"https:\\\/\\\/www.florianschwinn.de\\\/wordpress\\\/buchbaustelle\\\/\"},\"author\":{\"name\":\"Florian Schwinn\",\"@id\":\"https:\\\/\\\/www.florianschwinn.de\\\/wordpress\\\/#\\\/schema\\\/person\\\/79b5d182d53386a59defbc7c19766aae\"},\"headline\":\"Buchbaustelle\",\"datePublished\":\"2023-11-02T07:00:00+00:00\",\"mainEntityOfPage\":{\"@id\":\"https:\\\/\\\/www.florianschwinn.de\\\/wordpress\\\/buchbaustelle\\\/\"},\"wordCount\":492,\"publisher\":{\"@id\":\"https:\\\/\\\/www.florianschwinn.de\\\/wordpress\\\/#organization\"},\"image\":{\"@id\":\"https:\\\/\\\/www.florianschwinn.de\\\/wordpress\\\/buchbaustelle\\\/#primaryimage\"},\"thumbnailUrl\":\"https:\\\/\\\/www.florianschwinn.de\\\/wordpress\\\/wp-content\\\/uploads\\\/2022\\\/07\\\/BundeWischen-GallowayKuh-1024x481.jpg\",\"keywords\":[\"Milchvieh\",\"Rinder\"],\"articleSection\":[\"Agrarpolitik\",\"Agrarwende\",\"Biodiversit\u00e4t\",\"Ern\u00e4hrung\",\"Landwirtschaft\",\"Naturschutz\",\"Tierhaltung\",\"Tierwohl\",\"Weidehaltung\"],\"inLanguage\":\"de\"},{\"@type\":\"WebPage\",\"@id\":\"https:\\\/\\\/www.florianschwinn.de\\\/wordpress\\\/buchbaustelle\\\/\",\"url\":\"https:\\\/\\\/www.florianschwinn.de\\\/wordpress\\\/buchbaustelle\\\/\",\"name\":\"Buchbaustelle\",\"isPartOf\":{\"@id\":\"https:\\\/\\\/www.florianschwinn.de\\\/wordpress\\\/#website\"},\"primaryImageOfPage\":{\"@id\":\"https:\\\/\\\/www.florianschwinn.de\\\/wordpress\\\/buchbaustelle\\\/#primaryimage\"},\"image\":{\"@id\":\"https:\\\/\\\/www.florianschwinn.de\\\/wordpress\\\/buchbaustelle\\\/#primaryimage\"},\"thumbnailUrl\":\"https:\\\/\\\/www.florianschwinn.de\\\/wordpress\\\/wp-content\\\/uploads\\\/2022\\\/07\\\/BundeWischen-GallowayKuh-1024x481.jpg\",\"datePublished\":\"2023-11-02T07:00:00+00:00\",\"description\":\"Es geht um eine Ehrenrettung der Kuh und um Tierwohl und Artenschutz und die Klimakrise. Und darum, wie uns Rinder dabei helfen k\u00f6nnen, die Mehrfachkrisen zu bew\u00e4ltigen.\",\"breadcrumb\":{\"@id\":\"https:\\\/\\\/www.florianschwinn.de\\\/wordpress\\\/buchbaustelle\\\/#breadcrumb\"},\"inLanguage\":\"de\",\"potentialAction\":[{\"@type\":\"ReadAction\",\"target\":[\"https:\\\/\\\/www.florianschwinn.de\\\/wordpress\\\/buchbaustelle\\\/\"]}]},{\"@type\":\"ImageObject\",\"inLanguage\":\"de\",\"@id\":\"https:\\\/\\\/www.florianschwinn.de\\\/wordpress\\\/buchbaustelle\\\/#primaryimage\",\"url\":\"https:\\\/\\\/www.florianschwinn.de\\\/wordpress\\\/wp-content\\\/uploads\\\/2022\\\/07\\\/BundeWischen-GallowayKuh-1024x481.jpg\",\"contentUrl\":\"https:\\\/\\\/www.florianschwinn.de\\\/wordpress\\\/wp-content\\\/uploads\\\/2022\\\/07\\\/BundeWischen-GallowayKuh-1024x481.jpg\"},{\"@type\":\"BreadcrumbList\",\"@id\":\"https:\\\/\\\/www.florianschwinn.de\\\/wordpress\\\/buchbaustelle\\\/#breadcrumb\",\"itemListElement\":[{\"@type\":\"ListItem\",\"position\":1,\"name\":\"Startseite\",\"item\":\"https:\\\/\\\/www.florianschwinn.de\\\/wordpress\\\/\"},{\"@type\":\"ListItem\",\"position\":2,\"name\":\"Buchbaustelle\"}]},{\"@type\":\"WebSite\",\"@id\":\"https:\\\/\\\/www.florianschwinn.de\\\/wordpress\\\/#website\",\"url\":\"https:\\\/\\\/www.florianschwinn.de\\\/wordpress\\\/\",\"name\":\"F\u00fchrerschein f\u00fcr Einkaufswagen\",\"description\":\"Hintergrundwissen f\u00fcr bewussten Konsum\",\"publisher\":{\"@id\":\"https:\\\/\\\/www.florianschwinn.de\\\/wordpress\\\/#organization\"},\"potentialAction\":[{\"@type\":\"SearchAction\",\"target\":{\"@type\":\"EntryPoint\",\"urlTemplate\":\"https:\\\/\\\/www.florianschwinn.de\\\/wordpress\\\/?s={search_term_string}\"},\"query-input\":{\"@type\":\"PropertyValueSpecification\",\"valueRequired\":true,\"valueName\":\"search_term_string\"}}],\"inLanguage\":\"de\"},{\"@type\":\"Organization\",\"@id\":\"https:\\\/\\\/www.florianschwinn.de\\\/wordpress\\\/#organization\",\"name\":\"F\u00fchrerschein f\u00fcr Einkaufswagen\",\"url\":\"https:\\\/\\\/www.florianschwinn.de\\\/wordpress\\\/\",\"logo\":{\"@type\":\"ImageObject\",\"inLanguage\":\"de\",\"@id\":\"https:\\\/\\\/www.florianschwinn.de\\\/wordpress\\\/#\\\/schema\\\/logo\\\/image\\\/\",\"url\":\"https:\\\/\\\/www.florianschwinn.de\\\/wordpress\\\/wp-content\\\/uploads\\\/2021\\\/08\\\/PodcastCover-scaled.jpg\",\"contentUrl\":\"https:\\\/\\\/www.florianschwinn.de\\\/wordpress\\\/wp-content\\\/uploads\\\/2021\\\/08\\\/PodcastCover-scaled.jpg\",\"width\":2560,\"height\":2560,\"caption\":\"F\u00fchrerschein f\u00fcr Einkaufswagen\"},\"image\":{\"@id\":\"https:\\\/\\\/www.florianschwinn.de\\\/wordpress\\\/#\\\/schema\\\/logo\\\/image\\\/\"},\"sameAs\":[\"https:\\\/\\\/x.com\\\/Journaille\"]},{\"@type\":\"Person\",\"@id\":\"https:\\\/\\\/www.florianschwinn.de\\\/wordpress\\\/#\\\/schema\\\/person\\\/79b5d182d53386a59defbc7c19766aae\",\"name\":\"Florian Schwinn\",\"image\":{\"@type\":\"ImageObject\",\"inLanguage\":\"de\",\"@id\":\"https:\\\/\\\/secure.gravatar.com\\\/avatar\\\/015c7bb04f4a6b87161c1c34a5fa9dee51f9903ee033683f3fce49e1db8df547?s=96&d=mm&r=g\",\"url\":\"https:\\\/\\\/secure.gravatar.com\\\/avatar\\\/015c7bb04f4a6b87161c1c34a5fa9dee51f9903ee033683f3fce49e1db8df547?s=96&d=mm&r=g\",\"contentUrl\":\"https:\\\/\\\/secure.gravatar.com\\\/avatar\\\/015c7bb04f4a6b87161c1c34a5fa9dee51f9903ee033683f3fce49e1db8df547?s=96&d=mm&r=g\",\"caption\":\"Florian Schwinn\"},\"sameAs\":[\"https:\\\/\\\/www.florianschwinn.de\\\/wordpress\"],\"url\":\"https:\\\/\\\/www.florianschwinn.de\\\/wordpress\\\/author\\\/florianschwinn_wpkolum\\\/\"}]}<\/script>\n<!-- \/ Yoast SEO plugin. -->","yoast_head_json":{"title":"Buchbaustelle","description":"Es geht um eine Ehrenrettung der Kuh und um Tierwohl und Artenschutz und die Klimakrise. Und darum, wie uns Rinder dabei helfen k\u00f6nnen, die Mehrfachkrisen zu bew\u00e4ltigen.","robots":{"index":"index","follow":"follow","max-snippet":"max-snippet:-1","max-image-preview":"max-image-preview:large","max-video-preview":"max-video-preview:-1"},"canonical":"https:\/\/www.florianschwinn.de\/wordpress\/buchbaustelle\/","og_locale":"de_DE","og_type":"article","og_title":"Buchbaustelle","og_description":"Es geht um eine Ehrenrettung der Kuh und um Tierwohl und Artenschutz und die Klimakrise. Und darum, wie uns Rinder dabei helfen k\u00f6nnen, die Mehrfachkrisen zu bew\u00e4ltigen.","og_url":"https:\/\/www.florianschwinn.de\/wordpress\/buchbaustelle\/","og_site_name":"F\u00fchrerschein f\u00fcr Einkaufswagen","article_published_time":"2023-11-02T07:00:00+00:00","og_image":[{"url":"https:\/\/www.florianschwinn.de\/wordpress\/wp-content\/uploads\/2022\/07\/BundeWischen-GallowayKuh-1024x481.jpg","type":"","width":"","height":""}],"author":"Florian Schwinn","twitter_card":"summary_large_image","twitter_creator":"@Journaille","twitter_site":"@Journaille","twitter_misc":{"Verfasst von":"Florian Schwinn","Gesch\u00e4tzte Lesezeit":"3\u00a0Minuten"},"schema":{"@context":"https:\/\/schema.org","@graph":[{"@type":"Article","@id":"https:\/\/www.florianschwinn.de\/wordpress\/buchbaustelle\/#article","isPartOf":{"@id":"https:\/\/www.florianschwinn.de\/wordpress\/buchbaustelle\/"},"author":{"name":"Florian Schwinn","@id":"https:\/\/www.florianschwinn.de\/wordpress\/#\/schema\/person\/79b5d182d53386a59defbc7c19766aae"},"headline":"Buchbaustelle","datePublished":"2023-11-02T07:00:00+00:00","mainEntityOfPage":{"@id":"https:\/\/www.florianschwinn.de\/wordpress\/buchbaustelle\/"},"wordCount":492,"publisher":{"@id":"https:\/\/www.florianschwinn.de\/wordpress\/#organization"},"image":{"@id":"https:\/\/www.florianschwinn.de\/wordpress\/buchbaustelle\/#primaryimage"},"thumbnailUrl":"https:\/\/www.florianschwinn.de\/wordpress\/wp-content\/uploads\/2022\/07\/BundeWischen-GallowayKuh-1024x481.jpg","keywords":["Milchvieh","Rinder"],"articleSection":["Agrarpolitik","Agrarwende","Biodiversit\u00e4t","Ern\u00e4hrung","Landwirtschaft","Naturschutz","Tierhaltung","Tierwohl","Weidehaltung"],"inLanguage":"de"},{"@type":"WebPage","@id":"https:\/\/www.florianschwinn.de\/wordpress\/buchbaustelle\/","url":"https:\/\/www.florianschwinn.de\/wordpress\/buchbaustelle\/","name":"Buchbaustelle","isPartOf":{"@id":"https:\/\/www.florianschwinn.de\/wordpress\/#website"},"primaryImageOfPage":{"@id":"https:\/\/www.florianschwinn.de\/wordpress\/buchbaustelle\/#primaryimage"},"image":{"@id":"https:\/\/www.florianschwinn.de\/wordpress\/buchbaustelle\/#primaryimage"},"thumbnailUrl":"https:\/\/www.florianschwinn.de\/wordpress\/wp-content\/uploads\/2022\/07\/BundeWischen-GallowayKuh-1024x481.jpg","datePublished":"2023-11-02T07:00:00+00:00","description":"Es geht um eine Ehrenrettung der Kuh und um Tierwohl und Artenschutz und die Klimakrise. Und darum, wie uns Rinder dabei helfen k\u00f6nnen, die Mehrfachkrisen zu bew\u00e4ltigen.","breadcrumb":{"@id":"https:\/\/www.florianschwinn.de\/wordpress\/buchbaustelle\/#breadcrumb"},"inLanguage":"de","potentialAction":[{"@type":"ReadAction","target":["https:\/\/www.florianschwinn.de\/wordpress\/buchbaustelle\/"]}]},{"@type":"ImageObject","inLanguage":"de","@id":"https:\/\/www.florianschwinn.de\/wordpress\/buchbaustelle\/#primaryimage","url":"https:\/\/www.florianschwinn.de\/wordpress\/wp-content\/uploads\/2022\/07\/BundeWischen-GallowayKuh-1024x481.jpg","contentUrl":"https:\/\/www.florianschwinn.de\/wordpress\/wp-content\/uploads\/2022\/07\/BundeWischen-GallowayKuh-1024x481.jpg"},{"@type":"BreadcrumbList","@id":"https:\/\/www.florianschwinn.de\/wordpress\/buchbaustelle\/#breadcrumb","itemListElement":[{"@type":"ListItem","position":1,"name":"Startseite","item":"https:\/\/www.florianschwinn.de\/wordpress\/"},{"@type":"ListItem","position":2,"name":"Buchbaustelle"}]},{"@type":"WebSite","@id":"https:\/\/www.florianschwinn.de\/wordpress\/#website","url":"https:\/\/www.florianschwinn.de\/wordpress\/","name":"F\u00fchrerschein f\u00fcr Einkaufswagen","description":"Hintergrundwissen f\u00fcr bewussten Konsum","publisher":{"@id":"https:\/\/www.florianschwinn.de\/wordpress\/#organization"},"potentialAction":[{"@type":"SearchAction","target":{"@type":"EntryPoint","urlTemplate":"https:\/\/www.florianschwinn.de\/wordpress\/?s={search_term_string}"},"query-input":{"@type":"PropertyValueSpecification","valueRequired":true,"valueName":"search_term_string"}}],"inLanguage":"de"},{"@type":"Organization","@id":"https:\/\/www.florianschwinn.de\/wordpress\/#organization","name":"F\u00fchrerschein f\u00fcr Einkaufswagen","url":"https:\/\/www.florianschwinn.de\/wordpress\/","logo":{"@type":"ImageObject","inLanguage":"de","@id":"https:\/\/www.florianschwinn.de\/wordpress\/#\/schema\/logo\/image\/","url":"https:\/\/www.florianschwinn.de\/wordpress\/wp-content\/uploads\/2021\/08\/PodcastCover-scaled.jpg","contentUrl":"https:\/\/www.florianschwinn.de\/wordpress\/wp-content\/uploads\/2021\/08\/PodcastCover-scaled.jpg","width":2560,"height":2560,"caption":"F\u00fchrerschein f\u00fcr Einkaufswagen"},"image":{"@id":"https:\/\/www.florianschwinn.de\/wordpress\/#\/schema\/logo\/image\/"},"sameAs":["https:\/\/x.com\/Journaille"]},{"@type":"Person","@id":"https:\/\/www.florianschwinn.de\/wordpress\/#\/schema\/person\/79b5d182d53386a59defbc7c19766aae","name":"Florian Schwinn","image":{"@type":"ImageObject","inLanguage":"de","@id":"https:\/\/secure.gravatar.com\/avatar\/015c7bb04f4a6b87161c1c34a5fa9dee51f9903ee033683f3fce49e1db8df547?s=96&d=mm&r=g","url":"https:\/\/secure.gravatar.com\/avatar\/015c7bb04f4a6b87161c1c34a5fa9dee51f9903ee033683f3fce49e1db8df547?s=96&d=mm&r=g","contentUrl":"https:\/\/secure.gravatar.com\/avatar\/015c7bb04f4a6b87161c1c34a5fa9dee51f9903ee033683f3fce49e1db8df547?s=96&d=mm&r=g","caption":"Florian Schwinn"},"sameAs":["https:\/\/www.florianschwinn.de\/wordpress"],"url":"https:\/\/www.florianschwinn.de\/wordpress\/author\/florianschwinn_wpkolum\/"}]}},"_links":{"self":[{"href":"https:\/\/www.florianschwinn.de\/wordpress\/wp-json\/wp\/v2\/posts\/2570","targetHints":{"allow":["GET"]}}],"collection":[{"href":"https:\/\/www.florianschwinn.de\/wordpress\/wp-json\/wp\/v2\/posts"}],"about":[{"href":"https:\/\/www.florianschwinn.de\/wordpress\/wp-json\/wp\/v2\/types\/post"}],"author":[{"embeddable":true,"href":"https:\/\/www.florianschwinn.de\/wordpress\/wp-json\/wp\/v2\/users\/1"}],"replies":[{"embeddable":true,"href":"https:\/\/www.florianschwinn.de\/wordpress\/wp-json\/wp\/v2\/comments?post=2570"}],"version-history":[{"count":1,"href":"https:\/\/www.florianschwinn.de\/wordpress\/wp-json\/wp\/v2\/posts\/2570\/revisions"}],"predecessor-version":[{"id":2572,"href":"https:\/\/www.florianschwinn.de\/wordpress\/wp-json\/wp\/v2\/posts\/2570\/revisions\/2572"}],"wp:attachment":[{"href":"https:\/\/www.florianschwinn.de\/wordpress\/wp-json\/wp\/v2\/media?parent=2570"}],"wp:term":[{"taxonomy":"category","embeddable":true,"href":"https:\/\/www.florianschwinn.de\/wordpress\/wp-json\/wp\/v2\/categories?post=2570"},{"taxonomy":"post_tag","embeddable":true,"href":"https:\/\/www.florianschwinn.de\/wordpress\/wp-json\/wp\/v2\/tags?post=2570"}],"curies":[{"name":"wp","href":"https:\/\/api.w.org\/{rel}","templated":true}]}}