{"id":455,"date":"2021-05-20T07:00:00","date_gmt":"2021-05-20T06:00:00","guid":{"rendered":"https:\/\/www.florianschwinn.de\/wordpress\/?p=455"},"modified":"2021-09-02T07:24:50","modified_gmt":"2021-09-02T06:24:50","slug":"ende-der-massentierhaltung","status":"publish","type":"post","link":"https:\/\/www.florianschwinn.de\/wordpress\/ende-der-massentierhaltung\/","title":{"rendered":"Ende der Massentierhaltung?"},"content":{"rendered":"\n<p><em>Und er hat es tats\u00e4chlich getan. Mitte April r\u00e4tselte ich hier noch, ob der dienst\u00e4lteste Landwirtschaftsminister Deutschlands, der von Mecklenburg-Vorpommern, nach \u00fcber zwanzig Jahren agrarindustriefreundlicher Politik durch die Katastrophe von Alt Tellin zu einer Kehrtwende gebracht wurde. Dort waren in der Karwoche \u00fcber 55.000 Sauen und Ferkel in einer riesigen Schweinezuchtanlage verbrannt. Danach verk\u00fcndete Minister Till Backhaus, er wolle solche Gro\u00dfanlagen in Zukunft verhindern.<\/em><\/p>\n\n\n\n<figure class=\"wp-block-image size-large\"><img loading=\"lazy\" decoding=\"async\" width=\"1024\" height=\"771\" src=\"https:\/\/www.florianschwinn.de\/wordpress\/wp-content\/uploads\/2021\/08\/AltTellinBrand2-Tierschutzbund-1024x771.jpg\" alt=\"\" class=\"wp-image-829\" srcset=\"https:\/\/www.florianschwinn.de\/wordpress\/wp-content\/uploads\/2021\/08\/AltTellinBrand2-Tierschutzbund-1024x771.jpg 1024w, https:\/\/www.florianschwinn.de\/wordpress\/wp-content\/uploads\/2021\/08\/AltTellinBrand2-Tierschutzbund-300x226.jpg 300w, https:\/\/www.florianschwinn.de\/wordpress\/wp-content\/uploads\/2021\/08\/AltTellinBrand2-Tierschutzbund-768x578.jpg 768w, https:\/\/www.florianschwinn.de\/wordpress\/wp-content\/uploads\/2021\/08\/AltTellinBrand2-Tierschutzbund.jpg 1182w\" sizes=\"auto, (max-width: 1024px) 100vw, 1024px\" \/><figcaption>\u00dcber 55000 Schweine verbrannten in in der Anlage der LFD Holding in Alt Tellin. Nur 1300 konnte die Feuerwehr retten. Was auch daran liegt, dass die Sauen zumeist in Kastenst\u00e4nden fixiert sind. Rettung nicht vorgesehen.| Foto: Tierschutzbund Meclenburg-Vorpommern. <\/figcaption><\/figure>\n\n\n\n<p>Als Tierschutzorganisationen vor dem Landtag in Schwerin demonstrierten, ging der Minister hinaus zu ihnen und erkl\u00e4rte, er wolle den Tierbestand an die landwirtschaftliche Fl\u00e4che binden, also gar keine Betriebe mehr, die sich ihr Futter irgendwo zusammenkaufen und am Ende die G\u00fclle oder die G\u00e4rreste der Biogasanlagen durch halb Europa karren. Auch wenn das beim ersten H\u00f6ren nicht so klingt: Das w\u00e4re die ganz radikale Wende \u2013 das Aus f\u00fcr viele industrielle Tierhaltungen. Im April sagte mir Patrick M\u00fcller von der Tierschutzorganisation PROVIEH, die sich explizit um die Nutztiere k\u00fcmmert, dazu noch: \u201eIch bin gespannt!\u201c<\/p>\n\n\n\n<p><strong>Erster Schritt \u2026<\/strong><\/p>\n\n\n\n<p>Jetzt hat Till Backhaus tats\u00e4chlich einen ersten Schritt getan, seine Ank\u00fcndigung in die Tat umzusetzen. Mecklenburg-Vorpommern hat seinen Entschlie\u00dfungsantrag zur Einf\u00fchrung von Bestandsobergrenzen in den Bundesrat eingebracht. Die Schweriner Landesregierung w\u00fcnscht eine Begrenzung auf zwei Gro\u00dfvieheinheiten pro Hektar verf\u00fcgbarer landwirtschaftlicher Fl\u00e4che.<\/p>\n\n\n\n<p>Ich habe am 22. April an dieser Stelle schon einmal vorgerechnet, was das bedeuten w\u00fcrde f\u00fcr einen Ferkelzuchtbetrieb wie den in Alt Tellin Abgebrannten. Wenn dort wieder um die elftausend Sauen aufgestallt werden sollten, m\u00fcsste der Betreiber daf\u00fcr 2.200 Hektar Land kaufen oder pachten. Das d\u00fcrfte selbst in Mecklenburg-Vorpommern schwierig sein. Und wenn dann auf diesem Land auch noch das Futter f\u00fcr die Schweine angebaut werden m\u00fcsste, dann w\u00e4re es aus mit dem Billigfleisch und also auch mit dieser Art der \u201eMassentierhaltung\u201c. Ich benutze diesen Begriff im Falle von Alt Tellin \u2013 wie bereits angemerkt \u2013 ausnahmsweise, weil er hier wirklich passt. Ansonsten kommt es weniger auf die Menge der gehaltenen Tiere an, als vielmehr auf die Haltung selbst. Aber bei der von der LFD Holding in Alt Tellin betriebenen Megastallanlage passte das alles zusammen: Viel Tierleid auf engstem Raum in einer gewaltigen Schweinefabrik.<\/p>\n\n\n\n<p><strong>\u2026 zu kurz.<\/strong><\/p>\n\n\n\n<div class=\"wp-block-image\"><figure class=\"alignright size-large is-resized\"><img loading=\"lazy\" decoding=\"async\" src=\"https:\/\/www.florianschwinn.de\/wordpress\/wp-content\/uploads\/2021\/08\/Backhaus-JonasRogowski-862x1024.jpg\" alt=\"\" class=\"wp-image-831\" width=\"266\" height=\"315\" srcset=\"https:\/\/www.florianschwinn.de\/wordpress\/wp-content\/uploads\/2021\/08\/Backhaus-JonasRogowski-862x1024.jpg 862w, https:\/\/www.florianschwinn.de\/wordpress\/wp-content\/uploads\/2021\/08\/Backhaus-JonasRogowski-253x300.jpg 253w, https:\/\/www.florianschwinn.de\/wordpress\/wp-content\/uploads\/2021\/08\/Backhaus-JonasRogowski-768x912.jpg 768w, https:\/\/www.florianschwinn.de\/wordpress\/wp-content\/uploads\/2021\/08\/Backhaus-JonasRogowski-1293x1536.jpg 1293w, https:\/\/www.florianschwinn.de\/wordpress\/wp-content\/uploads\/2021\/08\/Backhaus-JonasRogowski-1725x2048.jpg 1725w, https:\/\/www.florianschwinn.de\/wordpress\/wp-content\/uploads\/2021\/08\/Backhaus-JonasRogowski.jpg 1984w\" sizes=\"auto, (max-width: 266px) 100vw, 266px\" \/><figcaption>Seit 1998 Landwirtschaftsminister in Mecklenburg-Vorpommern &#8211; und nach eigener Darstellung doch nicht verantwortlich f\u00fcr den Bau der jetzt abgebrannten Megastallanlage von Alt Tellin: Till Backhaus von der SPD. | Foto: Jonas Rogowski <\/figcaption><\/figure><\/div>\n\n\n\n<p>Unterst\u00fctzung erfuhr der mecklenburg-vorpommersche Landwirtschaftsminister im Bundesrat von seinem Kollegen aus Brandenburg. Der ist allerdings auch ein Gr\u00fcner, und zwar einer ersten Stunde. Axel Vogel hat die Gr\u00fcnen 1980 mitgegr\u00fcndet. Ansonsten verwies der Bundesrat den Entschlie\u00dfungsantrag in die Aussch\u00fcsse. Ist vielleicht auch besser so, denn dass die derzeitige Bundesregierung, die ja Adressat eines Entschlie\u00dfungsantrags des Bundesrates w\u00e4re, tats\u00e4chlich eine Begrenzung der industriellen Tierhaltung beschlie\u00dfen w\u00fcrde, ist kaum zu erwarten. Aber vielleicht die n\u00e4chste, die dann im September gew\u00e4hlt wird. Insofern ist die Bundesratsinitiative von Minister Backhaus vielleicht auch nur Wahlkampf. Denn in Meck-Pomm wird am 26. September ebenfalls gew\u00e4hlt. Und der dienst\u00e4lteste Minister der Republik m\u00f6chte vielleicht noch ein paar Jahre draufsatteln.<\/p>\n\n\n\n<p>Das vermuten auch einige der Kommentatoren, die im Netz auf die Berichte zu Backhaus\u2018 Initiative reagieren. Zum Beispiel Prof. Wilfried Brade, der von der Tier\u00e4rztlichen Hochschule Hannover zum Institut f\u00fcr Nutztierbiologie nach Dummerstorf bei Rostock gegangen war, sich also in Mecklenburg-Vorpommern (MV) mit der Landwirtschaftspolitik auskennt. Wilfried Brade stellt im Branchendienst Top Agrar ein paar Fragen. Zum Beispiel: \u201eWer hat denn bisher Bestandsobergrenzen nicht beachtet? Antwort: MV. Wo gibt es die gr\u00f6\u00dften Tierhaltungsanlagen in Deutschland? Antwort: MV. Wer hat Alt Tellin genehmigt? Fakt ist, dass die Genehmigung f\u00fcr den Bau des Megastalles in Alt Tellin nach geltendem Recht in MV am 28.09.2010 erteilt wurde. Und wer war da wohl Landwirtschaftsminister in MV? Antwort: Herr Backhaus.\u201c<\/p>\n\n\n\n<figure class=\"wp-block-image size-large\"><img loading=\"lazy\" decoding=\"async\" width=\"1024\" height=\"596\" src=\"https:\/\/www.florianschwinn.de\/wordpress\/wp-content\/uploads\/2021\/08\/ProtestAltTellin-AktionAgrar-1024x596.jpg\" alt=\"\" class=\"wp-image-832\" srcset=\"https:\/\/www.florianschwinn.de\/wordpress\/wp-content\/uploads\/2021\/08\/ProtestAltTellin-AktionAgrar-1024x596.jpg 1024w, https:\/\/www.florianschwinn.de\/wordpress\/wp-content\/uploads\/2021\/08\/ProtestAltTellin-AktionAgrar-300x175.jpg 300w, https:\/\/www.florianschwinn.de\/wordpress\/wp-content\/uploads\/2021\/08\/ProtestAltTellin-AktionAgrar-768x447.jpg 768w, https:\/\/www.florianschwinn.de\/wordpress\/wp-content\/uploads\/2021\/08\/ProtestAltTellin-AktionAgrar-1536x893.jpg 1536w, https:\/\/www.florianschwinn.de\/wordpress\/wp-content\/uploads\/2021\/08\/ProtestAltTellin-AktionAgrar.jpg 1836w\" sizes=\"auto, (max-width: 1024px) 100vw, 1024px\" \/><figcaption>Proteste gegen die riesige Ferkelzuchtanlage in Alt Tellin gab es von Anfang an: Hier 2015 auf dem Acker. Seit 2012 l\u00e4uft eine Klage des BUND gegen den Betreiber beim Verwaltungsgericht Greifswald, zu der es 2017 einen ersten Verhandlungstag gab. Den einzigen bisher. | Foto: Aktion Agrar <\/figcaption><\/figure>\n\n\n\n<p><strong>Tierwohl und Wahlkampf<\/strong><\/p>\n\n\n\n<p>Anders gesehen: Auch wenn das nur Wahlkampf war, was da aus Mecklenburg-Vorpommern ins L\u00e4nderparlament getragen wurde: Im Grunde geh\u00f6rt die Diskussion \u00fcber die Nutztierhaltung und das Tierwohl genau da hin, in den Wahlkampf. Ich werde zwar nicht m\u00fcde zu sagen, dass wir alle mit unseren t\u00e4glichen Kaufentscheidungen \u00fcber Wohl und Weh von Menschen und Tieren und Pflanzen und Umwelt und Klima mitentscheiden, aber die gro\u00dfe \u00d6ffentlichkeit und die Brisanz erlangen solche Themen am einfachsten in Wahlkampfzeiten. Dann, wenn die Politiker h\u00f6ren wollen, was ihre W\u00e4hlerinnen und W\u00e4hler sagen. Oder wenigstens so tun m\u00fcssen, als wollten sie. Wann also sollten wir solche industrielle Tierhaltungskatastrophen beenden und f\u00fcr die Zukunft verhindern, wenn nicht jetzt!<\/p>\n\n\n\n<p>Wenn Sie die n\u00e4chste Petition sehen, die sich gegen Megast\u00e4lle wendet, dann unterschreiben Sie! Und wenn Sie die n\u00e4chste Diskussion \u00fcber die industrielle Tierhaltung angek\u00fcndigt sehen, dann gehen Sie hin, oder loggen sich ein! Ebenso, wenn es um G\u00fclletransporte aus eben dieser industriellen Tierhaltung quer durch die Republik und geplante G\u00fcllelager in Regionen ohne massenhafte Tierhaltung geht.<\/p>\n\n\n\n<p>Allerdings bleibt auch das immer Gleiche noch zu sagen, trotz der besonderen Wahlkampfzeiten: Und wenn Sie dann wieder und wieder das Schweinenackensteak beim Dis\u00adcoun\u00adter im Sonderangebot liegen sehen, dann lassen Sie es liegen \u2013 wieder und wieder!<\/p>\n","protected":false},"excerpt":{"rendered":"<p>Und er hat es tats\u00e4chlich getan. Mitte April r\u00e4tselte ich hier noch, ob der dienst\u00e4lteste Landwirtschaftsminister Deutschlands, der von Mecklenburg-Vorpommern, nach \u00fcber zwanzig Jahren agrarindustriefreundlicher Politik durch die Katastrophe von Alt Tellin zu einer Kehrtwende gebracht wurde. Dort waren in der Karwoche \u00fcber 55.000 Sauen und Ferkel in einer riesigen Schweinezuchtanlage verbrannt. Danach verk\u00fcndete Minister &#8230; <a title=\"Ende der Massentierhaltung?\" class=\"read-more\" href=\"https:\/\/www.florianschwinn.de\/wordpress\/ende-der-massentierhaltung\/\" aria-label=\"Mehr zu Ende der Massentierhaltung?\">Weiterlesen &#8230;<\/a><\/p>\n","protected":false},"author":1,"featured_media":0,"comment_status":"closed","ping_status":"closed","sticky":false,"template":"","format":"standard","meta":{"footnotes":""},"categories":[8,3,28,24,2],"tags":[79,47],"class_list":["post-455","post","type-post","status-publish","format-standard","hentry","category-agrarpolitik","category-landwirtschaft","category-lebensmittelpreise","category-tierethik","category-tierhaltung","tag-schweine","tag-stallbraende","infinite-scroll-item"],"yoast_head":"<!-- This site is optimized with the Yoast SEO plugin v27.5 - https:\/\/yoast.com\/product\/yoast-seo-wordpress\/ -->\n<title>Ende der Massentierhaltung? - F\u00fchrerschein f\u00fcr Einkaufswagen<\/title>\n<meta name=\"robots\" content=\"index, follow, max-snippet:-1, max-image-preview:large, max-video-preview:-1\" \/>\n<link rel=\"canonical\" href=\"https:\/\/www.florianschwinn.de\/wordpress\/ende-der-massentierhaltung\/\" \/>\n<meta property=\"og:locale\" content=\"de_DE\" \/>\n<meta property=\"og:type\" content=\"article\" \/>\n<meta property=\"og:title\" content=\"Ende der Massentierhaltung? - F\u00fchrerschein f\u00fcr Einkaufswagen\" \/>\n<meta property=\"og:description\" content=\"Und er hat es tats\u00e4chlich getan. Mitte April r\u00e4tselte ich hier noch, ob der dienst\u00e4lteste Landwirtschaftsminister Deutschlands, der von Mecklenburg-Vorpommern, nach \u00fcber zwanzig Jahren agrarindustriefreundlicher Politik durch die Katastrophe von Alt Tellin zu einer Kehrtwende gebracht wurde. Dort waren in der Karwoche \u00fcber 55.000 Sauen und Ferkel in einer riesigen Schweinezuchtanlage verbrannt. Danach verk\u00fcndete Minister ... Weiterlesen ...\" \/>\n<meta property=\"og:url\" content=\"https:\/\/www.florianschwinn.de\/wordpress\/ende-der-massentierhaltung\/\" \/>\n<meta property=\"og:site_name\" content=\"F\u00fchrerschein f\u00fcr Einkaufswagen\" \/>\n<meta property=\"article:published_time\" content=\"2021-05-20T06:00:00+00:00\" \/>\n<meta property=\"article:modified_time\" content=\"2021-09-02T06:24:50+00:00\" \/>\n<meta property=\"og:image\" content=\"https:\/\/www.florianschwinn.de\/wordpress\/wp-content\/uploads\/2021\/08\/AltTellinBrand2-Tierschutzbund-1024x771.jpg\" \/>\n<meta name=\"author\" content=\"Florian Schwinn\" \/>\n<meta name=\"twitter:card\" content=\"summary_large_image\" \/>\n<meta name=\"twitter:creator\" content=\"@Journaille\" \/>\n<meta name=\"twitter:site\" content=\"@Journaille\" \/>\n<meta name=\"twitter:label1\" content=\"Verfasst von\" \/>\n\t<meta name=\"twitter:data1\" content=\"Florian Schwinn\" \/>\n\t<meta name=\"twitter:label2\" content=\"Gesch\u00e4tzte Lesezeit\" \/>\n\t<meta name=\"twitter:data2\" content=\"5\u00a0Minuten\" \/>\n<script type=\"application\/ld+json\" class=\"yoast-schema-graph\">{\"@context\":\"https:\\\/\\\/schema.org\",\"@graph\":[{\"@type\":\"Article\",\"@id\":\"https:\\\/\\\/www.florianschwinn.de\\\/wordpress\\\/ende-der-massentierhaltung\\\/#article\",\"isPartOf\":{\"@id\":\"https:\\\/\\\/www.florianschwinn.de\\\/wordpress\\\/ende-der-massentierhaltung\\\/\"},\"author\":{\"name\":\"Florian Schwinn\",\"@id\":\"https:\\\/\\\/www.florianschwinn.de\\\/wordpress\\\/#\\\/schema\\\/person\\\/79b5d182d53386a59defbc7c19766aae\"},\"headline\":\"Ende der Massentierhaltung?\",\"datePublished\":\"2021-05-20T06:00:00+00:00\",\"dateModified\":\"2021-09-02T06:24:50+00:00\",\"mainEntityOfPage\":{\"@id\":\"https:\\\/\\\/www.florianschwinn.de\\\/wordpress\\\/ende-der-massentierhaltung\\\/\"},\"wordCount\":955,\"publisher\":{\"@id\":\"https:\\\/\\\/www.florianschwinn.de\\\/wordpress\\\/#organization\"},\"image\":{\"@id\":\"https:\\\/\\\/www.florianschwinn.de\\\/wordpress\\\/ende-der-massentierhaltung\\\/#primaryimage\"},\"thumbnailUrl\":\"https:\\\/\\\/www.florianschwinn.de\\\/wordpress\\\/wp-content\\\/uploads\\\/2021\\\/08\\\/AltTellinBrand2-Tierschutzbund-1024x771.jpg\",\"keywords\":[\"Schweine\",\"Stallbr\u00e4nde\"],\"articleSection\":[\"Agrarpolitik\",\"Landwirtschaft\",\"Lebensmittelpreise\",\"Tierethik\",\"Tierhaltung\"],\"inLanguage\":\"de\"},{\"@type\":\"WebPage\",\"@id\":\"https:\\\/\\\/www.florianschwinn.de\\\/wordpress\\\/ende-der-massentierhaltung\\\/\",\"url\":\"https:\\\/\\\/www.florianschwinn.de\\\/wordpress\\\/ende-der-massentierhaltung\\\/\",\"name\":\"Ende der Massentierhaltung? - F\u00fchrerschein f\u00fcr Einkaufswagen\",\"isPartOf\":{\"@id\":\"https:\\\/\\\/www.florianschwinn.de\\\/wordpress\\\/#website\"},\"primaryImageOfPage\":{\"@id\":\"https:\\\/\\\/www.florianschwinn.de\\\/wordpress\\\/ende-der-massentierhaltung\\\/#primaryimage\"},\"image\":{\"@id\":\"https:\\\/\\\/www.florianschwinn.de\\\/wordpress\\\/ende-der-massentierhaltung\\\/#primaryimage\"},\"thumbnailUrl\":\"https:\\\/\\\/www.florianschwinn.de\\\/wordpress\\\/wp-content\\\/uploads\\\/2021\\\/08\\\/AltTellinBrand2-Tierschutzbund-1024x771.jpg\",\"datePublished\":\"2021-05-20T06:00:00+00:00\",\"dateModified\":\"2021-09-02T06:24:50+00:00\",\"breadcrumb\":{\"@id\":\"https:\\\/\\\/www.florianschwinn.de\\\/wordpress\\\/ende-der-massentierhaltung\\\/#breadcrumb\"},\"inLanguage\":\"de\",\"potentialAction\":[{\"@type\":\"ReadAction\",\"target\":[\"https:\\\/\\\/www.florianschwinn.de\\\/wordpress\\\/ende-der-massentierhaltung\\\/\"]}]},{\"@type\":\"ImageObject\",\"inLanguage\":\"de\",\"@id\":\"https:\\\/\\\/www.florianschwinn.de\\\/wordpress\\\/ende-der-massentierhaltung\\\/#primaryimage\",\"url\":\"https:\\\/\\\/www.florianschwinn.de\\\/wordpress\\\/wp-content\\\/uploads\\\/2021\\\/08\\\/AltTellinBrand2-Tierschutzbund.jpg\",\"contentUrl\":\"https:\\\/\\\/www.florianschwinn.de\\\/wordpress\\\/wp-content\\\/uploads\\\/2021\\\/08\\\/AltTellinBrand2-Tierschutzbund.jpg\",\"width\":1182,\"height\":890},{\"@type\":\"BreadcrumbList\",\"@id\":\"https:\\\/\\\/www.florianschwinn.de\\\/wordpress\\\/ende-der-massentierhaltung\\\/#breadcrumb\",\"itemListElement\":[{\"@type\":\"ListItem\",\"position\":1,\"name\":\"Startseite\",\"item\":\"https:\\\/\\\/www.florianschwinn.de\\\/wordpress\\\/\"},{\"@type\":\"ListItem\",\"position\":2,\"name\":\"Ende der Massentierhaltung?\"}]},{\"@type\":\"WebSite\",\"@id\":\"https:\\\/\\\/www.florianschwinn.de\\\/wordpress\\\/#website\",\"url\":\"https:\\\/\\\/www.florianschwinn.de\\\/wordpress\\\/\",\"name\":\"F\u00fchrerschein f\u00fcr Einkaufswagen\",\"description\":\"Hintergrundwissen f\u00fcr bewussten Konsum\",\"publisher\":{\"@id\":\"https:\\\/\\\/www.florianschwinn.de\\\/wordpress\\\/#organization\"},\"potentialAction\":[{\"@type\":\"SearchAction\",\"target\":{\"@type\":\"EntryPoint\",\"urlTemplate\":\"https:\\\/\\\/www.florianschwinn.de\\\/wordpress\\\/?s={search_term_string}\"},\"query-input\":{\"@type\":\"PropertyValueSpecification\",\"valueRequired\":true,\"valueName\":\"search_term_string\"}}],\"inLanguage\":\"de\"},{\"@type\":\"Organization\",\"@id\":\"https:\\\/\\\/www.florianschwinn.de\\\/wordpress\\\/#organization\",\"name\":\"F\u00fchrerschein f\u00fcr Einkaufswagen\",\"url\":\"https:\\\/\\\/www.florianschwinn.de\\\/wordpress\\\/\",\"logo\":{\"@type\":\"ImageObject\",\"inLanguage\":\"de\",\"@id\":\"https:\\\/\\\/www.florianschwinn.de\\\/wordpress\\\/#\\\/schema\\\/logo\\\/image\\\/\",\"url\":\"https:\\\/\\\/www.florianschwinn.de\\\/wordpress\\\/wp-content\\\/uploads\\\/2021\\\/08\\\/PodcastCover-scaled.jpg\",\"contentUrl\":\"https:\\\/\\\/www.florianschwinn.de\\\/wordpress\\\/wp-content\\\/uploads\\\/2021\\\/08\\\/PodcastCover-scaled.jpg\",\"width\":2560,\"height\":2560,\"caption\":\"F\u00fchrerschein f\u00fcr Einkaufswagen\"},\"image\":{\"@id\":\"https:\\\/\\\/www.florianschwinn.de\\\/wordpress\\\/#\\\/schema\\\/logo\\\/image\\\/\"},\"sameAs\":[\"https:\\\/\\\/x.com\\\/Journaille\"]},{\"@type\":\"Person\",\"@id\":\"https:\\\/\\\/www.florianschwinn.de\\\/wordpress\\\/#\\\/schema\\\/person\\\/79b5d182d53386a59defbc7c19766aae\",\"name\":\"Florian Schwinn\",\"image\":{\"@type\":\"ImageObject\",\"inLanguage\":\"de\",\"@id\":\"https:\\\/\\\/secure.gravatar.com\\\/avatar\\\/015c7bb04f4a6b87161c1c34a5fa9dee51f9903ee033683f3fce49e1db8df547?s=96&d=mm&r=g\",\"url\":\"https:\\\/\\\/secure.gravatar.com\\\/avatar\\\/015c7bb04f4a6b87161c1c34a5fa9dee51f9903ee033683f3fce49e1db8df547?s=96&d=mm&r=g\",\"contentUrl\":\"https:\\\/\\\/secure.gravatar.com\\\/avatar\\\/015c7bb04f4a6b87161c1c34a5fa9dee51f9903ee033683f3fce49e1db8df547?s=96&d=mm&r=g\",\"caption\":\"Florian Schwinn\"},\"sameAs\":[\"https:\\\/\\\/www.florianschwinn.de\\\/wordpress\"],\"url\":\"https:\\\/\\\/www.florianschwinn.de\\\/wordpress\\\/author\\\/florianschwinn_wpkolum\\\/\"}]}<\/script>\n<!-- \/ Yoast SEO plugin. -->","yoast_head_json":{"title":"Ende der Massentierhaltung? - F\u00fchrerschein f\u00fcr Einkaufswagen","robots":{"index":"index","follow":"follow","max-snippet":"max-snippet:-1","max-image-preview":"max-image-preview:large","max-video-preview":"max-video-preview:-1"},"canonical":"https:\/\/www.florianschwinn.de\/wordpress\/ende-der-massentierhaltung\/","og_locale":"de_DE","og_type":"article","og_title":"Ende der Massentierhaltung? - F\u00fchrerschein f\u00fcr Einkaufswagen","og_description":"Und er hat es tats\u00e4chlich getan. Mitte April r\u00e4tselte ich hier noch, ob der dienst\u00e4lteste Landwirtschaftsminister Deutschlands, der von Mecklenburg-Vorpommern, nach \u00fcber zwanzig Jahren agrarindustriefreundlicher Politik durch die Katastrophe von Alt Tellin zu einer Kehrtwende gebracht wurde. Dort waren in der Karwoche \u00fcber 55.000 Sauen und Ferkel in einer riesigen Schweinezuchtanlage verbrannt. Danach verk\u00fcndete Minister ... Weiterlesen ...","og_url":"https:\/\/www.florianschwinn.de\/wordpress\/ende-der-massentierhaltung\/","og_site_name":"F\u00fchrerschein f\u00fcr Einkaufswagen","article_published_time":"2021-05-20T06:00:00+00:00","article_modified_time":"2021-09-02T06:24:50+00:00","og_image":[{"url":"https:\/\/www.florianschwinn.de\/wordpress\/wp-content\/uploads\/2021\/08\/AltTellinBrand2-Tierschutzbund-1024x771.jpg","type":"","width":"","height":""}],"author":"Florian Schwinn","twitter_card":"summary_large_image","twitter_creator":"@Journaille","twitter_site":"@Journaille","twitter_misc":{"Verfasst von":"Florian Schwinn","Gesch\u00e4tzte Lesezeit":"5\u00a0Minuten"},"schema":{"@context":"https:\/\/schema.org","@graph":[{"@type":"Article","@id":"https:\/\/www.florianschwinn.de\/wordpress\/ende-der-massentierhaltung\/#article","isPartOf":{"@id":"https:\/\/www.florianschwinn.de\/wordpress\/ende-der-massentierhaltung\/"},"author":{"name":"Florian Schwinn","@id":"https:\/\/www.florianschwinn.de\/wordpress\/#\/schema\/person\/79b5d182d53386a59defbc7c19766aae"},"headline":"Ende der Massentierhaltung?","datePublished":"2021-05-20T06:00:00+00:00","dateModified":"2021-09-02T06:24:50+00:00","mainEntityOfPage":{"@id":"https:\/\/www.florianschwinn.de\/wordpress\/ende-der-massentierhaltung\/"},"wordCount":955,"publisher":{"@id":"https:\/\/www.florianschwinn.de\/wordpress\/#organization"},"image":{"@id":"https:\/\/www.florianschwinn.de\/wordpress\/ende-der-massentierhaltung\/#primaryimage"},"thumbnailUrl":"https:\/\/www.florianschwinn.de\/wordpress\/wp-content\/uploads\/2021\/08\/AltTellinBrand2-Tierschutzbund-1024x771.jpg","keywords":["Schweine","Stallbr\u00e4nde"],"articleSection":["Agrarpolitik","Landwirtschaft","Lebensmittelpreise","Tierethik","Tierhaltung"],"inLanguage":"de"},{"@type":"WebPage","@id":"https:\/\/www.florianschwinn.de\/wordpress\/ende-der-massentierhaltung\/","url":"https:\/\/www.florianschwinn.de\/wordpress\/ende-der-massentierhaltung\/","name":"Ende der Massentierhaltung? - F\u00fchrerschein f\u00fcr Einkaufswagen","isPartOf":{"@id":"https:\/\/www.florianschwinn.de\/wordpress\/#website"},"primaryImageOfPage":{"@id":"https:\/\/www.florianschwinn.de\/wordpress\/ende-der-massentierhaltung\/#primaryimage"},"image":{"@id":"https:\/\/www.florianschwinn.de\/wordpress\/ende-der-massentierhaltung\/#primaryimage"},"thumbnailUrl":"https:\/\/www.florianschwinn.de\/wordpress\/wp-content\/uploads\/2021\/08\/AltTellinBrand2-Tierschutzbund-1024x771.jpg","datePublished":"2021-05-20T06:00:00+00:00","dateModified":"2021-09-02T06:24:50+00:00","breadcrumb":{"@id":"https:\/\/www.florianschwinn.de\/wordpress\/ende-der-massentierhaltung\/#breadcrumb"},"inLanguage":"de","potentialAction":[{"@type":"ReadAction","target":["https:\/\/www.florianschwinn.de\/wordpress\/ende-der-massentierhaltung\/"]}]},{"@type":"ImageObject","inLanguage":"de","@id":"https:\/\/www.florianschwinn.de\/wordpress\/ende-der-massentierhaltung\/#primaryimage","url":"https:\/\/www.florianschwinn.de\/wordpress\/wp-content\/uploads\/2021\/08\/AltTellinBrand2-Tierschutzbund.jpg","contentUrl":"https:\/\/www.florianschwinn.de\/wordpress\/wp-content\/uploads\/2021\/08\/AltTellinBrand2-Tierschutzbund.jpg","width":1182,"height":890},{"@type":"BreadcrumbList","@id":"https:\/\/www.florianschwinn.de\/wordpress\/ende-der-massentierhaltung\/#breadcrumb","itemListElement":[{"@type":"ListItem","position":1,"name":"Startseite","item":"https:\/\/www.florianschwinn.de\/wordpress\/"},{"@type":"ListItem","position":2,"name":"Ende der Massentierhaltung?"}]},{"@type":"WebSite","@id":"https:\/\/www.florianschwinn.de\/wordpress\/#website","url":"https:\/\/www.florianschwinn.de\/wordpress\/","name":"F\u00fchrerschein f\u00fcr Einkaufswagen","description":"Hintergrundwissen f\u00fcr bewussten Konsum","publisher":{"@id":"https:\/\/www.florianschwinn.de\/wordpress\/#organization"},"potentialAction":[{"@type":"SearchAction","target":{"@type":"EntryPoint","urlTemplate":"https:\/\/www.florianschwinn.de\/wordpress\/?s={search_term_string}"},"query-input":{"@type":"PropertyValueSpecification","valueRequired":true,"valueName":"search_term_string"}}],"inLanguage":"de"},{"@type":"Organization","@id":"https:\/\/www.florianschwinn.de\/wordpress\/#organization","name":"F\u00fchrerschein f\u00fcr Einkaufswagen","url":"https:\/\/www.florianschwinn.de\/wordpress\/","logo":{"@type":"ImageObject","inLanguage":"de","@id":"https:\/\/www.florianschwinn.de\/wordpress\/#\/schema\/logo\/image\/","url":"https:\/\/www.florianschwinn.de\/wordpress\/wp-content\/uploads\/2021\/08\/PodcastCover-scaled.jpg","contentUrl":"https:\/\/www.florianschwinn.de\/wordpress\/wp-content\/uploads\/2021\/08\/PodcastCover-scaled.jpg","width":2560,"height":2560,"caption":"F\u00fchrerschein f\u00fcr Einkaufswagen"},"image":{"@id":"https:\/\/www.florianschwinn.de\/wordpress\/#\/schema\/logo\/image\/"},"sameAs":["https:\/\/x.com\/Journaille"]},{"@type":"Person","@id":"https:\/\/www.florianschwinn.de\/wordpress\/#\/schema\/person\/79b5d182d53386a59defbc7c19766aae","name":"Florian Schwinn","image":{"@type":"ImageObject","inLanguage":"de","@id":"https:\/\/secure.gravatar.com\/avatar\/015c7bb04f4a6b87161c1c34a5fa9dee51f9903ee033683f3fce49e1db8df547?s=96&d=mm&r=g","url":"https:\/\/secure.gravatar.com\/avatar\/015c7bb04f4a6b87161c1c34a5fa9dee51f9903ee033683f3fce49e1db8df547?s=96&d=mm&r=g","contentUrl":"https:\/\/secure.gravatar.com\/avatar\/015c7bb04f4a6b87161c1c34a5fa9dee51f9903ee033683f3fce49e1db8df547?s=96&d=mm&r=g","caption":"Florian Schwinn"},"sameAs":["https:\/\/www.florianschwinn.de\/wordpress"],"url":"https:\/\/www.florianschwinn.de\/wordpress\/author\/florianschwinn_wpkolum\/"}]}},"_links":{"self":[{"href":"https:\/\/www.florianschwinn.de\/wordpress\/wp-json\/wp\/v2\/posts\/455","targetHints":{"allow":["GET"]}}],"collection":[{"href":"https:\/\/www.florianschwinn.de\/wordpress\/wp-json\/wp\/v2\/posts"}],"about":[{"href":"https:\/\/www.florianschwinn.de\/wordpress\/wp-json\/wp\/v2\/types\/post"}],"author":[{"embeddable":true,"href":"https:\/\/www.florianschwinn.de\/wordpress\/wp-json\/wp\/v2\/users\/1"}],"replies":[{"embeddable":true,"href":"https:\/\/www.florianschwinn.de\/wordpress\/wp-json\/wp\/v2\/comments?post=455"}],"version-history":[{"count":2,"href":"https:\/\/www.florianschwinn.de\/wordpress\/wp-json\/wp\/v2\/posts\/455\/revisions"}],"predecessor-version":[{"id":833,"href":"https:\/\/www.florianschwinn.de\/wordpress\/wp-json\/wp\/v2\/posts\/455\/revisions\/833"}],"wp:attachment":[{"href":"https:\/\/www.florianschwinn.de\/wordpress\/wp-json\/wp\/v2\/media?parent=455"}],"wp:term":[{"taxonomy":"category","embeddable":true,"href":"https:\/\/www.florianschwinn.de\/wordpress\/wp-json\/wp\/v2\/categories?post=455"},{"taxonomy":"post_tag","embeddable":true,"href":"https:\/\/www.florianschwinn.de\/wordpress\/wp-json\/wp\/v2\/tags?post=455"}],"curies":[{"name":"wp","href":"https:\/\/api.w.org\/{rel}","templated":true}]}}