{"id":536,"date":"2021-07-22T07:13:01","date_gmt":"2021-07-22T06:13:01","guid":{"rendered":"https:\/\/www.florianschwinn.de\/wordpress\/?p=536"},"modified":"2021-09-05T17:16:52","modified_gmt":"2021-09-05T15:16:52","slug":"zukunft-agrarwende-ii","status":"publish","type":"post","link":"https:\/\/www.florianschwinn.de\/wordpress\/zukunft-agrarwende-ii\/","title":{"rendered":"Zukunft Agrarwende II"},"content":{"rendered":"\n<p><em>Vor zwei Wochen hat die Zukunftskommission Landwirtschaft der Bundeskanzlerin ihren Abschlussbericht \u00fcbergeben. Darin wird beschrieben, wie die Landwirtschaft in Deutschland zukunftsf\u00e4hig werden kann, also klimafreundlich und nachhaltig. \u201eEs ist ein sch\u00f6ner Packen f\u00fcr alle, die potenziell regierungsf\u00e4hig sein werden, die kommen daran nicht mehr vorbei\u201c, sagte Angela Merkel dazu.<\/em><\/p>\n\n\n\n<p>Kern des von drei\u00dfig Organisationsvertreterinnen und -vertretern aus Landwirtschaft, Ern\u00e4hrungswirtschaft und Naturschutz einstimmig verabschiedeten Papiers ist die \u201eGemeinsame Zukunftsvision der Landwirtschaft\u201c, erarbeitet von den Vorstandsfrauen der zwei an der Kommission beteiligten Jugendorganisationen \u00e4u\u00dferst unterschiedlicher Provenienz: von Landjugend und BUNDjugend.<\/p>\n\n\n\n<figure class=\"wp-block-image size-large\"><img loading=\"lazy\" decoding=\"async\" width=\"1024\" height=\"575\" src=\"https:\/\/www.florianschwinn.de\/wordpress\/wp-content\/uploads\/2021\/08\/LandwirtschaftLuftbild-Pascvii-1024x575.jpg\" alt=\"\" class=\"wp-image-767\" srcset=\"https:\/\/www.florianschwinn.de\/wordpress\/wp-content\/uploads\/2021\/08\/LandwirtschaftLuftbild-Pascvii-1024x575.jpg 1024w, https:\/\/www.florianschwinn.de\/wordpress\/wp-content\/uploads\/2021\/08\/LandwirtschaftLuftbild-Pascvii-300x169.jpg 300w, https:\/\/www.florianschwinn.de\/wordpress\/wp-content\/uploads\/2021\/08\/LandwirtschaftLuftbild-Pascvii-768x432.jpg 768w, https:\/\/www.florianschwinn.de\/wordpress\/wp-content\/uploads\/2021\/08\/LandwirtschaftLuftbild-Pascvii-1536x863.jpg 1536w, https:\/\/www.florianschwinn.de\/wordpress\/wp-content\/uploads\/2021\/08\/LandwirtschaftLuftbild-Pascvii.jpg 1920w\" sizes=\"auto, (max-width: 1024px) 100vw, 1024px\" \/><figcaption>Wie wird Landwirtschaft nachhaltig zukunftsf\u00e4hig? Jedenfalls nicht in ausger\u00e4umter Agrarsteppe. Wie es gehen kann, sagt die Zukunftskommission Landwirtschaft in ihrem Abschlussbericht. | Foto: Pascvii\/Pixabay <\/figcaption><\/figure>\n\n\n\n<p>S<strong>onderrolle Jugend<\/strong><\/p>\n\n\n\n<p>Hier spricht <strong>Kathrin Muus<\/strong>, die Vorsitzende des Bundes der Deutschen Landjugend BDL, \u00fcber ihre Zusammenarbeit mit Myriam Rapior vom Vorstand der BUNDjugend. Kathrin Muus hat Agrarwissenschaft studiert und ihren Master in Landwirtschafts- und Ern\u00e4hrungs\u00f6konomie gemacht. Sie arbeitet am Th\u00fcnen-Institut<sup class=\"modern-footnotes-footnote modern-footnotes-footnote--hover-on-desktop \" data-mfn=\"1\" data-mfn-post-scope=\"00000000000030bc0000000000000000_536\"><a href=\"javascript:void(0)\"  title=\"Das Th\u00fcnen-Institut ist die Forschungsreinrichtung des Bundeslandwirtschaftsministeriums mit mehreren Unterinstituten und Sitz in Braunschweig\"  role=\"button\" aria-pressed=\"false\" aria-describedby=\"mfn-content-00000000000030bc0000000000000000_536-1\">1<\/a><\/sup><span id=\"mfn-content-00000000000030bc0000000000000000_536-1\" role=\"tooltip\" class=\"modern-footnotes-footnote__note\" tabindex=\"0\" data-mfn=\"1\">Das Th\u00fcnen-Institut ist die Forschungsreinrichtung des Bundeslandwirtschaftsministeriums mit mehreren Unterinstituten und Sitz in Braunschweig<\/span> f\u00fcr Betriebswirtschaft. Ihr landwirtschaftlicher Hintergrund ist der elterliche Agrarbetrieb in Ostholstein, bestehend aus einem konventionell bewirtschafteten Hof mit 400 Hektar Ackerland und einem Holzhackschnitzelheizwerk, das Haushalte in Horsdorf bei L\u00fcbeck mit W\u00e4rme versorgt.<\/p>\n\n\n\n<p>?&nbsp;&nbsp;&nbsp;&nbsp;&nbsp;&nbsp;&nbsp; <strong>Kathrin Muus, a<\/strong>ls Sie in die Zukunftskommission Landwirtschaft berufen wurden, was war das f\u00fcr Sie: noch ein Gremium, in dem Sie sitzen, oder etwas Anderes als ihre bisherige politische Arbeit?<\/p>\n\n\n\n<p>!&nbsp;&nbsp;&nbsp;&nbsp;&nbsp;&nbsp;&nbsp;&nbsp; Das war etwas ganz Neues: eine Arbeit mit vielen Verbandsvertretern auf h\u00f6chster Ebene. Das war nicht irgendein Gremium, sondern etwas sehr Besonderes und Einmaliges, einberufen von der Bundesregierung. Da musste ich mich als Jugendverbandsvertreterin erstmal positionieren, und das ging Myriam Rapior von der BUNDjugend genauso. Hat aber gut geklappt, wir haben ja viel Geh\u00f6r gefunden.<\/p>\n\n\n\n<p>?&nbsp;&nbsp;&nbsp;&nbsp;&nbsp;&nbsp;&nbsp; War das von Anfang an so, oder mussten Sie sich erst Geh\u00f6r verschaffen?<\/p>\n\n\n\n<p>!&nbsp;&nbsp;&nbsp;&nbsp;&nbsp;&nbsp;&nbsp;&nbsp; In der Zukunftskommission hat man uns Jugendvertreterinnen von Anfang an beachtet. Ich war zuvor schon bei einigen Verb\u00e4ndeanh\u00f6rungen. Da ist das so, dass jeder sein Statement abgibt und dann ist\u2019s gut. In der Zukunftskommission hat der Vorsitzende Prof. Strohschneider den beiden Jugendverb\u00e4nden eine Sonderrolle zugeordnet. Er meinte, die Zukunft kann man nicht ohne die Generation er\u00f6rtern, die sie dann gestalten muss. Und diese Chance haben wir ergriffen.<\/p>\n\n\n\n<figure class=\"wp-block-image size-large\"><img loading=\"lazy\" decoding=\"async\" width=\"1024\" height=\"680\" src=\"https:\/\/www.florianschwinn.de\/wordpress\/wp-content\/uploads\/2021\/08\/KathrinMuus-BDL-Graeschke-1-1024x680.jpg\" alt=\"\" class=\"wp-image-782\" srcset=\"https:\/\/www.florianschwinn.de\/wordpress\/wp-content\/uploads\/2021\/08\/KathrinMuus-BDL-Graeschke-1-1024x680.jpg 1024w, https:\/\/www.florianschwinn.de\/wordpress\/wp-content\/uploads\/2021\/08\/KathrinMuus-BDL-Graeschke-1-300x199.jpg 300w, https:\/\/www.florianschwinn.de\/wordpress\/wp-content\/uploads\/2021\/08\/KathrinMuus-BDL-Graeschke-1-768x510.jpg 768w, https:\/\/www.florianschwinn.de\/wordpress\/wp-content\/uploads\/2021\/08\/KathrinMuus-BDL-Graeschke-1-1536x1020.jpg 1536w, https:\/\/www.florianschwinn.de\/wordpress\/wp-content\/uploads\/2021\/08\/KathrinMuus-BDL-Graeschke-1.jpg 2000w\" sizes=\"auto, (max-width: 1024px) 100vw, 1024px\" \/><figcaption>Ich habe es mir schwieriger vorgestellt, als es letztlich war&#8220;, sagt Landjugend-Vorsitzende Kathrin Muus \u00fcber ihre Zusammenarbeit mit der Jugendorganisation des Bundes f\u00fcr Umwelt und Naturschutz. | Foto: Gr\u00e4schke\/BDL <\/figcaption><\/figure>\n\n\n\n<p>?&nbsp;&nbsp;&nbsp;&nbsp;&nbsp;&nbsp;&nbsp; Und wie kam es dann zur konkreten Zusammenarbeit mit der BUNDjugend?<\/p>\n\n\n\n<p>!&nbsp;&nbsp;&nbsp;&nbsp;&nbsp;&nbsp;&nbsp;&nbsp; Das ging einerseits von uns Jugendvertreterinnen aus. Als ich in die Zukunftskommission berufen wurde, habe ich mich umgeschaut, ob noch andere Jugendverb\u00e4nde dabei sind. Das hat Myriam Rapior auch gemacht. Und dann haben wir uns zusammengetan und verabredet, im Sinne der jungen Generation zusammenzuarbeiten. Dass wir unterschiedliche Standorte vertreten, war ja aufgrund unseres verbandlichen Hintergrundes nicht zu \u00fcbersehen, aber nachdem wir uns verst\u00e4ndigt hatten, dass wir in der Kommission die Interessen der Jugend gemeinsam vertreten, wurde die Zusammenarbeit immer enger.<\/p>\n\n\n\n<p>?&nbsp;&nbsp;&nbsp;&nbsp;&nbsp;&nbsp;&nbsp; Dann kam aus der Zukunftskommission der Vorschlag, Sie beide sollten doch mal eine Zukunftsvision erarbeiten. Die Kommissionsmitglieder konnten nicht wissen, ob das klappt mit den beiden Jugendvertreterinnen. Es hat dann geklappt, Sie haben eine gemeinsame Zukunftsvision der Landwirtschaft entwickelt. Wie ging das?<\/p>\n\n\n\n<p>!&nbsp;&nbsp;&nbsp;&nbsp;&nbsp;&nbsp;&nbsp;&nbsp; Zuerst haben wir beide getrennt jeweils in unseren Verb\u00e4nden eine eigene Zukunftsvision erarbeitet. Und diese beiden unterschiedlichen Zukunftsbilder haben wir dann zusammengef\u00fchrt und dabei festgestellt, dass die ganz unterschiedlich gesetzten Schwerpunkte sich nicht etwa ausschlie\u00dfen, sondern erg\u00e4nzen. Wir haben bei der Zusammenf\u00fchrung der beiden Entw\u00fcrfe zu einem gemeinsamen Zukunftsbild viel diskutiert, aber ich habe mir das schwieriger vorgestellt, als es letztlich war.<\/p>\n\n\n\n<figure class=\"wp-block-image size-large\"><img loading=\"lazy\" decoding=\"async\" width=\"1024\" height=\"552\" src=\"https:\/\/www.florianschwinn.de\/wordpress\/wp-content\/uploads\/2021\/08\/ZKL-BundesregierungBergmann-1-1024x552.jpg\" alt=\"\" class=\"wp-image-772\" srcset=\"https:\/\/www.florianschwinn.de\/wordpress\/wp-content\/uploads\/2021\/08\/ZKL-BundesregierungBergmann-1-1024x552.jpg 1024w, https:\/\/www.florianschwinn.de\/wordpress\/wp-content\/uploads\/2021\/08\/ZKL-BundesregierungBergmann-1-300x162.jpg 300w, https:\/\/www.florianschwinn.de\/wordpress\/wp-content\/uploads\/2021\/08\/ZKL-BundesregierungBergmann-1-768x414.jpg 768w, https:\/\/www.florianschwinn.de\/wordpress\/wp-content\/uploads\/2021\/08\/ZKL-BundesregierungBergmann-1.jpg 1163w\" sizes=\"auto, (max-width: 1024px) 100vw, 1024px\" \/><figcaption>Die Jugendorganisationen vorlegen zu lassen war die Idee des Vorsitzenden: Prof. Peter Strohschneider bei der \u00dcbergabe des Abschlussberichts der Zukunftskommission Landwirstchaft, mit zugeschalteten Kommissionsmitgliedern. | Foto: Bergmann\/Bundesregierung <\/figcaption><\/figure>\n\n\n\n<p>V<strong>orbild Zusammenarbeit<\/strong><\/p>\n\n\n\n<p>?&nbsp;&nbsp;&nbsp;&nbsp;&nbsp;&nbsp;&nbsp; Was musste da zusammengebracht werden? Welche verschiedenen Schwerpunkte hatten Sie gesetzt?<\/p>\n\n\n\n<p>!&nbsp;&nbsp;&nbsp;&nbsp;&nbsp;&nbsp;&nbsp;&nbsp; Bei unserem Landjugend-Zukunftsbild ging es viel um den Landwirt als Unternehmer und um die betriebswirtschaftliche Perspektive und auch um die Ausbildung. Es ging im Prinzip darum, dass landwirtschaftliche Betriebe vielf\u00e4ltig aufgestellt sein sollen, auf eigenen Beinen stehen und aus eigener Kraft Zukunftsherausforderungen meistern k\u00f6nnen. Und der Schwerpunkt bei der BUNDjugend war unter anderem, dass die Landwirtschaft vermehrt Klima- und Biodiversit\u00e4ts-Leistungen erbringen soll.<\/p>\n\n\n\n<p>?&nbsp;&nbsp;&nbsp;&nbsp;&nbsp;&nbsp;&nbsp; Beim Zusammenf\u00fchren haben sich die beiden Zukunftsbilder quasi erg\u00e4nzt. In allen Punkten, oder knirschte es doch?<\/p>\n\n\n\n<p>!&nbsp;&nbsp;&nbsp;&nbsp;&nbsp;&nbsp;&nbsp;&nbsp; Es gab trotzdem harte Diskussionen. Zum Beispiel, als es um die Reduktion der Tierzahlen ging, oder beim Umgang mit D\u00fcnger und Pflanzenschutz. Aber am Ende haben wir uns zusammengerauft und in das gemeinsame Bild integriert, was der jeweils anderen wichtig war. Ich habe von Myriam Rapior die Umweltleistungen akzeptiert und Myriam bei mir die betriebswirtschaftliche Sicht. Es wurde von beiden Verb\u00e4nden nicht infrage gestellt, dass der Landwirt Geld verdienen soll und es wurde auch nicht infrage gestellt, dass mehr Biodiversit\u00e4ts- und Klima-Leistungen erbracht werden m\u00fcssen.<\/p>\n\n\n\n<p>?&nbsp;&nbsp;&nbsp;&nbsp;&nbsp;&nbsp;&nbsp; K\u00f6nnte Ihre Zusammenarbeit eine Blaupause f\u00fcr weitere Zusammenarbeit sein? K\u00f6nnten Bauernorganisationen und Naturschutz das auch so machen, wie Landjugend und BUNDjugend?<\/p>\n\n\n\n<p>!&nbsp;&nbsp;&nbsp;&nbsp;&nbsp;&nbsp;&nbsp;&nbsp; Ich glaube, dass das jetzt funktionieren k\u00f6nnte. Ohne Zukunftskommission w\u00e4re das schwieriger. Die Kommission hat sich selbst und uns Druck gemacht, eine zukunftsf\u00e4hige L\u00f6sung f\u00fcr alle Beteiligten zu pr\u00e4sentieren Es war eine einmalige Chance und es musste dabei etwas herauskommen. Deswegen waren wir gewisserma\u00dfen auch zur Zusammenarbeit gezwungen, wobei die immer fl\u00fcssiger wurde. Am Anfang waren wir alle noch skeptisch, aber nach und nach haben wir begonnen, uns gegenseitig zu vertrauen. Jetzt gibt es dieses Vertrauen als Basis f\u00fcr weiterer Zusammenarbeit. Die verschiedenen Standpunkte bleiben bestehen, aber wir haben jetzt erst einmal eine Einigung gefunden. Deren Umsetzung muss aber noch gestaltet werden.<\/p>\n\n\n\n<p>?&nbsp;&nbsp;&nbsp;&nbsp;&nbsp;&nbsp;&nbsp; Ich zitiere noch einmal, was ich schon an anderer Stelle aus der \u201eGemeinsamen Vision zur Zukunft der Landwirtschaft\u201c von Landjugend und BUNDjugend zitiert habe: \u201eDie Landwirtschaft tr\u00e4gt zum Umwelt- Natur- und Tierschutz bei. Durch regenerative Landnutzung wird die Gesundheit der Menschen und Tiere sowie die Qualit\u00e4t des Wassers, der B\u00f6den und der Luft erhalten und verbessert.\u201c Ist das f\u00fcr Sie erreichbar oder bleibt das im Vision\u00e4ren?<\/p>\n\n\n\n<p>!&nbsp;&nbsp;&nbsp;&nbsp;&nbsp;&nbsp;&nbsp;&nbsp; Ich glaube, dass das erreichbar ist! Nicht alles gleichzeitig und nicht zum selben Zeitpunkt \u00fcberall. F\u00fcr die Zukunftskommission war es einfach wichtig, dass wir ein Ziel haben. Wir wollten wissen, wo es hingehen soll. Und viele der Punkte, die wir in der Vision beschrieben haben, wurden dann ja auch im Abschlussbericht der Kommission an anderer Stelle aufgegriffen.<\/p>\n\n\n\n<p><strong>Zukunft Koalitionsvertrag<\/strong><\/p>\n\n\n\n<p>?&nbsp;&nbsp;&nbsp;&nbsp;&nbsp;&nbsp;&nbsp; Nun ist die Arbeit der Kommission von einigen Landwirten deutlich kritisiert worden. Die Ablehnung in den einschl\u00e4gigen Onlineforen war harsch. Wie haben Sie das wahrgenommen?<\/p>\n\n\n\n<p>!&nbsp;&nbsp;&nbsp;&nbsp;&nbsp;&nbsp;&nbsp;&nbsp; Ich habe das mitbekommen. Aber die Ablehnung ist meist lauter als die Zustimmung und in den Foren sind es eigentlich immer dieselben, die negativ kommentieren. Ich denke aber auch, dass wir da noch einige Aufkl\u00e4rungsarbeit zu leisten haben, denn viel Ablehnung scheint mir aus Unkenntnis zu kommen. Fairerweise muss man ja auch sagen, dass die Mitglieder der Zukunftskommission in einem mehrmonatigen Prozess zueinander gefunden haben. Ich glaube, wenn man den Kommissionsmitgliedern diesen Abschlussbericht vor einem Dreivierteljahr vorgelegt h\u00e4tte, dann w\u00e4re das Papier vermutlich ebenfalls auf Unverst\u00e4ndnis gesto\u00dfen. Und am Ende haben wir es dann einstimmig verabschiedet. Da m\u00fcssen wir also noch viel erkl\u00e4ren. Ich habe inzwischen aber auch viele Stimmen geh\u00f6rt, die den Kommissionsbericht positiv aufnehmen, weil endlich mal ein Ziel genannt ist. Der Weg dahin wird schwierig, wir haben aber auch keine Alternative. Nichts ist schlimmer als Nichtstun!<\/p>\n\n\n\n<p>?&nbsp;&nbsp;&nbsp;&nbsp;&nbsp;&nbsp;&nbsp; Wie bringen Sie jetzt das, was die Zukunftskommission Landwirtschaft erarbeitet hat, zur konkreten Umsetzung, sprich in die Politik?<\/p>\n\n\n\n<p>!&nbsp;&nbsp;&nbsp;&nbsp;&nbsp;&nbsp;&nbsp;&nbsp; Einerseits sind wir drei\u00dfig Verbandsvertreterinnen und -vertreter in der Kommission. Alle haben wir unsere Netzwerke und k\u00f6nnen die jetzt zum ersten Mal nutzen, um etwas Gemeinsames voranzubringen. F\u00fcr die Politik w\u00e4re es ja eigentlich eine vertane Chance, wenn sie unsere Vorlage nicht verwenden w\u00fcrde. Der zu folgen ist die einzige M\u00f6glichkeit, nicht wieder von allen Seiten angemeckert zu werden. Denn das ist ja ein Kompromiss, dem alle Seiten zugestimmt haben. Au\u00dferdem scheint mir die Kommissionsarbeit auch noch nicht ganz zu Ende zu sein. Wir haben zwar den Abschlussbericht abgegeben, es ist aber jetzt von einem Treffen im Herbst die Rede. Das w\u00e4re dann nach der Bundestagswahl. Dann sind die Wahlprogramme Geschichte und es geht um die Koalitionsverhandlungen. Bei denen m\u00fcssen unsere Vorschl\u00e4ge auf den Tisch, denn das, was dann im Koalitionsvertrag steht, das hat die besten Chancen, tats\u00e4chlich angegangen zu werden.<\/p>\n\n\n\n<hr class=\"wp-block-separator\"\/>\n\n\n\n<p>Der Abschlussbericht der Zukunftskommission Landwirtschaft: <a href=\"https:\/\/www.bmel.de\/SharedDocs\/Downloads\/DE\/_Landwirtschaft\/abschlussbericht-zukunftskommission-landwirtschaft.pdf?__blob=publicationFile&amp;v=2\">https:\/\/www.bmel.de\/SharedDocs\/Downloads\/DE\/_Landwirtschaft\/abschlussbericht-zukunftskommission-landwirtschaft.pdf?__blob=publicationFile&amp;v=2<\/a><\/p>\n\n\n\n<p>Die Gemeinsame Vision zur Zukunft der Landwirtschaft von Landjugend und BUNDjugend: <a href=\"https:\/\/www.landjugend.de\/fileadmin\/Redaktion\/Downloads\/Positionen\/2021_Zukunftsbild_BUNDjugend-BDL.PDF\">https:\/\/www.landjugend.de\/fileadmin\/Redaktion\/Downloads\/Positionen\/2021_Zukunftsbild_BUNDjugend-BDL.PDF<\/a><\/p>\n<ul class=\"modern-footnotes-list modern-footnotes-list--show-only-for-print\"><li><span>1<\/span><div>Das Th\u00fcnen-Institut ist die Forschungsreinrichtung des Bundeslandwirtschaftsministeriums mit mehreren Unterinstituten und Sitz in Braunschweig<\/div><\/li><\/ul>","protected":false},"excerpt":{"rendered":"<p>Vor zwei Wochen hat die Zukunftskommission Landwirtschaft der Bundeskanzlerin ihren Abschlussbericht \u00fcbergeben. Darin wird beschrieben, wie die Landwirtschaft in Deutschland zukunftsf\u00e4hig werden kann, also klimafreundlich und nachhaltig. \u201eEs ist ein sch\u00f6ner Packen f\u00fcr alle, die potenziell regierungsf\u00e4hig sein werden, die kommen daran nicht mehr vorbei\u201c, sagte Angela Merkel dazu. Kern des von drei\u00dfig Organisationsvertreterinnen und &#8230; <a title=\"Zukunft Agrarwende II\" class=\"read-more\" href=\"https:\/\/www.florianschwinn.de\/wordpress\/zukunft-agrarwende-ii\/\" aria-label=\"Mehr zu Zukunft Agrarwende II\">Weiterlesen &#8230;<\/a><\/p>\n","protected":false},"author":1,"featured_media":0,"comment_status":"closed","ping_status":"closed","sticky":false,"template":"","format":"standard","meta":{"footnotes":""},"categories":[8,49,3,2],"tags":[81],"class_list":["post-536","post","type-post","status-publish","format-standard","hentry","category-agrarpolitik","category-ernaehrung","category-landwirtschaft","category-tierhaltung","tag-agrarwende","infinite-scroll-item"],"yoast_head":"<!-- This site is optimized with the Yoast SEO plugin v27.5 - https:\/\/yoast.com\/product\/yoast-seo-wordpress\/ -->\n<title>Zukunft Agrarwende II - F\u00fchrerschein f\u00fcr Einkaufswagen<\/title>\n<meta name=\"robots\" content=\"index, follow, max-snippet:-1, max-image-preview:large, max-video-preview:-1\" \/>\n<link rel=\"canonical\" href=\"https:\/\/www.florianschwinn.de\/wordpress\/zukunft-agrarwende-ii\/\" \/>\n<meta property=\"og:locale\" content=\"de_DE\" \/>\n<meta property=\"og:type\" content=\"article\" \/>\n<meta property=\"og:title\" content=\"Zukunft Agrarwende II - F\u00fchrerschein f\u00fcr Einkaufswagen\" \/>\n<meta property=\"og:description\" content=\"Vor zwei Wochen hat die Zukunftskommission Landwirtschaft der Bundeskanzlerin ihren Abschlussbericht \u00fcbergeben. Darin wird beschrieben, wie die Landwirtschaft in Deutschland zukunftsf\u00e4hig werden kann, also klimafreundlich und nachhaltig. \u201eEs ist ein sch\u00f6ner Packen f\u00fcr alle, die potenziell regierungsf\u00e4hig sein werden, die kommen daran nicht mehr vorbei\u201c, sagte Angela Merkel dazu. Kern des von drei\u00dfig Organisationsvertreterinnen und ... Weiterlesen ...\" \/>\n<meta property=\"og:url\" content=\"https:\/\/www.florianschwinn.de\/wordpress\/zukunft-agrarwende-ii\/\" \/>\n<meta property=\"og:site_name\" content=\"F\u00fchrerschein f\u00fcr Einkaufswagen\" \/>\n<meta property=\"article:published_time\" content=\"2021-07-22T06:13:01+00:00\" \/>\n<meta property=\"article:modified_time\" content=\"2021-09-05T15:16:52+00:00\" \/>\n<meta property=\"og:image\" content=\"https:\/\/www.florianschwinn.de\/wordpress\/wp-content\/uploads\/2021\/08\/LandwirtschaftLuftbild-Pascvii-1024x575.jpg\" \/>\n<meta name=\"author\" content=\"Florian Schwinn\" \/>\n<meta name=\"twitter:card\" content=\"summary_large_image\" \/>\n<meta name=\"twitter:creator\" content=\"@Journaille\" \/>\n<meta name=\"twitter:site\" content=\"@Journaille\" \/>\n<meta name=\"twitter:label1\" content=\"Verfasst von\" \/>\n\t<meta name=\"twitter:data1\" content=\"Florian Schwinn\" \/>\n\t<meta name=\"twitter:label2\" content=\"Gesch\u00e4tzte Lesezeit\" \/>\n\t<meta name=\"twitter:data2\" content=\"8\u00a0Minuten\" \/>\n<script type=\"application\/ld+json\" class=\"yoast-schema-graph\">{\"@context\":\"https:\\\/\\\/schema.org\",\"@graph\":[{\"@type\":\"Article\",\"@id\":\"https:\\\/\\\/www.florianschwinn.de\\\/wordpress\\\/zukunft-agrarwende-ii\\\/#article\",\"isPartOf\":{\"@id\":\"https:\\\/\\\/www.florianschwinn.de\\\/wordpress\\\/zukunft-agrarwende-ii\\\/\"},\"author\":{\"name\":\"Florian Schwinn\",\"@id\":\"https:\\\/\\\/www.florianschwinn.de\\\/wordpress\\\/#\\\/schema\\\/person\\\/79b5d182d53386a59defbc7c19766aae\"},\"headline\":\"Zukunft Agrarwende II\",\"datePublished\":\"2021-07-22T06:13:01+00:00\",\"dateModified\":\"2021-09-05T15:16:52+00:00\",\"mainEntityOfPage\":{\"@id\":\"https:\\\/\\\/www.florianschwinn.de\\\/wordpress\\\/zukunft-agrarwende-ii\\\/\"},\"wordCount\":1640,\"publisher\":{\"@id\":\"https:\\\/\\\/www.florianschwinn.de\\\/wordpress\\\/#organization\"},\"image\":{\"@id\":\"https:\\\/\\\/www.florianschwinn.de\\\/wordpress\\\/zukunft-agrarwende-ii\\\/#primaryimage\"},\"thumbnailUrl\":\"https:\\\/\\\/www.florianschwinn.de\\\/wordpress\\\/wp-content\\\/uploads\\\/2021\\\/08\\\/LandwirtschaftLuftbild-Pascvii-1024x575.jpg\",\"keywords\":[\"Agrarwende\"],\"articleSection\":[\"Agrarpolitik\",\"Ern\u00e4hrung\",\"Landwirtschaft\",\"Tierhaltung\"],\"inLanguage\":\"de\"},{\"@type\":\"WebPage\",\"@id\":\"https:\\\/\\\/www.florianschwinn.de\\\/wordpress\\\/zukunft-agrarwende-ii\\\/\",\"url\":\"https:\\\/\\\/www.florianschwinn.de\\\/wordpress\\\/zukunft-agrarwende-ii\\\/\",\"name\":\"Zukunft Agrarwende II - F\u00fchrerschein f\u00fcr Einkaufswagen\",\"isPartOf\":{\"@id\":\"https:\\\/\\\/www.florianschwinn.de\\\/wordpress\\\/#website\"},\"primaryImageOfPage\":{\"@id\":\"https:\\\/\\\/www.florianschwinn.de\\\/wordpress\\\/zukunft-agrarwende-ii\\\/#primaryimage\"},\"image\":{\"@id\":\"https:\\\/\\\/www.florianschwinn.de\\\/wordpress\\\/zukunft-agrarwende-ii\\\/#primaryimage\"},\"thumbnailUrl\":\"https:\\\/\\\/www.florianschwinn.de\\\/wordpress\\\/wp-content\\\/uploads\\\/2021\\\/08\\\/LandwirtschaftLuftbild-Pascvii-1024x575.jpg\",\"datePublished\":\"2021-07-22T06:13:01+00:00\",\"dateModified\":\"2021-09-05T15:16:52+00:00\",\"breadcrumb\":{\"@id\":\"https:\\\/\\\/www.florianschwinn.de\\\/wordpress\\\/zukunft-agrarwende-ii\\\/#breadcrumb\"},\"inLanguage\":\"de\",\"potentialAction\":[{\"@type\":\"ReadAction\",\"target\":[\"https:\\\/\\\/www.florianschwinn.de\\\/wordpress\\\/zukunft-agrarwende-ii\\\/\"]}]},{\"@type\":\"ImageObject\",\"inLanguage\":\"de\",\"@id\":\"https:\\\/\\\/www.florianschwinn.de\\\/wordpress\\\/zukunft-agrarwende-ii\\\/#primaryimage\",\"url\":\"https:\\\/\\\/www.florianschwinn.de\\\/wordpress\\\/wp-content\\\/uploads\\\/2021\\\/08\\\/LandwirtschaftLuftbild-Pascvii.jpg\",\"contentUrl\":\"https:\\\/\\\/www.florianschwinn.de\\\/wordpress\\\/wp-content\\\/uploads\\\/2021\\\/08\\\/LandwirtschaftLuftbild-Pascvii.jpg\",\"width\":1920,\"height\":1079},{\"@type\":\"BreadcrumbList\",\"@id\":\"https:\\\/\\\/www.florianschwinn.de\\\/wordpress\\\/zukunft-agrarwende-ii\\\/#breadcrumb\",\"itemListElement\":[{\"@type\":\"ListItem\",\"position\":1,\"name\":\"Startseite\",\"item\":\"https:\\\/\\\/www.florianschwinn.de\\\/wordpress\\\/\"},{\"@type\":\"ListItem\",\"position\":2,\"name\":\"Zukunft Agrarwende II\"}]},{\"@type\":\"WebSite\",\"@id\":\"https:\\\/\\\/www.florianschwinn.de\\\/wordpress\\\/#website\",\"url\":\"https:\\\/\\\/www.florianschwinn.de\\\/wordpress\\\/\",\"name\":\"F\u00fchrerschein f\u00fcr Einkaufswagen\",\"description\":\"Hintergrundwissen f\u00fcr bewussten Konsum\",\"publisher\":{\"@id\":\"https:\\\/\\\/www.florianschwinn.de\\\/wordpress\\\/#organization\"},\"potentialAction\":[{\"@type\":\"SearchAction\",\"target\":{\"@type\":\"EntryPoint\",\"urlTemplate\":\"https:\\\/\\\/www.florianschwinn.de\\\/wordpress\\\/?s={search_term_string}\"},\"query-input\":{\"@type\":\"PropertyValueSpecification\",\"valueRequired\":true,\"valueName\":\"search_term_string\"}}],\"inLanguage\":\"de\"},{\"@type\":\"Organization\",\"@id\":\"https:\\\/\\\/www.florianschwinn.de\\\/wordpress\\\/#organization\",\"name\":\"F\u00fchrerschein f\u00fcr Einkaufswagen\",\"url\":\"https:\\\/\\\/www.florianschwinn.de\\\/wordpress\\\/\",\"logo\":{\"@type\":\"ImageObject\",\"inLanguage\":\"de\",\"@id\":\"https:\\\/\\\/www.florianschwinn.de\\\/wordpress\\\/#\\\/schema\\\/logo\\\/image\\\/\",\"url\":\"https:\\\/\\\/www.florianschwinn.de\\\/wordpress\\\/wp-content\\\/uploads\\\/2021\\\/08\\\/PodcastCover-scaled.jpg\",\"contentUrl\":\"https:\\\/\\\/www.florianschwinn.de\\\/wordpress\\\/wp-content\\\/uploads\\\/2021\\\/08\\\/PodcastCover-scaled.jpg\",\"width\":2560,\"height\":2560,\"caption\":\"F\u00fchrerschein f\u00fcr Einkaufswagen\"},\"image\":{\"@id\":\"https:\\\/\\\/www.florianschwinn.de\\\/wordpress\\\/#\\\/schema\\\/logo\\\/image\\\/\"},\"sameAs\":[\"https:\\\/\\\/x.com\\\/Journaille\"]},{\"@type\":\"Person\",\"@id\":\"https:\\\/\\\/www.florianschwinn.de\\\/wordpress\\\/#\\\/schema\\\/person\\\/79b5d182d53386a59defbc7c19766aae\",\"name\":\"Florian Schwinn\",\"image\":{\"@type\":\"ImageObject\",\"inLanguage\":\"de\",\"@id\":\"https:\\\/\\\/secure.gravatar.com\\\/avatar\\\/015c7bb04f4a6b87161c1c34a5fa9dee51f9903ee033683f3fce49e1db8df547?s=96&d=mm&r=g\",\"url\":\"https:\\\/\\\/secure.gravatar.com\\\/avatar\\\/015c7bb04f4a6b87161c1c34a5fa9dee51f9903ee033683f3fce49e1db8df547?s=96&d=mm&r=g\",\"contentUrl\":\"https:\\\/\\\/secure.gravatar.com\\\/avatar\\\/015c7bb04f4a6b87161c1c34a5fa9dee51f9903ee033683f3fce49e1db8df547?s=96&d=mm&r=g\",\"caption\":\"Florian Schwinn\"},\"sameAs\":[\"https:\\\/\\\/www.florianschwinn.de\\\/wordpress\"],\"url\":\"https:\\\/\\\/www.florianschwinn.de\\\/wordpress\\\/author\\\/florianschwinn_wpkolum\\\/\"}]}<\/script>\n<!-- \/ Yoast SEO plugin. -->","yoast_head_json":{"title":"Zukunft Agrarwende II - F\u00fchrerschein f\u00fcr Einkaufswagen","robots":{"index":"index","follow":"follow","max-snippet":"max-snippet:-1","max-image-preview":"max-image-preview:large","max-video-preview":"max-video-preview:-1"},"canonical":"https:\/\/www.florianschwinn.de\/wordpress\/zukunft-agrarwende-ii\/","og_locale":"de_DE","og_type":"article","og_title":"Zukunft Agrarwende II - F\u00fchrerschein f\u00fcr Einkaufswagen","og_description":"Vor zwei Wochen hat die Zukunftskommission Landwirtschaft der Bundeskanzlerin ihren Abschlussbericht \u00fcbergeben. Darin wird beschrieben, wie die Landwirtschaft in Deutschland zukunftsf\u00e4hig werden kann, also klimafreundlich und nachhaltig. \u201eEs ist ein sch\u00f6ner Packen f\u00fcr alle, die potenziell regierungsf\u00e4hig sein werden, die kommen daran nicht mehr vorbei\u201c, sagte Angela Merkel dazu. Kern des von drei\u00dfig Organisationsvertreterinnen und ... Weiterlesen ...","og_url":"https:\/\/www.florianschwinn.de\/wordpress\/zukunft-agrarwende-ii\/","og_site_name":"F\u00fchrerschein f\u00fcr Einkaufswagen","article_published_time":"2021-07-22T06:13:01+00:00","article_modified_time":"2021-09-05T15:16:52+00:00","og_image":[{"url":"https:\/\/www.florianschwinn.de\/wordpress\/wp-content\/uploads\/2021\/08\/LandwirtschaftLuftbild-Pascvii-1024x575.jpg","type":"","width":"","height":""}],"author":"Florian Schwinn","twitter_card":"summary_large_image","twitter_creator":"@Journaille","twitter_site":"@Journaille","twitter_misc":{"Verfasst von":"Florian Schwinn","Gesch\u00e4tzte Lesezeit":"8\u00a0Minuten"},"schema":{"@context":"https:\/\/schema.org","@graph":[{"@type":"Article","@id":"https:\/\/www.florianschwinn.de\/wordpress\/zukunft-agrarwende-ii\/#article","isPartOf":{"@id":"https:\/\/www.florianschwinn.de\/wordpress\/zukunft-agrarwende-ii\/"},"author":{"name":"Florian Schwinn","@id":"https:\/\/www.florianschwinn.de\/wordpress\/#\/schema\/person\/79b5d182d53386a59defbc7c19766aae"},"headline":"Zukunft Agrarwende II","datePublished":"2021-07-22T06:13:01+00:00","dateModified":"2021-09-05T15:16:52+00:00","mainEntityOfPage":{"@id":"https:\/\/www.florianschwinn.de\/wordpress\/zukunft-agrarwende-ii\/"},"wordCount":1640,"publisher":{"@id":"https:\/\/www.florianschwinn.de\/wordpress\/#organization"},"image":{"@id":"https:\/\/www.florianschwinn.de\/wordpress\/zukunft-agrarwende-ii\/#primaryimage"},"thumbnailUrl":"https:\/\/www.florianschwinn.de\/wordpress\/wp-content\/uploads\/2021\/08\/LandwirtschaftLuftbild-Pascvii-1024x575.jpg","keywords":["Agrarwende"],"articleSection":["Agrarpolitik","Ern\u00e4hrung","Landwirtschaft","Tierhaltung"],"inLanguage":"de"},{"@type":"WebPage","@id":"https:\/\/www.florianschwinn.de\/wordpress\/zukunft-agrarwende-ii\/","url":"https:\/\/www.florianschwinn.de\/wordpress\/zukunft-agrarwende-ii\/","name":"Zukunft Agrarwende II - F\u00fchrerschein f\u00fcr Einkaufswagen","isPartOf":{"@id":"https:\/\/www.florianschwinn.de\/wordpress\/#website"},"primaryImageOfPage":{"@id":"https:\/\/www.florianschwinn.de\/wordpress\/zukunft-agrarwende-ii\/#primaryimage"},"image":{"@id":"https:\/\/www.florianschwinn.de\/wordpress\/zukunft-agrarwende-ii\/#primaryimage"},"thumbnailUrl":"https:\/\/www.florianschwinn.de\/wordpress\/wp-content\/uploads\/2021\/08\/LandwirtschaftLuftbild-Pascvii-1024x575.jpg","datePublished":"2021-07-22T06:13:01+00:00","dateModified":"2021-09-05T15:16:52+00:00","breadcrumb":{"@id":"https:\/\/www.florianschwinn.de\/wordpress\/zukunft-agrarwende-ii\/#breadcrumb"},"inLanguage":"de","potentialAction":[{"@type":"ReadAction","target":["https:\/\/www.florianschwinn.de\/wordpress\/zukunft-agrarwende-ii\/"]}]},{"@type":"ImageObject","inLanguage":"de","@id":"https:\/\/www.florianschwinn.de\/wordpress\/zukunft-agrarwende-ii\/#primaryimage","url":"https:\/\/www.florianschwinn.de\/wordpress\/wp-content\/uploads\/2021\/08\/LandwirtschaftLuftbild-Pascvii.jpg","contentUrl":"https:\/\/www.florianschwinn.de\/wordpress\/wp-content\/uploads\/2021\/08\/LandwirtschaftLuftbild-Pascvii.jpg","width":1920,"height":1079},{"@type":"BreadcrumbList","@id":"https:\/\/www.florianschwinn.de\/wordpress\/zukunft-agrarwende-ii\/#breadcrumb","itemListElement":[{"@type":"ListItem","position":1,"name":"Startseite","item":"https:\/\/www.florianschwinn.de\/wordpress\/"},{"@type":"ListItem","position":2,"name":"Zukunft Agrarwende II"}]},{"@type":"WebSite","@id":"https:\/\/www.florianschwinn.de\/wordpress\/#website","url":"https:\/\/www.florianschwinn.de\/wordpress\/","name":"F\u00fchrerschein f\u00fcr Einkaufswagen","description":"Hintergrundwissen f\u00fcr bewussten Konsum","publisher":{"@id":"https:\/\/www.florianschwinn.de\/wordpress\/#organization"},"potentialAction":[{"@type":"SearchAction","target":{"@type":"EntryPoint","urlTemplate":"https:\/\/www.florianschwinn.de\/wordpress\/?s={search_term_string}"},"query-input":{"@type":"PropertyValueSpecification","valueRequired":true,"valueName":"search_term_string"}}],"inLanguage":"de"},{"@type":"Organization","@id":"https:\/\/www.florianschwinn.de\/wordpress\/#organization","name":"F\u00fchrerschein f\u00fcr Einkaufswagen","url":"https:\/\/www.florianschwinn.de\/wordpress\/","logo":{"@type":"ImageObject","inLanguage":"de","@id":"https:\/\/www.florianschwinn.de\/wordpress\/#\/schema\/logo\/image\/","url":"https:\/\/www.florianschwinn.de\/wordpress\/wp-content\/uploads\/2021\/08\/PodcastCover-scaled.jpg","contentUrl":"https:\/\/www.florianschwinn.de\/wordpress\/wp-content\/uploads\/2021\/08\/PodcastCover-scaled.jpg","width":2560,"height":2560,"caption":"F\u00fchrerschein f\u00fcr Einkaufswagen"},"image":{"@id":"https:\/\/www.florianschwinn.de\/wordpress\/#\/schema\/logo\/image\/"},"sameAs":["https:\/\/x.com\/Journaille"]},{"@type":"Person","@id":"https:\/\/www.florianschwinn.de\/wordpress\/#\/schema\/person\/79b5d182d53386a59defbc7c19766aae","name":"Florian Schwinn","image":{"@type":"ImageObject","inLanguage":"de","@id":"https:\/\/secure.gravatar.com\/avatar\/015c7bb04f4a6b87161c1c34a5fa9dee51f9903ee033683f3fce49e1db8df547?s=96&d=mm&r=g","url":"https:\/\/secure.gravatar.com\/avatar\/015c7bb04f4a6b87161c1c34a5fa9dee51f9903ee033683f3fce49e1db8df547?s=96&d=mm&r=g","contentUrl":"https:\/\/secure.gravatar.com\/avatar\/015c7bb04f4a6b87161c1c34a5fa9dee51f9903ee033683f3fce49e1db8df547?s=96&d=mm&r=g","caption":"Florian Schwinn"},"sameAs":["https:\/\/www.florianschwinn.de\/wordpress"],"url":"https:\/\/www.florianschwinn.de\/wordpress\/author\/florianschwinn_wpkolum\/"}]}},"_links":{"self":[{"href":"https:\/\/www.florianschwinn.de\/wordpress\/wp-json\/wp\/v2\/posts\/536","targetHints":{"allow":["GET"]}}],"collection":[{"href":"https:\/\/www.florianschwinn.de\/wordpress\/wp-json\/wp\/v2\/posts"}],"about":[{"href":"https:\/\/www.florianschwinn.de\/wordpress\/wp-json\/wp\/v2\/types\/post"}],"author":[{"embeddable":true,"href":"https:\/\/www.florianschwinn.de\/wordpress\/wp-json\/wp\/v2\/users\/1"}],"replies":[{"embeddable":true,"href":"https:\/\/www.florianschwinn.de\/wordpress\/wp-json\/wp\/v2\/comments?post=536"}],"version-history":[{"count":10,"href":"https:\/\/www.florianschwinn.de\/wordpress\/wp-json\/wp\/v2\/posts\/536\/revisions"}],"predecessor-version":[{"id":1025,"href":"https:\/\/www.florianschwinn.de\/wordpress\/wp-json\/wp\/v2\/posts\/536\/revisions\/1025"}],"wp:attachment":[{"href":"https:\/\/www.florianschwinn.de\/wordpress\/wp-json\/wp\/v2\/media?parent=536"}],"wp:term":[{"taxonomy":"category","embeddable":true,"href":"https:\/\/www.florianschwinn.de\/wordpress\/wp-json\/wp\/v2\/categories?post=536"},{"taxonomy":"post_tag","embeddable":true,"href":"https:\/\/www.florianschwinn.de\/wordpress\/wp-json\/wp\/v2\/tags?post=536"}],"curies":[{"name":"wp","href":"https:\/\/api.w.org\/{rel}","templated":true}]}}